{"id":295,"date":"2012-04-20T13:20:43","date_gmt":"2012-04-20T12:20:43","guid":{"rendered":"http:\/\/blogs.diariosur.es\/blogmalayo\/?p=295"},"modified":"2012-04-20T13:20:43","modified_gmt":"2012-04-20T12:20:43","slug":"el-rey-no-vendra","status":"publish","type":"post","link":"https:\/\/blogs.diariosur.es\/blogmalayo\/2012\/04\/20\/el-rey-no-vendra\/","title":{"rendered":"El Rey no vendr\u00e1"},"content":{"rendered":"<p>El gusto del Rey por Mallorca como \u00fanico lugar de vacaciones, al menos de sus vacaciones de verano o, quiz\u00e1s sea m\u00e1s correcto decir, de sus vacaciones p\u00fablicas, nunca cay\u00f3 bien en Marbella, donde vecinos y empresarios se preguntan una y otra vez qu\u00e9 hay que hacer para que el monarca se deje ver por la ciudad.<br \/>\nNo ha hay caso: no viene ni cuando le toca\u00a0 \u2013le tocaba con la visita de Michelle Obama, pero la hizo viajar hasta Palma solo para comer\u2013 o viene y no se deja ver, como cuando se reuni\u00f3 con el rey Fahd en la \u00faltima visita de \u00e9ste, una entrevista de la que solo se guarda recuerdo por una foto filtrada por la Casa Real saud\u00ed.<br \/>\nDon Juan Carlos no es el \u00fanico representante institucional que considera equivocadamente que una visita a Marbella atentar\u00eda contra su imagen. Solo es el m\u00e1s importante. En la ciudad no es raro ver a Felipe Gonz\u00e1lez, a Jos\u00e9 Mar\u00eda Aznar o a Rodr\u00edguez Zapatero. Pero ahora que ya est\u00e1n retirados, porque cuando eran presidentes venir no se les pasaba por la cabeza. Como al Rey se le ha visto esta semana m\u00e1s cerca que nunca de la abdicaci\u00f3n, hubo quien especul\u00f3 con\u00a0 que si daba el paso de abandonar sus obligaciones institucionales s\u00ed ser\u00eda posible verlo en Marbella. Pero no. El pa\u00eds no est\u00e1 para una abdicaci\u00f3n, que es como se llama a la dimisi\u00f3n real, y Don Juan Carlos ha preferido pedir disculpas y prometer que no volver\u00e1 a ocurrir.<br \/>\nSi los reyes aceptaran preguntas quiz\u00e1s alguien le hubiese rogado una aclaraci\u00f3n: \u00bfQu\u00e9 es exactamente lo que no volver\u00e1 a hacer? \u00bfIrse sin avisar a cazar? \u00bfIrse sin avisar a cazar un especie en peligro? \u00bfIrse sin avisar a cazar una especie en peligro en un viaje pagado por un empresario? \u00bfIrse sin avisar a cazar una especie en peligro en un viaje pagado por un empresario extranjero? \u00bfIrse sin avisar a cazar una especie en peligro en un viaje pagado por un empresario extranjero mientras el Gobierno pide e impone sacrificios a los ciudadanos? \u00bfO\u00a0 todo lo anterior y adem\u00e1s\u00a0 sufrir un desafortunado accidente que lo deje en evidencia?<br \/>\nNo sabemos exactamente por qu\u00e9 se ha disculpado, ni qu\u00e9 es lo que no volver\u00e1 a ocurrir, pero al menos s\u00ed sabemos que se ha disculpado, y el gesto de las disculpas (tan inusual en nuestra vida institucional), delata que de momento no habr\u00e1 abdicaci\u00f3n. Don Juan Carlos seguir\u00e1 en activo, y por lo tanto sin venir a Marbella.<\/p>\n","protected":false},"excerpt":{"rendered":"<p>El gusto del Rey por Mallorca como \u00fanico lugar de vacaciones, al menos de sus vacaciones de verano o, quiz\u00e1s sea m\u00e1s correcto decir, de sus vacaciones p\u00fablicas, nunca cay\u00f3 bien en Marbella, donde vecinos y empresarios se preguntan una y otra vez qu\u00e9 hay que hacer para que el monarca se deje ver por [&hellip;]<\/p>\n","protected":false},"author":37,"featured_media":0,"comment_status":"open","ping_status":"closed","sticky":false,"template":"","format":"standard","meta":[],"categories":[3],"tags":[],"_links":{"self":[{"href":"https:\/\/blogs.diariosur.es\/blogmalayo\/wp-json\/wp\/v2\/posts\/295"}],"collection":[{"href":"https:\/\/blogs.diariosur.es\/blogmalayo\/wp-json\/wp\/v2\/posts"}],"about":[{"href":"https:\/\/blogs.diariosur.es\/blogmalayo\/wp-json\/wp\/v2\/types\/post"}],"author":[{"embeddable":true,"href":"https:\/\/blogs.diariosur.es\/blogmalayo\/wp-json\/wp\/v2\/users\/37"}],"replies":[{"embeddable":true,"href":"https:\/\/blogs.diariosur.es\/blogmalayo\/wp-json\/wp\/v2\/comments?post=295"}],"version-history":[{"count":0,"href":"https:\/\/blogs.diariosur.es\/blogmalayo\/wp-json\/wp\/v2\/posts\/295\/revisions"}],"wp:attachment":[{"href":"https:\/\/blogs.diariosur.es\/blogmalayo\/wp-json\/wp\/v2\/media?parent=295"}],"wp:term":[{"taxonomy":"category","embeddable":true,"href":"https:\/\/blogs.diariosur.es\/blogmalayo\/wp-json\/wp\/v2\/categories?post=295"},{"taxonomy":"post_tag","embeddable":true,"href":"https:\/\/blogs.diariosur.es\/blogmalayo\/wp-json\/wp\/v2\/tags?post=295"}],"curies":[{"name":"wp","href":"https:\/\/api.w.org\/{rel}","templated":true}]}}