{"id":298,"date":"2012-05-07T10:05:55","date_gmt":"2012-05-07T09:05:55","guid":{"rendered":"http:\/\/blogs.diariosur.es\/blogmalayo\/?p=298"},"modified":"2012-05-07T10:05:55","modified_gmt":"2012-05-07T09:05:55","slug":"marbella-ante-el-nuevo-consejero-de-turismo","status":"publish","type":"post","link":"https:\/\/blogs.diariosur.es\/blogmalayo\/2012\/05\/07\/marbella-ante-el-nuevo-consejero-de-turismo\/","title":{"rendered":"Marbella ante el nuevo consejero de Turismo"},"content":{"rendered":"<p>Bast\u00f3 conocerse que Izquierda Unida controlar\u00eda la Consejer\u00eda de Turismo para que afloraran temores at\u00e1vicos. Muchos de quienes recordaron prejuicios de algunos dirigentes de IU frente a la clase de turismo en la que Marbella destaca mostraron prejuicios de factura propia, olvidando la l\u00f3gica de que si el comunismo est\u00e1 agotado el macartismo debe estarlo tambi\u00e9n.<br \/>\nM\u00e1s all\u00e1 de las reservas ideol\u00f3gicas que leg\u00edtimamente cualquiera tiene derecho a mantener en relaci\u00f3n con la adscripci\u00f3n del nuevo consejero, no deber\u00eda olvidarse que la fuerza a la que pertenece ha estado siempre en primera l\u00ednea frente al vaciamiento y el cierre\u00a0 de los hoteles de cinco estrellas de Marbella y en defensa de sus puestos de trabajo. No es mal punto de partida.<br \/>\nPor eso, alguien deber\u00eda explicar por qu\u00e9 alguien de IU al frente de Turismo va a ser peor para la Costa del Sol que alguien del PSOE.<br \/>\nEl nuevo consejero merece una oportunidad al margen de prejuicios. Y lo inteligente es d\u00e1rsela.<\/p>\n","protected":false},"excerpt":{"rendered":"<p>Bast\u00f3 conocerse que Izquierda Unida controlar\u00eda la Consejer\u00eda de Turismo para que afloraran temores at\u00e1vicos. Muchos de quienes recordaron prejuicios de algunos dirigentes de IU frente a la clase de turismo en la que Marbella destaca mostraron prejuicios de factura propia, olvidando la l\u00f3gica de que si el comunismo est\u00e1 agotado el macartismo debe estarlo [&hellip;]<\/p>\n","protected":false},"author":37,"featured_media":0,"comment_status":"open","ping_status":"closed","sticky":false,"template":"","format":"standard","meta":[],"categories":[3],"tags":[],"_links":{"self":[{"href":"https:\/\/blogs.diariosur.es\/blogmalayo\/wp-json\/wp\/v2\/posts\/298"}],"collection":[{"href":"https:\/\/blogs.diariosur.es\/blogmalayo\/wp-json\/wp\/v2\/posts"}],"about":[{"href":"https:\/\/blogs.diariosur.es\/blogmalayo\/wp-json\/wp\/v2\/types\/post"}],"author":[{"embeddable":true,"href":"https:\/\/blogs.diariosur.es\/blogmalayo\/wp-json\/wp\/v2\/users\/37"}],"replies":[{"embeddable":true,"href":"https:\/\/blogs.diariosur.es\/blogmalayo\/wp-json\/wp\/v2\/comments?post=298"}],"version-history":[{"count":0,"href":"https:\/\/blogs.diariosur.es\/blogmalayo\/wp-json\/wp\/v2\/posts\/298\/revisions"}],"wp:attachment":[{"href":"https:\/\/blogs.diariosur.es\/blogmalayo\/wp-json\/wp\/v2\/media?parent=298"}],"wp:term":[{"taxonomy":"category","embeddable":true,"href":"https:\/\/blogs.diariosur.es\/blogmalayo\/wp-json\/wp\/v2\/categories?post=298"},{"taxonomy":"post_tag","embeddable":true,"href":"https:\/\/blogs.diariosur.es\/blogmalayo\/wp-json\/wp\/v2\/tags?post=298"}],"curies":[{"name":"wp","href":"https:\/\/api.w.org\/{rel}","templated":true}]}}