{"id":305,"date":"2012-05-21T10:36:33","date_gmt":"2012-05-21T09:36:33","guid":{"rendered":"http:\/\/blogs.diariosur.es\/blogmalayo\/?p=305"},"modified":"2012-05-21T10:36:33","modified_gmt":"2012-05-21T09:36:33","slug":"marketing-politica-y-casares","status":"publish","type":"post","link":"https:\/\/blogs.diariosur.es\/blogmalayo\/2012\/05\/21\/marketing-politica-y-casares\/","title":{"rendered":"Marketing, pol\u00edtica y Casares"},"content":{"rendered":"<p>Ahora que tenemos motivos para quejarnos de que el poder financiero ha invadido \u00e1mbitos de decisi\u00f3n que deber\u00edan corresponder a la pol\u00edtica es buen momento para recordar que hace tiempo que la pol\u00edtica sufri\u00f3 la invasi\u00f3n consentida del marketing, una disciplina que deber\u00eda ser auxiliar pero que ante la falta de ideas, de convicciones y de valores se ha acabado convirtiendo en el n\u00facleo de la preocupaci\u00f3n y ocupaci\u00f3n de la mayor\u00eda de quienes se dedican a la cuesti\u00f3n p\u00fablica.<\/p>\n<p>Comenzaron pregunt\u00e1ndose c\u00f3mo vender un mensaje y acabaron creyendo que todo el problema se reduce a la imagen, y no a las ideas o\u00a0 los valores que subyacen detr\u00e1s de esa imagen. Basta con repasar muchas de las reacciones a las que hemos asistido tras los hechos de Casares: la alcaldesa, preocupada por la imagen que los periodistas estaban transmitiendo de su pueblo, sobredimensionando, seg\u00fan parece, el hecho banal de que el Ayuntamiento estaba siendo sometido a un registro policial; los concejales de la oposici\u00f3n, manifestando su preocupaci\u00f3n por la imagen que iba a proyectar su pueblo a causa de esta operaci\u00f3n, no porque la imagen fuese el reflejo de una situaci\u00f3n por la que hab\u00eda que preocuparse; la agrupaci\u00f3n local de Izquierda Unida, atribuyendo todo el asunto a una campa\u00f1a medi\u00e1tica contra el exalcalde Juan S\u00e1nchez, como si su encarcelamiento fuese fruto de la afiebrada imaginaci\u00f3n de un cronista.Posturas todas salidas de una concepci\u00f3n marketinera de la pol\u00edtica, una actividad que parece definitivamente instalada m\u00e1s all\u00e1 de la epidermis ante la falta de ideas, valores y hasta de\u00a0 sue\u00f1os.<\/p>\n<p>La actitud que la alcaldesa de Casares y muchos de sus compa\u00f1eros de IU hacia quienes informaban del caso ha sido tan agresiva, tan absurda en su estrategia de negar la evidencia de los hechos, tan n\u00edtida a la hora de exhibir la debilidad de sus convicciones democr\u00e1ticas y tan burda en su mal disimulada estrategia de defender\u00a0 atacando que casi podr\u00eda haberse le\u00eddo como una confesi\u00f3n colectiva. El derecho de Juan S\u00e1nchez a la presunci\u00f3n de inocencia -avalado, debe decirse, por una trayectoria de 30 a\u00f1os- no\u00a0 merec\u00eda defensores tan torpes.<\/p>\n<p>Si el caso de Casares hubiese estallado algunos a\u00f1os atr\u00e1s en los programas de televisi\u00f3n se las hubiesen ingeniado para que el nombre de Marbella apareciera por alg\u00fan lado. Casares est\u00e1 dentro del \u00e1mbito de influencia de Marbella; el exalcalde detenido fue hasta hace bien poco presidente de la Mancomunidad, con despacho en Marbella; el propio argumento -intervenci\u00f3n policial en el Ayuntamiento, exalcalde detenido en su casa, favores urban\u00edsticos, trama de blanqueo, billetes de loter\u00eda sospechosos-parec\u00eda el de un &#8216;remake&#8217; de una pel\u00edcula que ya hemos visto. Sin embargo, Marbella no ha sido nombrada en ning\u00fan lado y posiblemente sea apresurado atribuirlo solamente a que la reputaci\u00f3n de la ciudad ha mejorado en los \u00faltimos a\u00f1os. La pendiente ha ido m\u00e1s en el sentido contrario: todo el pa\u00eds ha descendido hasta el lugar donde Marbella se situ\u00f3 en 2006. Hablar hoy de marbellizaci\u00f3n cuando tenemos expresidentes auton\u00f3micos, alcaldes de todos los pelajes y hasta miembros de la Familia Real dando explicaciones enlos juzgados ser\u00eda un acto de hipocres\u00eda dif\u00edcil de digerir.<\/p>\n<p>A\u00fan as\u00ed, no es el momento de consolarnos por el mal generalizado, sino de empezar a ver si nos tomamos en serio este asunto. Desde que la &#8216;operaci\u00f3n Malaya&#8217; levant\u00f3 la veda de impunidad en las instituciones p\u00fablicas, la estad\u00edstica de la provincia es demoledora. En seis a\u00f1os han sido detenidos alcaldes o exalcaldes de Marbella, Estepona, Manilva, Casares, Alcauc\u00edn, Almog\u00eda, Alhaur\u00edn el Grande&#8230;, sin contar los acusados, imputados, juzgados o condenados que se han salvado de los grilletes. Alguien podr\u00eda decir desde Marbella \u00ab\u00bfHab\u00e9is visto? No \u00e9ramos nosotros, eran todos\u00bb. Pero la lista es demasiado larga y el argumento demasiado pobre como para que nadie pueda hallar ah\u00ed algo de consuelo.La prueba de que el problema est\u00e1 tan extendido es el perfil cultivado por el exalcalde Juan S\u00e1nchez, que hac\u00eda esperar cualquier cosa menos esto. Motivo por el que no pocos deseen plantarse delante y preguntarle: \u00bfT\u00fa tambi\u00e9n, Juan?<\/p>\n","protected":false},"excerpt":{"rendered":"<p>Ahora que tenemos motivos para quejarnos de que el poder financiero ha invadido \u00e1mbitos de decisi\u00f3n que deber\u00edan corresponder a la pol\u00edtica es buen momento para recordar que hace tiempo que la pol\u00edtica sufri\u00f3 la invasi\u00f3n consentida del marketing, una disciplina que deber\u00eda ser auxiliar pero que ante la falta de ideas, de convicciones y [&hellip;]<\/p>\n","protected":false},"author":37,"featured_media":0,"comment_status":"open","ping_status":"closed","sticky":false,"template":"","format":"standard","meta":[],"categories":[3],"tags":[],"_links":{"self":[{"href":"https:\/\/blogs.diariosur.es\/blogmalayo\/wp-json\/wp\/v2\/posts\/305"}],"collection":[{"href":"https:\/\/blogs.diariosur.es\/blogmalayo\/wp-json\/wp\/v2\/posts"}],"about":[{"href":"https:\/\/blogs.diariosur.es\/blogmalayo\/wp-json\/wp\/v2\/types\/post"}],"author":[{"embeddable":true,"href":"https:\/\/blogs.diariosur.es\/blogmalayo\/wp-json\/wp\/v2\/users\/37"}],"replies":[{"embeddable":true,"href":"https:\/\/blogs.diariosur.es\/blogmalayo\/wp-json\/wp\/v2\/comments?post=305"}],"version-history":[{"count":0,"href":"https:\/\/blogs.diariosur.es\/blogmalayo\/wp-json\/wp\/v2\/posts\/305\/revisions"}],"wp:attachment":[{"href":"https:\/\/blogs.diariosur.es\/blogmalayo\/wp-json\/wp\/v2\/media?parent=305"}],"wp:term":[{"taxonomy":"category","embeddable":true,"href":"https:\/\/blogs.diariosur.es\/blogmalayo\/wp-json\/wp\/v2\/categories?post=305"},{"taxonomy":"post_tag","embeddable":true,"href":"https:\/\/blogs.diariosur.es\/blogmalayo\/wp-json\/wp\/v2\/tags?post=305"}],"curies":[{"name":"wp","href":"https:\/\/api.w.org\/{rel}","templated":true}]}}