{"id":309,"date":"2012-05-29T10:50:44","date_gmt":"2012-05-29T09:50:44","guid":{"rendered":"http:\/\/blogs.diariosur.es\/blogmalayo\/?p=309"},"modified":"2012-05-29T10:50:44","modified_gmt":"2012-05-29T09:50:44","slug":"etica-y-estetica-del-guadalpin-banus","status":"publish","type":"post","link":"https:\/\/blogs.diariosur.es\/blogmalayo\/2012\/05\/29\/etica-y-estetica-del-guadalpin-banus\/","title":{"rendered":"\u00c9tica y est\u00e9tica del Guadalp\u00edn Ban\u00fas"},"content":{"rendered":"<p><span style=\"font-size: medium;\">Ahora que sabemos que la m\u00e1xima autoridad judicial de esta pa\u00eds siente una particular atracci\u00f3n por Marbella y que ven\u00eda por aqu\u00ed a gastos pagados fin de semana s\u00ed y fin de semana tambi\u00e9n, posiblemente sea un buen momento para proponer a sus se\u00f1or\u00edas, las del Tribunal Supremo y tambi\u00e9n las del Consejo General del Poder Judicial, que adopten a la ciudad como lugar habitual de reuniones. Pero no para disfrutar de cenas de alta gastronom\u00eda, sino para debatir sobre el estado de la justicia, la exasperante lentitud en la resoluci\u00f3n de los asuntos y las condiciones de trabajo que sufren jueces, fiscales, funcionarios y abogados. De todo lo cual encontrar\u00e1n buenos ejemplos en esta ciudad que tanto les gusta.<\/span><br \/>\n<span style=\"font-size: medium;\">Marbella es una plaza judicial que acumula m\u00e1s de nueve mil asuntos sin resolver, y donde el \u00faltimo informe del TSJA revela la necesidad de crear, al menos, dos juzgados nuevos de Primera Instancia. Es tambi\u00e9n una plaza donde la mitad de sus juzgados funcionan en un edificio vetusto que no da m\u00e1s de s\u00ed, y la otra mitad, incluido el Registro Civil, en los bajos de un edificio que tampoco re\u00fane condiciones id\u00f3neas y donde los usuarios \u2013los contribuyentes que con sus impuestos pagan las escapadas de fin de semana de Carlos D\u00edvar, para entendernos\u2013 se ven obligados a guardar horas de cola a la intemperie haga fr\u00edo, lluvia o calor.<\/span><br \/>\n<span style=\"font-size: medium;\">Por ello, no estar\u00eda mal que en lugar del Guadalp\u00edn Ban\u00fas, un hotel de lujo con graves problemas con la justicia, levantado sin licencia, objeto de sobornos que ahora se dilucidan en el juicio del \u2018caso Malaya\u2019 y emblema donde los haya de la ilegalidad urban\u00edstica que camp\u00f3 a sus anchas por esta ciudad (mientras sus se\u00f1or\u00edas miraban hacia otro lado desde sus habitaciones con vistas al mar), Carlos D\u00edvar y sus colegas que corporativamente han decidido que no rinda cuentas por las vacaciones pagadas a cuenta del bolsillo de todos se reuniesen en alguna de las salas de los juzgados de Marbella donde se acumulan miles de expedientes sin resolver.<\/span><br \/>\n<span style=\"font-size: medium;\">No habr\u00eda que hacerse ilusiones, porque D\u00edvar, que como cabeza del Poder Judicial es la tercera autoridad del Estado por detr\u00e1s del presidente del Gobierno y del presidente del Congreso, seguramente ha adoptado el criterio de sus colegas de otras instituciones, para quienes Marbella es un buen lugar para disfrutar de sus d\u00edas de ocio \u2013y contentos y agradecidos estamos de que as\u00ed sea\u2013, pero no una ciudad con problemas de los que ocuparse.<\/span><br \/>\n<span style=\"font-size: medium;\">Que D\u00edvar haya escogido para sus escandalosas vacaciones el hotel de Marbella con m\u00e1s problemas con la justicia es toda una met\u00e1fora. Hay para elegir: met\u00e1fora del desinter\u00e9s por conocer problemas que son de su incumbencia, met\u00e1fora de la desatenci\u00f3n a la \u00e9tica y tambi\u00e9n a la est\u00e9tica, met\u00e1fora de la soberbia de quien se sabe impune, met\u00e1fora del desprecio por la ley por parte de quien m\u00e1s deber\u00eda respetarla, met\u00e1fora, en resumen, de quien ve en un alto cargo una oportunidad m\u00e1s que una responsabilidad.<\/span><br \/>\n<span style=\"font-size: medium;\">El esc\u00e1ndalo de los viajes de D\u00edvar a Marbella pagados a cuenta del erario p\u00fablico, que la decisi\u00f3n del fiscal de no investigar convierte en m\u00e1s grave y que el respaldo corporativo de la mayor\u00eda de los miembros del Tribunal Supremo hace insoportable, nos pone frente a nuestro retrato como pa\u00eds. Cuando se escucha que nuestra crisis es solo econ\u00f3mica da ganas de echarse a llorar.<\/span><br \/>\n<span style=\"font-size: medium;\">Constituye un error utilizar el t\u00e9rmino \u2018clase pol\u00edtica\u2019 para referirse a quienes ocupan cargos institucionales, ya que habr\u00eda que hablar de clase dirigente a la vista de la facilidad con que los cargos de uno y otro partido, o en su defecto sus c\u00f3nyuges, saltan de la pol\u00edtica a los bancos o a las grandes corporaciones para volver despu\u00e9s a la pol\u00edtica confundiendo con descaro intereses p\u00fablicos con privados y poniendo aquellos al servicio de \u00e9stos. Pero a la vista de lo que el caso D\u00edvar no ense\u00f1a sino que ratifica, s\u00ed es acertado dirigirse a los jueces como \u2018casta judicial\u2019. Los pol\u00edticos, al menos, rinden cuentas cada cuatro a\u00f1os. Y ante los ciudadanos. Pero los miembros de la judicatura solo lo hacen ante los de su c\u00edrculo y nunca antes de que los pillen.<\/span><\/p>\n","protected":false},"excerpt":{"rendered":"<p>Ahora que sabemos que la m\u00e1xima autoridad judicial de esta pa\u00eds siente una particular atracci\u00f3n por Marbella y que ven\u00eda por aqu\u00ed a gastos pagados fin de semana s\u00ed y fin de semana tambi\u00e9n, posiblemente sea un buen momento para proponer a sus se\u00f1or\u00edas, las del Tribunal Supremo y tambi\u00e9n las del Consejo General del [&hellip;]<\/p>\n","protected":false},"author":37,"featured_media":0,"comment_status":"open","ping_status":"closed","sticky":false,"template":"","format":"standard","meta":[],"categories":[3],"tags":[],"_links":{"self":[{"href":"https:\/\/blogs.diariosur.es\/blogmalayo\/wp-json\/wp\/v2\/posts\/309"}],"collection":[{"href":"https:\/\/blogs.diariosur.es\/blogmalayo\/wp-json\/wp\/v2\/posts"}],"about":[{"href":"https:\/\/blogs.diariosur.es\/blogmalayo\/wp-json\/wp\/v2\/types\/post"}],"author":[{"embeddable":true,"href":"https:\/\/blogs.diariosur.es\/blogmalayo\/wp-json\/wp\/v2\/users\/37"}],"replies":[{"embeddable":true,"href":"https:\/\/blogs.diariosur.es\/blogmalayo\/wp-json\/wp\/v2\/comments?post=309"}],"version-history":[{"count":0,"href":"https:\/\/blogs.diariosur.es\/blogmalayo\/wp-json\/wp\/v2\/posts\/309\/revisions"}],"wp:attachment":[{"href":"https:\/\/blogs.diariosur.es\/blogmalayo\/wp-json\/wp\/v2\/media?parent=309"}],"wp:term":[{"taxonomy":"category","embeddable":true,"href":"https:\/\/blogs.diariosur.es\/blogmalayo\/wp-json\/wp\/v2\/categories?post=309"},{"taxonomy":"post_tag","embeddable":true,"href":"https:\/\/blogs.diariosur.es\/blogmalayo\/wp-json\/wp\/v2\/tags?post=309"}],"curies":[{"name":"wp","href":"https:\/\/api.w.org\/{rel}","templated":true}]}}