{"id":313,"date":"2012-06-11T20:08:18","date_gmt":"2012-06-11T19:08:18","guid":{"rendered":"http:\/\/blogs.diariosur.es\/blogmalayo\/?p=313"},"modified":"2012-06-11T20:08:18","modified_gmt":"2012-06-11T19:08:18","slug":"lo-que-la-burbuja-no-explica","status":"publish","type":"post","link":"https:\/\/blogs.diariosur.es\/blogmalayo\/2012\/06\/11\/lo-que-la-burbuja-no-explica\/","title":{"rendered":"Lo que la burbuja no explica"},"content":{"rendered":"<p>Basta con echar un ojo sobre los datos que se han conocido acerca de la lista de afectados por el Expediente de Regulaci\u00f3n de Empleo puesto en marcha por el Ayuntamiento de Estepona para atisbar el enorme drama humano que supondr\u00e1n las consecuencias de esa decisi\u00f3n. Casi el sesenta por ciento de los incluidos en la lista de futuros despidos son personas mayores de 40 a\u00f1os, y casi el 20 por ciento superan los 54 a\u00f1os. Todos ellos, y con mayor seguridad estos \u00faltimos, tendr\u00e1n muy dif\u00edcil reincoporarse al mercado de trabajo por mucha buena voluntad que se ponga en la articulaci\u00f3n de las medidas de protecci\u00f3n y de formaci\u00f3n previstas en la normativa en la que se ampara la puesta en marcha del ERE. Su horizonte en esta situaci\u00f3n econ\u00f3mica no ofrece argumentos para el optimismo, y por eso es exigible al Ayuntamiento de Estepona, y tambi\u00e9n al conjunto de la sociedad, una actitud hacia los afectados alejada de la indiferencia que pueda aumentar la sensaci\u00f3n de desamparo que obviamente los invadir\u00e1.<br \/>\nNo se trata por eso de restar un \u00e1pice de gravedad a la situaci\u00f3n en la que se encuentran quienes se quedar\u00e1n sin trabajo cuando se acaba de consumar el expediente comunicado este semana a la autoridad laboral. Pero s\u00ed es necesario repasar cu\u00e1les fueron las concepciones de la pol\u00edtica y del manejo del dinero p\u00fablico que llevaron a un ayuntamiento como el de Estepona a tener que dedicar un 94 por ciento de su presupuesto al pago de n\u00f3minas y a contar con una plantilla tan sobredimensionada que lleva a la convicci\u00f3n de que si el expediente no se hubiese hecho en funci\u00f3n de cuadrar con lo imprescindible las cuentas municipales, sino a partir de las reales necesidades de la ciudad y su administraci\u00f3n local, posiblemente hoy estar\u00edamos hablando de un drama humano de unas dimensiones a\u00fan mayores.<br \/>\nEs f\u00e1cil caer en la tentaci\u00f3n de creer que si el pinchazo de la burbuja inmobiliaria no hubiese desplomado los ingresos municipales no nos encontrar\u00edamos ahora ante ayuntamientos que como el de Estepona tienen que dejar a trabajadores en la calle o que como el de Marbella ponen sobre la mesa una dr\u00e1stica reducci\u00f3n salarial para no tener que afrontar una situaci\u00f3n similar. Pero no es la burbuja lo que explica por qu\u00e9 hemos llegado hasta aqu\u00ed. Ni explica tampoco por qu\u00e9 hay un ej\u00e9rcito de personas que llevan a\u00f1os en la n\u00f3mina de ayuntamientos o empresas municipales que creyeron que buscar un trabajo no ser\u00eda nunca m\u00e1s uno de sus problemas y que ahora se ven en una situaci\u00f3n en la que jam\u00e1s se hubiesen imaginado.<br \/>\nHar\u00edan mal no ya estas personas sino cualquiera de quienes miran la situaci\u00f3n con l\u00f3gica preocupaci\u00f3n y empat\u00eda con los afectados en pedirle explicaciones a la burbuja, porque la burbuja puede explicar por qu\u00e9 los ayuntamientos dispararon sus ingresos durante algunos a\u00f1os, pero no explica por qu\u00e9 en Estepona hab\u00eda colegios que multiplicaban por cuatro el n\u00famero de conserjes, por qu\u00e9 se pusieron en marcha guarder\u00edas en las que se contrat\u00f3 a cuidadoras sin titulaci\u00f3n, por qu\u00e9 hab\u00eda ginec\u00f3logos o pod\u00f3logos en la n\u00f3mina municipal, ni mucho menos por qu\u00e9 el n\u00famero de personas que se colocar\u00edan en el Ayuntamiento form\u00f3 parte de todas y cada una de las negociaciones pol\u00edticas para alcanzar acuerdos de gobierno cada vez que las urnas no dieron una mayor\u00eda absoluta.<br \/>\nLa burbuja tampoco explica por qu\u00e9 un ayuntamiento como el de Marbella, que durante los a\u00f1os del GIL multiplic\u00f3 en un 450 por ciento el n\u00famero de personas que cobraban del presupuesto municipal, no fue capaz con la llegada de la gestora de enmendar esa situaci\u00f3n y tampoco tuvo la decisi\u00f3n tras las elecciones municipales de 2007 de acabar con la inercia del clientelismo.<br \/>\nLa burbuja no explica por qu\u00e9 los candidatos a la Alcald\u00eda encuentran m\u00e1s importante garantizar la estabilidad de puestos de trabajo improductivos y a los que se accedi\u00f3 por enchufe que poner al Ayuntamiento al servicio de la ciudad, de sus vecinos y de su econom\u00eda.<br \/>\nLa burbuja no explica la locura derrochadora de unas televisiones locales al servicio de la propaganda pol\u00edtica y alejadas de cualquier idea de servicio p\u00fablico; ni las \u00e1reas municipales con concejal, coordinador, gerente y jefe, muchos de ellos con sueldo de ministro o superior; ni las recompensas en forma de cargo en la estructura municipal al entusiasmo mostrado en campa\u00f1as electorales o a la sumisi\u00f3n servil en la asociaci\u00f3n de vecinos de turno.<br \/>\nLa burbuja no explica la negativa sistem\u00e1tica a informar con luz y taqu\u00edgrafos acerca de a qui\u00e9n, por cu\u00e1nto y para qu\u00e9 se contrata en los ayuntamientos .<br \/>\nLa burbuja no explica las empresas p\u00fablicas auton\u00f3micas, municipales o supramunicipales con directivos hiperremunerados y utizadas como agencias de colocaci\u00f3n de afines, de propaganda al margen de cualquier criterio objetivo ni control democr\u00e1tico, de instrumento para maniobrar internamente en los partidos o de veh\u00edculo para encumbrar a l\u00edderes con m\u00e1s aspiraciones que miramientos.<br \/>\nLa burbuja tampoco explica por qu\u00e9 personas con toda su vida laboral por delante y en una \u00e9poca en la que este pa\u00eds viv\u00eda una expansi\u00f3n econ\u00f3mica sin precedentes prefirieron convertirse en rehenes de ocho a tres de pol\u00edticos sin escr\u00fapulos en lugar de salir al mundo y lanzarse a la apasionante aventura de buscarse la vida.<br \/>\nLa burbuja no explica nada de eso, porque la explicaci\u00f3n tenemos que encontrarla en una idea, un concepto, una consideraci\u00f3n del dinero p\u00fablico y del respeto a los contribuyentes que no quisimos aprender por las buenas y que las circunstancias nos est\u00e1n obigando, y nos seguir\u00e1n obligando en el futuro \u2013no seamos tan irresponsables como para esperar algo diferente\u2013 a aprenderla con dolor y sufrimiento.<\/p>\n","protected":false},"excerpt":{"rendered":"<p>Basta con echar un ojo sobre los datos que se han conocido acerca de la lista de afectados por el Expediente de Regulaci\u00f3n de Empleo puesto en marcha por el Ayuntamiento de Estepona para atisbar el enorme drama humano que supondr\u00e1n las consecuencias de esa decisi\u00f3n. Casi el sesenta por ciento de los incluidos en [&hellip;]<\/p>\n","protected":false},"author":5,"featured_media":0,"comment_status":"open","ping_status":"closed","sticky":false,"template":"","format":"standard","meta":[],"categories":[3],"tags":[],"_links":{"self":[{"href":"https:\/\/blogs.diariosur.es\/blogmalayo\/wp-json\/wp\/v2\/posts\/313"}],"collection":[{"href":"https:\/\/blogs.diariosur.es\/blogmalayo\/wp-json\/wp\/v2\/posts"}],"about":[{"href":"https:\/\/blogs.diariosur.es\/blogmalayo\/wp-json\/wp\/v2\/types\/post"}],"author":[{"embeddable":true,"href":"https:\/\/blogs.diariosur.es\/blogmalayo\/wp-json\/wp\/v2\/users\/5"}],"replies":[{"embeddable":true,"href":"https:\/\/blogs.diariosur.es\/blogmalayo\/wp-json\/wp\/v2\/comments?post=313"}],"version-history":[{"count":0,"href":"https:\/\/blogs.diariosur.es\/blogmalayo\/wp-json\/wp\/v2\/posts\/313\/revisions"}],"wp:attachment":[{"href":"https:\/\/blogs.diariosur.es\/blogmalayo\/wp-json\/wp\/v2\/media?parent=313"}],"wp:term":[{"taxonomy":"category","embeddable":true,"href":"https:\/\/blogs.diariosur.es\/blogmalayo\/wp-json\/wp\/v2\/categories?post=313"},{"taxonomy":"post_tag","embeddable":true,"href":"https:\/\/blogs.diariosur.es\/blogmalayo\/wp-json\/wp\/v2\/tags?post=313"}],"curies":[{"name":"wp","href":"https:\/\/api.w.org\/{rel}","templated":true}]}}