{"id":385,"date":"2013-03-06T19:32:47","date_gmt":"2013-03-06T18:32:47","guid":{"rendered":"http:\/\/blogs.diariosur.es\/blogmalayo\/?p=385"},"modified":"2013-03-06T19:32:47","modified_gmt":"2013-03-06T18:32:47","slug":"cualidades","status":"publish","type":"post","link":"https:\/\/blogs.diariosur.es\/blogmalayo\/2013\/03\/06\/cualidades\/","title":{"rendered":"Cualidades"},"content":{"rendered":"<p>Una concejala de Marbella que se destaca por fustigar a la Junta por la falta de inversiones en los colegios y que antes de volcarse con la pol\u00edtica hab\u00eda dedicado su vida a la educaci\u00f3n p\u00fablica se despacha con un mensaje en Twitter en el que dice que la educaci\u00f3n p\u00fablica genera ciudadanos d\u00e9biles, subsidiarios y dependientes.<br \/>\nEl diputado nacional Toni Cant\u00f3, que desarrolla parte de su trabajo en la comisi\u00f3n de Igualdad del Congreso, da por buenas unas cifras que escuch\u00f3 por ah\u00ed y suelta en la misma red social que la mayor\u00eda de las denuncias por maltrato son falsas.<br \/>\nNo hace mucho, una parlamentaria advert\u00eda tambi\u00e9n en Twitter de que las prospecciones expon\u00edan a la Costa del Sol al peligro de sufrir \u2018un Prestige\u2019, olvidando aclarar, por imposible, qu\u00e9 clase de chapapote pod\u00eda generar un eventual escape de gas.<br \/>\nObviando la irresponsabilidad de la que hizo gala Cant\u00f3 al repicar unas cifras que le ha pasado un lobby interesado en minusvalorar la importancia social de la violencia de g\u00e9nero, los malabares dial\u00e9cticos de quienes por posici\u00f3n pol\u00edtica se ven obligados a defender unos recortes que seguramente no comparten y el oportunismo indocumentado que inunda sin remedio la actividad p\u00fablica, los tres ejemplos ilustran algo m\u00e1s que el lamentable nivel en el que se desarrolla casi todo el debate pol\u00edtico: los profesionales del asunto no se han enterado de los peligros de meterse a debatir en Twitter sin conocer algo m\u00e1s que las reglas b\u00e1sicas de la red.<br \/>\nLa concejala pidi\u00f3 disculpas por su mensaje y rog\u00f3 que se lo analizara en un contexto que solo se comprend\u00eda \u2013y solo a medias, debe admitirse\u2013 si se le\u00edan los mensajes anteriores y posteriores, sin comprender que en la comunicaci\u00f3n no hay m\u00e1s contexto que el propio mensaje, y que quien no tiene capacidad de s\u00edntesis deber\u00eda abstenerse de debates en profundidad si no quiere llevarse un mal rato.<br \/>\nCant\u00f3 tambi\u00e9n pidi\u00f3 disculpas y admiti\u00f3 que no debi\u00f3 haber reproducido p\u00fablicamente unas estad\u00edsticas que no ten\u00eda contrastadas, sin entender que lo que se ha escrito en la red, en la red queda.<br \/>\nDesde que los pol\u00edticos descubrieron en Twitter un veh\u00edculo para comunicarse sin intermediarios con el personal se ha producido un fen\u00f3meno curioso: muchos de quienes lo han querido utilizar para plantear debates con cierta independencia o profundidad han quedado expuestos, mientras que quienes se han limitado a reproducir las consignas de su partido o han tenido el comportamiento friqui de retransmitir su agenda en directo como si tuviera el mismo inter\u00e9s que la de Obama no han sufrido contratiempos.<br \/>\nPosiblemente unos y otros deban entender que para comunicar con cierta profundidad son necesarios rigor y capacidad de s\u00edntesis. Las cualidades b\u00e1sicas, vaya casualidad, que tambi\u00e9n demanda un oficio en horas bajas cuya desaparici\u00f3n vaticinaron quienes creyeron que para comunicar bastaba con sentarse frente a la pantalla y darle a la tecla.<\/p>\n","protected":false},"excerpt":{"rendered":"<p>Una concejala de Marbella que se destaca por fustigar a la Junta por la falta de inversiones en los colegios y que antes de volcarse con la pol\u00edtica hab\u00eda dedicado su vida a la educaci\u00f3n p\u00fablica se despacha con un mensaje en Twitter en el que dice que la educaci\u00f3n p\u00fablica genera ciudadanos d\u00e9biles, subsidiarios [&hellip;]<\/p>\n","protected":false},"author":37,"featured_media":0,"comment_status":"open","ping_status":"closed","sticky":false,"template":"","format":"standard","meta":[],"categories":[3],"tags":[],"_links":{"self":[{"href":"https:\/\/blogs.diariosur.es\/blogmalayo\/wp-json\/wp\/v2\/posts\/385"}],"collection":[{"href":"https:\/\/blogs.diariosur.es\/blogmalayo\/wp-json\/wp\/v2\/posts"}],"about":[{"href":"https:\/\/blogs.diariosur.es\/blogmalayo\/wp-json\/wp\/v2\/types\/post"}],"author":[{"embeddable":true,"href":"https:\/\/blogs.diariosur.es\/blogmalayo\/wp-json\/wp\/v2\/users\/37"}],"replies":[{"embeddable":true,"href":"https:\/\/blogs.diariosur.es\/blogmalayo\/wp-json\/wp\/v2\/comments?post=385"}],"version-history":[{"count":0,"href":"https:\/\/blogs.diariosur.es\/blogmalayo\/wp-json\/wp\/v2\/posts\/385\/revisions"}],"wp:attachment":[{"href":"https:\/\/blogs.diariosur.es\/blogmalayo\/wp-json\/wp\/v2\/media?parent=385"}],"wp:term":[{"taxonomy":"category","embeddable":true,"href":"https:\/\/blogs.diariosur.es\/blogmalayo\/wp-json\/wp\/v2\/categories?post=385"},{"taxonomy":"post_tag","embeddable":true,"href":"https:\/\/blogs.diariosur.es\/blogmalayo\/wp-json\/wp\/v2\/tags?post=385"}],"curies":[{"name":"wp","href":"https:\/\/api.w.org\/{rel}","templated":true}]}}