{"id":388,"date":"2013-03-07T21:45:34","date_gmt":"2013-03-07T20:45:34","guid":{"rendered":"http:\/\/blogs.diariosur.es\/blogmalayo\/?p=388"},"modified":"2013-03-07T21:45:34","modified_gmt":"2013-03-07T20:45:34","slug":"pacto-por-el-sol","status":"publish","type":"post","link":"https:\/\/blogs.diariosur.es\/blogmalayo\/2013\/03\/07\/pacto-por-el-sol\/","title":{"rendered":"Pacto por el sol"},"content":{"rendered":"<p>Es una suerte tener la seguridad de que una vez que pase la tormenta \u2013la meteorol\u00f3gica que sufrimos estos d\u00edas, no la otra- el sol volver\u00e1 a brillar. Que antes o despu\u00e9s, los turistas que lleguen a estas costas se encontrar\u00e1n con algo que en sus lugares de origen es una excepci\u00f3n y por aqu\u00ed, la norma, lo que vivimos m\u00e1s de 300 d\u00edas al a\u00f1o.<br \/>\nEs una suerte que sea la naturaleza la que se ocupa de que el sol aparezca casi a diario, y que su encendido no dependa de unos presupuestos municipales, de un acuerdo entre administraciones de distinto signo, de que un consejero disponga de partida o de que un ministro considere que la principal industria de este pa\u00eds necesita de est\u00edmulo para que la maquinaria funcione.<br \/>\nSi el sol dependiese de una gesti\u00f3n institucional es probable que en los ayuntamientos existiese un concejal de Sol (con su correspondiente director de \u00e1rea), en mancomunidades y diputaciones, delegados de Sol; en cada autonom\u00eda, un director general de Sol adscrito a la Consejer\u00eda de Medio Ambiente; en la Administraci\u00f3n central, una Secretar\u00eda de Estado de Sol y por aqu\u00ed, posiblemente, hasta una Agencia Andaluza del Sol.<br \/>\nAfortunadamente no es as\u00ed, pero si el sol requiriese de gesti\u00f3n pol\u00edtica tendr\u00eda transferidas las competencias a la Comunidad Aut\u00f3noma, aunque el Estado podr\u00eda haberse reservado su parte, y ante el primer problema tendr\u00edamos al consejero correspondiente ech\u00e1ndole la culpa al Gobierno, al ministro recordando que en los a\u00f1os de bonanza hab\u00eda autonom\u00edas que se dejaban encendido el sol por las noches y a cada ayuntamiento responsabilizando a la Junta o al Gobierno de la escasa potencia de los rayos seg\u00fan en qu\u00e9 administraci\u00f3n estuviesen amigos o adversarios. Eso s\u00ed, cada tanto se convocar\u00eda a partidos, sindicatos y fuerzas sociales a un ineludible Pacto por el Sol.<br \/>\nEl sol sale solo todas las ma\u00f1anas, pero de no ser as\u00ed ya estar\u00edamos escuchando que aunque la industria tur\u00edstica dependa de ello unos rayos no pueden condicionar el rigor presupuestario y por lo tanto habr\u00eda que buscar f\u00f3rmulas que en ning\u00fan caso pusieran en peligro el objetivo de d\u00e9ficit. Y no faltar\u00eda la investigaci\u00f3n judicial sobre el destino de los fondos que los presupuestos reservaban al mantenimiento del sol y que acabaron escondidos en un para\u00edso fiscal o gastados en un club de alterne.<br \/>\nSi hubiese que encender el sol todos los d\u00edas y darle m\u00e1s potencia en verano llevar\u00edamos d\u00e9cadas pregunt\u00e1ndonos por qu\u00e9 los rayos ya no son tan en\u00e9rgicos como antes, haciendo chapuzas cada a\u00f1o en lugar de realizar una inversi\u00f3n decisiva de una vez para solucionar el problema y a\u00f1orando aquella \u00e9poca en la que se nos conoc\u00eda como la Costa del Sol. Afortunadamente no sucede nada de esto porque el sol tiene a bien salir \u00e9ll solito todos los d\u00edas.<br \/>\nNuestra econom\u00eda est\u00e1 basada en dos pilares: el sol y las playas. Con las playas no tenemos tanta suerte como con el sol.<\/p>\n","protected":false},"excerpt":{"rendered":"<p>Es una suerte tener la seguridad de que una vez que pase la tormenta \u2013la meteorol\u00f3gica que sufrimos estos d\u00edas, no la otra- el sol volver\u00e1 a brillar. Que antes o despu\u00e9s, los turistas que lleguen a estas costas se encontrar\u00e1n con algo que en sus lugares de origen es una excepci\u00f3n y por aqu\u00ed, [&hellip;]<\/p>\n","protected":false},"author":37,"featured_media":0,"comment_status":"open","ping_status":"closed","sticky":false,"template":"","format":"standard","meta":[],"categories":[3],"tags":[],"_links":{"self":[{"href":"https:\/\/blogs.diariosur.es\/blogmalayo\/wp-json\/wp\/v2\/posts\/388"}],"collection":[{"href":"https:\/\/blogs.diariosur.es\/blogmalayo\/wp-json\/wp\/v2\/posts"}],"about":[{"href":"https:\/\/blogs.diariosur.es\/blogmalayo\/wp-json\/wp\/v2\/types\/post"}],"author":[{"embeddable":true,"href":"https:\/\/blogs.diariosur.es\/blogmalayo\/wp-json\/wp\/v2\/users\/37"}],"replies":[{"embeddable":true,"href":"https:\/\/blogs.diariosur.es\/blogmalayo\/wp-json\/wp\/v2\/comments?post=388"}],"version-history":[{"count":0,"href":"https:\/\/blogs.diariosur.es\/blogmalayo\/wp-json\/wp\/v2\/posts\/388\/revisions"}],"wp:attachment":[{"href":"https:\/\/blogs.diariosur.es\/blogmalayo\/wp-json\/wp\/v2\/media?parent=388"}],"wp:term":[{"taxonomy":"category","embeddable":true,"href":"https:\/\/blogs.diariosur.es\/blogmalayo\/wp-json\/wp\/v2\/categories?post=388"},{"taxonomy":"post_tag","embeddable":true,"href":"https:\/\/blogs.diariosur.es\/blogmalayo\/wp-json\/wp\/v2\/tags?post=388"}],"curies":[{"name":"wp","href":"https:\/\/api.w.org\/{rel}","templated":true}]}}