{"id":400,"date":"2013-04-25T11:14:32","date_gmt":"2013-04-25T09:14:32","guid":{"rendered":"http:\/\/blogs.diariosur.es\/blogmalayo\/?p=400"},"modified":"2013-04-25T11:14:32","modified_gmt":"2013-04-25T09:14:32","slug":"cuentas-claras","status":"publish","type":"post","link":"https:\/\/blogs.diariosur.es\/blogmalayo\/2013\/04\/25\/cuentas-claras\/","title":{"rendered":"Cuentas claras"},"content":{"rendered":"<p>El farise\u00edsmo est\u00e1 de capa ca\u00edda. Marbella sigue saldando las cuentas con su pasado en el sitio donde se hacen esos tr\u00e1mites, los tribunales, y no se puede decir que le est\u00e9 yendo mal. Quienes prefieren ignorar la historia, sus lecciones y su capacidad creadora de anticuerpos con el argumento unidireccional de que solo hay que mirar hacia adelante se est\u00e1n llevado un serio disgusto. Marbella toma posiciones para afrontar el futuro sobre la s\u00f3lida base de saldar las cuentas pendientes.<br \/>\nEn las \u00faltimas semanas la justicia le ha dado buenas noticias a los vecinos de la ciudad: el embargo de los bienes de los hijos de Gil, la condena a Juli\u00e1n Mu\u00f1oz y sus c\u00f3mplices en el blanqueo de lo que se llev\u00f3 crudo en bolsas de basura, la fotograf\u00eda de algunas decenas de secuaces de Jes\u00fas Gil sentados en el banquillo de la Audiencia Nacional y admitiendo ante el tribunal, la mayor\u00eda, que obedecieron ciegamente a su jefe por no perder su sueldo, por temor o por simple indignidad. Hay juristas que denostan la pena de banquillo, pero hay ocasiones en las que el banquillo ofrece un cuadro de reparaci\u00f3n c\u00edvica.<br \/>\nHay quienes dicen no sin raz\u00f3n que la presencia en uno de estos procesos de Isabel Pantoja \u2013un personaje menor en el despojo de Marbella pero personaje al fin, seg\u00fan ha confirmado la sentencia que la ha condenado\u2013 distrae la atenci\u00f3n, desenfoca el problema de fondo, descomprime el protagonismo de los principales autores del saqueo.<br \/>\nEs probable. Pero la inevitable atenci\u00f3n que su presencia ha generado en la causa cuya condena se conoci\u00f3 la semana pasada ha permitido por otro lado atraer sobre el despojo que sufri\u00f3 Marbella un inter\u00e9s masivo que de otra forma habr\u00eda sido posiblemente indiferencia, y ha permitido situar en el primer plano de la opini\u00f3n p\u00fablica una realidad que de otra manera habr\u00eda llegado de una forma seguramente m\u00e1s d\u00e9bil. Posiblemente a d\u00eda de hoy no quede ciudadano en Espa\u00f1a que ignore que los vecinos de Marbella fueron robados, y que aqu\u00ed vino a aprovecharse hasta la Pantoja.<br \/>\nDesde la recuperaci\u00f3n de la normalidad democr\u00e1tica, en la ciudad convivieron dos posturas: la que consideraba que la buena imagen de Marbella requer\u00eda que se hablara cuanto menos mejor de causas judiciales, abusos urban\u00edsticos, chorizos y blanqueo, y la de quienes aseguraban que lo mejor para la ciudad era afrontar la catarsis de la justicia para poder avanzar con las cuentas saldadas. Estos \u00faltimos tienen motivos para pensar que les asist\u00eda la raz\u00f3n. A la espera de que lleguen los fondos que puedan recuperarse, Marbella est\u00e1 asistiendo a una reparaci\u00f3n moral imprescindible para afrontar su futuro con confianza.<\/p>\n","protected":false},"excerpt":{"rendered":"<p>El farise\u00edsmo est\u00e1 de capa ca\u00edda. Marbella sigue saldando las cuentas con su pasado en el sitio donde se hacen esos tr\u00e1mites, los tribunales, y no se puede decir que le est\u00e9 yendo mal. Quienes prefieren ignorar la historia, sus lecciones y su capacidad creadora de anticuerpos con el argumento unidireccional de que solo hay [&hellip;]<\/p>\n","protected":false},"author":37,"featured_media":0,"comment_status":"open","ping_status":"closed","sticky":false,"template":"","format":"standard","meta":[],"categories":[3],"tags":[],"_links":{"self":[{"href":"https:\/\/blogs.diariosur.es\/blogmalayo\/wp-json\/wp\/v2\/posts\/400"}],"collection":[{"href":"https:\/\/blogs.diariosur.es\/blogmalayo\/wp-json\/wp\/v2\/posts"}],"about":[{"href":"https:\/\/blogs.diariosur.es\/blogmalayo\/wp-json\/wp\/v2\/types\/post"}],"author":[{"embeddable":true,"href":"https:\/\/blogs.diariosur.es\/blogmalayo\/wp-json\/wp\/v2\/users\/37"}],"replies":[{"embeddable":true,"href":"https:\/\/blogs.diariosur.es\/blogmalayo\/wp-json\/wp\/v2\/comments?post=400"}],"version-history":[{"count":0,"href":"https:\/\/blogs.diariosur.es\/blogmalayo\/wp-json\/wp\/v2\/posts\/400\/revisions"}],"wp:attachment":[{"href":"https:\/\/blogs.diariosur.es\/blogmalayo\/wp-json\/wp\/v2\/media?parent=400"}],"wp:term":[{"taxonomy":"category","embeddable":true,"href":"https:\/\/blogs.diariosur.es\/blogmalayo\/wp-json\/wp\/v2\/categories?post=400"},{"taxonomy":"post_tag","embeddable":true,"href":"https:\/\/blogs.diariosur.es\/blogmalayo\/wp-json\/wp\/v2\/tags?post=400"}],"curies":[{"name":"wp","href":"https:\/\/api.w.org\/{rel}","templated":true}]}}