{"id":407,"date":"2013-05-16T23:04:10","date_gmt":"2013-05-16T21:04:10","guid":{"rendered":"http:\/\/blogs.diariosur.es\/blogmalayo\/?p=407"},"modified":"2013-05-16T23:04:10","modified_gmt":"2013-05-16T21:04:10","slug":"suicidio","status":"publish","type":"post","link":"https:\/\/blogs.diariosur.es\/blogmalayo\/2013\/05\/16\/suicidio\/","title":{"rendered":"Suicidio"},"content":{"rendered":"<p><span style=\"font-family: Arial, sans-serif;\"><span style=\"font-size: small;\"><span style=\"color: #000000;\">E<\/span>ntre la legi\u00f3n de j\u00f3venes que en esta \u00e9poca terrible buscan su oportunidad y no la encuentran seguramente habr\u00e1 chicos que erraron el camino de la formaci\u00f3n o que en alg\u00fan momento prefirieron vivir como si no hubiese m\u00e1s futuro que el pr\u00f3ximo fin de semana. Pero hay motivos para pensar que la mayor\u00eda est\u00e1 compuesta por quienes hicieron todo para aprovechar el tiempo y ahora solo tienen por delante un horizonte plano sin m\u00e1s perspectiva que el vac\u00edo.<\/span><\/span><\/p>\n<p><span style=\"font-family: Arial, sans-serif;\"><span style=\"font-size: small;\">La figura de Diego Mart\u00ednez Santos, un joven que el mismo d\u00eda en que la Sociedad Europea de F\u00edsica lo galardonaba como el mejor especialista experimental del continente se enteraba de que la Secretar\u00eda de Estado de Investigaci\u00f3n le negaba una beca para volver al pa\u00eds, funciona como ejemplo y emblema. El programa Ram\u00f3n y Cajal tiene un cupo para 175 investigadores, insuficiente para el mejor f\u00edsico experimental de Europa, que tendr\u00e1 que seguir trabajando en un centro de los Pa\u00edses Bajos. Seguro que los holandeses no lamentar\u00e1n seguir contando con el talento de un cient\u00edfico formado en Espa\u00f1a pero al que Espa\u00f1a no le encuentra sitio. <\/span><\/span><\/p>\n<p><span style=\"font-family: Arial, sans-serif;\"><span style=\"font-size: small;\">El suicidio, adem\u00e1s de ser una de las cuestiones centrales que desde el origen de la filosof\u00eda preocupan a los pensadores, es siempre una decisi\u00f3n dram\u00e1tica, extrema y muchas veces incomprensible. Una alegor\u00eda irreversible del fracaso. Por eso resulta tan doloroso asistir en silencio al suicidio colectivo de una sociedad expresado en la falta de horizontes y oportunidades para las personas que se han formado con recursos p\u00fablicos y que ahora no tienen m\u00e1s remedio que poner ilusiones, talento y esfuerzo m\u00e1s all\u00e1 de nuestras fronteras. <\/span><\/span><\/p>\n<p><span style=\"font-family: Arial, sans-serif;\"><span style=\"font-size: small;\">Los romanos consideraban al destierro el peor de los castigos, pero en la era del conocimiento habr\u00eda que preguntarse si los castigados que ahora se van no nos est\u00e1n dejando un castigo mucho peor a quienes nos quedamos.<\/span><\/span><\/p>\n<p><span style=\"font-family: Arial, sans-serif;\"><span style=\"font-size: small;\">Porque en el momento de subirse al avi\u00f3n, quienes se marchan seguramente piensan que el problema es de ellos, pero una vez pasado el doloroso periodo de adaptaci\u00f3n se comienzan a echar ra\u00edces en un suelo nuevo y a volcar el caudal de conocimientos, energ\u00eda e ilusi\u00f3n en el pa\u00eds de acogida, y el problema, entonces, pasa a ser nuestro. De quienes nos quedamos hu\u00e9rfanos de un talento que ya dif\u00edcilmente regrese.<\/span><\/span><\/p>\n<p><span style=\"font-family: Arial, sans-serif;\"><span style=\"font-size: small;\">El desarraigo es un agujerito persistentemente instalado en la boca del est\u00f3mago que solo en algunos contados d\u00edas de nostalgia sube hasta el pecho y se expande hasta oprimirlo, pero no es nada que no se pueda superar. Sobre todo si la alternativa es quedarse en un pa\u00eds que se empe\u00f1a todos los d\u00edas en hacerte saber que el lugar donde has nacido no quiere, no puede o no sabe darte una oportunidad.<\/span><\/span><\/p>\n","protected":false},"excerpt":{"rendered":"<p>Entre la legi\u00f3n de j\u00f3venes que en esta \u00e9poca terrible buscan su oportunidad y no la encuentran seguramente habr\u00e1 chicos que erraron el camino de la formaci\u00f3n o que en alg\u00fan momento prefirieron vivir como si no hubiese m\u00e1s futuro que el pr\u00f3ximo fin de semana. Pero hay motivos para pensar que la mayor\u00eda est\u00e1 [&hellip;]<\/p>\n","protected":false},"author":37,"featured_media":0,"comment_status":"open","ping_status":"open","sticky":false,"template":"","format":"standard","meta":[],"categories":[3],"tags":[],"_links":{"self":[{"href":"https:\/\/blogs.diariosur.es\/blogmalayo\/wp-json\/wp\/v2\/posts\/407"}],"collection":[{"href":"https:\/\/blogs.diariosur.es\/blogmalayo\/wp-json\/wp\/v2\/posts"}],"about":[{"href":"https:\/\/blogs.diariosur.es\/blogmalayo\/wp-json\/wp\/v2\/types\/post"}],"author":[{"embeddable":true,"href":"https:\/\/blogs.diariosur.es\/blogmalayo\/wp-json\/wp\/v2\/users\/37"}],"replies":[{"embeddable":true,"href":"https:\/\/blogs.diariosur.es\/blogmalayo\/wp-json\/wp\/v2\/comments?post=407"}],"version-history":[{"count":0,"href":"https:\/\/blogs.diariosur.es\/blogmalayo\/wp-json\/wp\/v2\/posts\/407\/revisions"}],"wp:attachment":[{"href":"https:\/\/blogs.diariosur.es\/blogmalayo\/wp-json\/wp\/v2\/media?parent=407"}],"wp:term":[{"taxonomy":"category","embeddable":true,"href":"https:\/\/blogs.diariosur.es\/blogmalayo\/wp-json\/wp\/v2\/categories?post=407"},{"taxonomy":"post_tag","embeddable":true,"href":"https:\/\/blogs.diariosur.es\/blogmalayo\/wp-json\/wp\/v2\/tags?post=407"}],"curies":[{"name":"wp","href":"https:\/\/api.w.org\/{rel}","templated":true}]}}