{"id":410,"date":"2013-05-28T21:46:33","date_gmt":"2013-05-28T19:46:33","guid":{"rendered":"http:\/\/blogs.diariosur.es\/blogmalayo\/?p=410"},"modified":"2013-05-28T21:46:33","modified_gmt":"2013-05-28T19:46:33","slug":"retratados","status":"publish","type":"post","link":"https:\/\/blogs.diariosur.es\/blogmalayo\/2013\/05\/28\/retratados\/","title":{"rendered":"Retratados"},"content":{"rendered":"<p><span style=\"font-family: Arial, sans-serif;\"><span><span style=\"color: #000000;\">T<\/span>odos los d\u00edas se conocen casos. Durante algunos a\u00f1os este pa\u00eds olvid\u00f3 aquel paisaje de una universidad en la que los alumnos eran, casi sin excepci\u00f3n, hijos de universitarios. Se crey\u00f3 que la situaci\u00f3n hab\u00eda cambiado para siempre cuando nos acostumbramos a que las aulas se llenaran de estudiantes que llegaban de familias donde sus mayores no hab\u00edan tenido la posibilidad de estudiar, y en la que los t\u00edtulos de graduaci\u00f3n de sus hijos se colgaban no como el certificado de una licenciatura, sino como orgulloso testimonio de un ascenso social conseguido a base de esfuerzo y sacrificio que hab\u00eda permitido hacer realidad el sue\u00f1o de todo padre: que sus hijos llegaran hasta donde \u00e9l no hab\u00eda podido.<\/span><\/span><\/p>\n<p><span style=\"font-family: Arial, sans-serif;\"><span>Pero en los \u00faltimos tiempos estamos viendo c\u00f3mo regresamos a un paisaje antiguo que parec\u00eda archivado en los libros de historia y en dolorosos testimonios de otras \u00e9pocas. Todos los d\u00edas asistimos a historias de j\u00f3venes que ya no pueden seguir estudiando porque el acceso a las becas se ha restringido, porque en la familia los ingresos apenas alcanzan para comer o porque la posibilidad de conseguir un trabajo que permita pagarse los gastos es una tarea imposible. <\/span><\/span><\/p>\n<p><span style=\"font-family: Arial, sans-serif;\"><span>J\u00f3venes que no pueden hacer frente la matr\u00edcula de la universidad y dejan los estudios han dejado de ser dramas inusuales para convertise, cada vez m\u00e1s asiduamente, en parte del paisaje habitual. Un paisaje que confirma que cuanto m\u00e1s se acent\u00faa la crisis m\u00e1s se acerca la igualdad de oportunidades a la categor\u00eda de sue\u00f1o ut\u00f3pico. <\/span><\/span><\/p>\n<p><span style=\"font-family: Arial, sans-serif;\"><span>No es dif\u00edcil adivinar que el pa\u00eds sufrir\u00e1 en un futuro no muy lejano las consecuencias nefastas de todo el talento perdido de quienes no habr\u00e1n tenido siquiera ocasi\u00f3n de labrarse con esfuerzo su propio futuro.<\/span><\/span><\/p>\n<p><span style=\"font-family: Arial, sans-serif;\"><span>No se trata solo de dram\u00e1ticas historias individuales, sino de comprobar qu\u00e9 lugar ocupa la educaci\u00f3n en la estrategia de pa\u00eds. En estos d\u00edas asistimos a la realidad de las plazas restringidas en las escuelas de idiomas y, sobre todo, a la dolorosa agon\u00eda de La C\u00f3nsula. Resulta dif\u00edcil imaginarse qu\u00e9 otra prioridad puede tener una administraci\u00f3n p\u00fablica que mantener una instituci\u00f3n como ese centro de formaci\u00f3n en hosteler\u00eda.<\/span><\/span><\/p>\n<p><span style=\"font-family: Arial, sans-serif;\"><span>Lo mejor que se puede pensar de quienes en estos d\u00edas exhiben con desfacahatez un discurso pol\u00edtico basado en la igualdad de oportunidades y en la defensa de lo p\u00fablico mientras dejan morir a una instituci\u00f3n que en la \u00faltima d\u00e9cada dio una oportunidad a cientos de j\u00f3venes, desencaden\u00f3 una explosi\u00f3n de talento en la Costa del Sol y permiti\u00f3 un desarrollo de nuestra principal industria como nunca antes la hab\u00edamos conocido es que no tienen la menor idea de lo que est\u00e1n haciendo. <\/span><\/span><\/p>\n<p><span style=\"font-family: Arial, sans-serif;\"><span>Si no son capaces de poner a La C\u00f3nsula a salvo de su propia ineptitud esperemos al menos que la historia los deje retratados.<\/span><\/span><\/p>\n","protected":false},"excerpt":{"rendered":"<p>Todos los d\u00edas se conocen casos. Durante algunos a\u00f1os este pa\u00eds olvid\u00f3 aquel paisaje de una universidad en la que los alumnos eran, casi sin excepci\u00f3n, hijos de universitarios. Se crey\u00f3 que la situaci\u00f3n hab\u00eda cambiado para siempre cuando nos acostumbramos a que las aulas se llenaran de estudiantes que llegaban de familias donde sus [&hellip;]<\/p>\n","protected":false},"author":37,"featured_media":0,"comment_status":"open","ping_status":"open","sticky":false,"template":"","format":"standard","meta":[],"categories":[3],"tags":[],"_links":{"self":[{"href":"https:\/\/blogs.diariosur.es\/blogmalayo\/wp-json\/wp\/v2\/posts\/410"}],"collection":[{"href":"https:\/\/blogs.diariosur.es\/blogmalayo\/wp-json\/wp\/v2\/posts"}],"about":[{"href":"https:\/\/blogs.diariosur.es\/blogmalayo\/wp-json\/wp\/v2\/types\/post"}],"author":[{"embeddable":true,"href":"https:\/\/blogs.diariosur.es\/blogmalayo\/wp-json\/wp\/v2\/users\/37"}],"replies":[{"embeddable":true,"href":"https:\/\/blogs.diariosur.es\/blogmalayo\/wp-json\/wp\/v2\/comments?post=410"}],"version-history":[{"count":0,"href":"https:\/\/blogs.diariosur.es\/blogmalayo\/wp-json\/wp\/v2\/posts\/410\/revisions"}],"wp:attachment":[{"href":"https:\/\/blogs.diariosur.es\/blogmalayo\/wp-json\/wp\/v2\/media?parent=410"}],"wp:term":[{"taxonomy":"category","embeddable":true,"href":"https:\/\/blogs.diariosur.es\/blogmalayo\/wp-json\/wp\/v2\/categories?post=410"},{"taxonomy":"post_tag","embeddable":true,"href":"https:\/\/blogs.diariosur.es\/blogmalayo\/wp-json\/wp\/v2\/tags?post=410"}],"curies":[{"name":"wp","href":"https:\/\/api.w.org\/{rel}","templated":true}]}}