{"id":416,"date":"2013-06-24T18:44:43","date_gmt":"2013-06-24T16:44:43","guid":{"rendered":"http:\/\/blogs.diariosur.es\/blogmalayo\/?p=416"},"modified":"2013-06-24T18:44:43","modified_gmt":"2013-06-24T16:44:43","slug":"fiascos","status":"publish","type":"post","link":"https:\/\/blogs.diariosur.es\/blogmalayo\/2013\/06\/24\/fiascos\/","title":{"rendered":"Fiascos"},"content":{"rendered":"<p>Si el t\u00e9rmino no estuviese tan denostado no faltar\u00eda quien ya se hubiese lanzado a advertir sobre la existencia de brotes verdes. Los negocios que abren comienzan a ser m\u00e1s de los que cierran, empieza a haber atascos donde en los \u00faltimos a\u00f1os el tr\u00e1nsito flu\u00eda y hasta los hoteles comienzan a perder el miedo a decir que est\u00e1n llenos. A veces dan ganas de no ser agorero y evitar preguntarse si la ecuaci\u00f3n de nuevos negocios frente a negocios cerrados ser\u00e1 la misma en octubre, si las retenciones tienen m\u00e1s que ver con el abuso tarifario en la autopista que con una deseada se\u00f1al de mayor actividad o si los precios que se pagan por habitaciones y suites guardan alguna semejanza con los de tres o cuatro a\u00f1os atr\u00e1s. Sin embargo, los empresarios que buscan un hombro donde llorar ya no son el cien por cien, algunos no temen decir que les empieza a ir bien, y aunque cuando uno mira a su alrededor no deja de ver parados, el optimismo invita a pensar que, m\u00e1s que ante un cambio de actitud, estamos en el comienzo de la curva que los economistas dibujar\u00e1n en un tiempo como ascendente.<\/p>\n<p>Pero aunque uno encuentre motivos, si busca muy bien y pospone hacerse algunas preguntas, en el \u00e1mbito de la actividad privada, las cuestiones p\u00fablicas no permiten invitaci\u00f3n alguna al optimismo aunque se miren con los ojos tan entornados que parezcan cerrados.<\/p>\n<p>All\u00ed est\u00e1n como muestra los\u00a0 imponentes\u00a0 fiascos en los que se han convertido los dos grandes proyectos que en los \u00faltimos tiempos se presentaron como los m\u00e1s ilusionantes y emblem\u00e1ticos que se asomaron por Marbella: la ampliaci\u00f3n del Hospital Costa del Sol y la del puerto de La Bajadilla.<\/p>\n<p>Despu\u00e9s de m\u00e1s de dos a\u00f1os con las obras paralizadas, ahora hemos sabido que en el hospital hab\u00eda algo m\u00e1s que un conflicto de financiaci\u00f3n. El gerente ha reconocido a este peri\u00f3dico que en los tribunales se dirimen seis procedimientos judiciales, y que la mayor\u00eda tienen como denunciante a la concesionaria que ha paralizado las obras porque las cuentas que hab\u00eda hecho para financiarse a trav\u00e9s del aparcamiento subterr\u00e1neo no le salen.<\/p>\n<p>Posiblemente sea el resultado l\u00f3gico de una operaci\u00f3n montada desde el m\u00e1s absoluto oscurantismo, como si a la Junta de Andaluc\u00eda le avergonzara su propia pr\u00e1ctica de recurrir a la financiaci\u00f3n privada, y por ello nunca fue explicada con transparencia cuando fracas\u00f3 estrepitosamente. Hasta tal punto llega este oscurantismo que despu\u00e9s de dos a\u00f1os con las gr\u00faas criando telas de ara\u00f1a, el gerente del hospital se permite decir que las obras no est\u00e1n paradas, sino \u00abmuy ralentizadas\u00bb. A veces seguir el gui\u00f3n al pie de la letra obliga a despreciar la realidad hasta tal punto que no se puede evitar que lo tomen a uno por c\u00ednico.<\/p>\n<p>Ante estos dos a\u00f1os de paralizaci\u00f3n cabe preguntarse a qu\u00e9 espera la Junta de Andaluc\u00eda para abrir en relaci\u00f3n al hospital un expediente similar al incoado en el puerto de La Bajadilla, aunque la situaci\u00f3n invita tambi\u00e9n a preguntarse si cabe esperar una explicaci\u00f3n o un pedido de disculpas. De lo que parecen caber pocas dudas es de que con semejante obra parada a la vista de todo el mundo porque a un inversor se le fastidi\u00f3 el negocio de los aparcamientos, el discurso de la defensa insobornable de la sanidad p\u00fablica hace aguas por los cuatro costados.<\/p>\n<p>Acerca del puerto, esta semana hemos sabido que quienes prepararon las alegaciones del jeque contra el expediente que se le ha abierto por incumplir todos los puntos del contrato sin saltarse ninguno se podr\u00edan haber ahorrado el trabajo, y que los partidos no est\u00e1n trabajando en un cambio de discurso que al menos permita albergar la ilusi\u00f3n de que alguien est\u00e1 haciendo algo para que los cruceros puedan llegar alg\u00fan d\u00eda a Marbella.<\/p>\n<p>Cuando todos apuntan al adversario para enrostrarle un inminente fracaso es que consideran que el fracaso es inevitable. Hay rincones inasequibles al optimismo. Ellos sabr\u00e1n por qu\u00e9.<\/p>\n","protected":false},"excerpt":{"rendered":"<p>Si el t\u00e9rmino no estuviese tan denostado no faltar\u00eda quien ya se hubiese lanzado a advertir sobre la existencia de brotes verdes. Los negocios que abren comienzan a ser m\u00e1s de los que cierran, empieza a haber atascos donde en los \u00faltimos a\u00f1os el tr\u00e1nsito flu\u00eda y hasta los hoteles comienzan a perder el miedo [&hellip;]<\/p>\n","protected":false},"author":37,"featured_media":0,"comment_status":"open","ping_status":"open","sticky":false,"template":"","format":"standard","meta":[],"categories":[3],"tags":[],"_links":{"self":[{"href":"https:\/\/blogs.diariosur.es\/blogmalayo\/wp-json\/wp\/v2\/posts\/416"}],"collection":[{"href":"https:\/\/blogs.diariosur.es\/blogmalayo\/wp-json\/wp\/v2\/posts"}],"about":[{"href":"https:\/\/blogs.diariosur.es\/blogmalayo\/wp-json\/wp\/v2\/types\/post"}],"author":[{"embeddable":true,"href":"https:\/\/blogs.diariosur.es\/blogmalayo\/wp-json\/wp\/v2\/users\/37"}],"replies":[{"embeddable":true,"href":"https:\/\/blogs.diariosur.es\/blogmalayo\/wp-json\/wp\/v2\/comments?post=416"}],"version-history":[{"count":0,"href":"https:\/\/blogs.diariosur.es\/blogmalayo\/wp-json\/wp\/v2\/posts\/416\/revisions"}],"wp:attachment":[{"href":"https:\/\/blogs.diariosur.es\/blogmalayo\/wp-json\/wp\/v2\/media?parent=416"}],"wp:term":[{"taxonomy":"category","embeddable":true,"href":"https:\/\/blogs.diariosur.es\/blogmalayo\/wp-json\/wp\/v2\/categories?post=416"},{"taxonomy":"post_tag","embeddable":true,"href":"https:\/\/blogs.diariosur.es\/blogmalayo\/wp-json\/wp\/v2\/tags?post=416"}],"curies":[{"name":"wp","href":"https:\/\/api.w.org\/{rel}","templated":true}]}}