{"id":426,"date":"2013-07-23T00:35:45","date_gmt":"2013-07-22T22:35:45","guid":{"rendered":"http:\/\/blogs.diariosur.es\/blogmalayo\/?p=426"},"modified":"2013-07-23T00:35:45","modified_gmt":"2013-07-22T22:35:45","slug":"las-no-primarias-y-marbella","status":"publish","type":"post","link":"https:\/\/blogs.diariosur.es\/blogmalayo\/2013\/07\/23\/las-no-primarias-y-marbella\/","title":{"rendered":"Las no primarias y Marbella"},"content":{"rendered":"<p>Que el espacio pol\u00edtico y la calidad democr\u00e1tica est\u00e1n deteriorados hasta l\u00edmites cuyo alcance produce v\u00e9rtigo asumir es una evidencia que se consolida d\u00eda tras d\u00eda, y esta semana hemos tenido alguna prueba m\u00e1s.<\/p>\n<p>El PSOE andaluz convoc\u00f3 primarias para elegir a su candidato a las elecciones auton\u00f3micas, y el proceso ha finalizado antes de comenzar. Solo la aspirante oficial, Susana D\u00edaz, consigui\u00f3 los avales necesarios, de modo que las elecciones primarias se han resuelto sin elecciones primarias.<\/p>\n<p>Los dirigentes socialistas, que presentaron el proceso como una muestra de su af\u00e1n de renovaci\u00f3n, de transparencia y de democracia interna, acabaron celebrando que no haya habido primarias, que es como celebrar que no haya habido ni renovaci\u00f3n, ni transparencia, ni democracia interna.<\/p>\n<p>Convertir una competencia por atraer\u00a0 votos en una carrera por obtener avales donde la delf\u00edn tiene el camino allanado y los contrincantes corren con obst\u00e1culos puede presentarse como cada uno quiera, pero no es una pr\u00e1ctica democr\u00e1tica. Tampoco muestra intenci\u00f3n alguna de darle la palabra a los afiliados, y menos a\u00fan de apertura a la sociedad. Primero porque no todos los aspirantes estaban en igualdad de condiciones, y sobre todo porque la firma de un aval carece del car\u00e1cter secreto y ausente de presiones que constituye depositar un voto en una urna. Sobre todo en una organizaci\u00f3n que hace de la colocaci\u00f3n en las instituciones que gobierna un resorte b\u00e1sico de poder interno. El proceso no fue un ejercicio de libertad, sino todo lo contrario.<\/p>\n<p>El PSOE de Marbella se apunt\u00f3 con entusiasmo. Sus dirigentes no disimularon su ansiedad por mostrar m\u00e9ritos ante la nueva jefa y exhibieron un desinter\u00e9s absoluto por dar un solo argumento que permitiera a sus conciudadanos comprender por qu\u00e9 se adher\u00edan a una candidatura y no a otra.<\/p>\n<p>El debate de ideas, de proyecto o de modelo de partido que pudiese haberse derivado de una confrontaci\u00f3n electoral fue abortado por la imposibilidad de los otros candidatos a acudir a las urnas. Que se haya celebrado que esa confrontaci\u00f3n no fuera posible invita a pensar que no hab\u00eda muchas ideas por confrontar, que exist\u00eda incertidumbre sobre el resultado de unas elecciones limpias y poco inter\u00e9s en ir m\u00e1s all\u00e1 de un microclima interno que puede funcionar muy bien puertas adentro pero que acent\u00faa el abismo creciente entre los partidos y la sociedad a la que aspiran a representar.<\/p>\n<p>Que dirigentes pol\u00edticos celebren que no se desempolven las urnas de su partido es\u00a0 algo que ciertamente produce inquietud. Y seguramente ha dado un ba\u00f1o de realidad a los afiliados y simpatizantes socialistas que albergaran alguna expectativa de elecciones primarias para elegir a su pr\u00f3ximo candidato a la alcald\u00eda.<\/p>\n","protected":false},"excerpt":{"rendered":"<p>Que el espacio pol\u00edtico y la calidad democr\u00e1tica est\u00e1n deteriorados hasta l\u00edmites cuyo alcance produce v\u00e9rtigo asumir es una evidencia que se consolida d\u00eda tras d\u00eda, y esta semana hemos tenido alguna prueba m\u00e1s. El PSOE andaluz convoc\u00f3 primarias para elegir a su candidato a las elecciones auton\u00f3micas, y el proceso ha finalizado antes de [&hellip;]<\/p>\n","protected":false},"author":37,"featured_media":0,"comment_status":"open","ping_status":"open","sticky":false,"template":"","format":"standard","meta":[],"categories":[3],"tags":[],"_links":{"self":[{"href":"https:\/\/blogs.diariosur.es\/blogmalayo\/wp-json\/wp\/v2\/posts\/426"}],"collection":[{"href":"https:\/\/blogs.diariosur.es\/blogmalayo\/wp-json\/wp\/v2\/posts"}],"about":[{"href":"https:\/\/blogs.diariosur.es\/blogmalayo\/wp-json\/wp\/v2\/types\/post"}],"author":[{"embeddable":true,"href":"https:\/\/blogs.diariosur.es\/blogmalayo\/wp-json\/wp\/v2\/users\/37"}],"replies":[{"embeddable":true,"href":"https:\/\/blogs.diariosur.es\/blogmalayo\/wp-json\/wp\/v2\/comments?post=426"}],"version-history":[{"count":0,"href":"https:\/\/blogs.diariosur.es\/blogmalayo\/wp-json\/wp\/v2\/posts\/426\/revisions"}],"wp:attachment":[{"href":"https:\/\/blogs.diariosur.es\/blogmalayo\/wp-json\/wp\/v2\/media?parent=426"}],"wp:term":[{"taxonomy":"category","embeddable":true,"href":"https:\/\/blogs.diariosur.es\/blogmalayo\/wp-json\/wp\/v2\/categories?post=426"},{"taxonomy":"post_tag","embeddable":true,"href":"https:\/\/blogs.diariosur.es\/blogmalayo\/wp-json\/wp\/v2\/tags?post=426"}],"curies":[{"name":"wp","href":"https:\/\/api.w.org\/{rel}","templated":true}]}}