{"id":430,"date":"2013-07-29T11:58:56","date_gmt":"2013-07-29T09:58:56","guid":{"rendered":"http:\/\/blogs.diariosur.es\/blogmalayo\/?p=430"},"modified":"2013-07-29T11:58:56","modified_gmt":"2013-07-29T09:58:56","slug":"datos-y-percepciones","status":"publish","type":"post","link":"https:\/\/blogs.diariosur.es\/blogmalayo\/2013\/07\/29\/datos-y-percepciones\/","title":{"rendered":"Datos y percepciones"},"content":{"rendered":"<p><span style=\"color: #000000;\"><span style=\"font-family: Arial, sans-serif;\"><span>Las percepciones tienen a veces gran poder de seducci\u00f3n, pero no suele ser bueno claudicar ante la tentaci\u00f3n de ignorar los hechos. Durante esta semana se ha asistido a pol\u00e9micas donde las percepciones han pretendido imponerse a los datos objetivos.<\/span><\/span><\/span><\/p>\n<p><span style=\"color: #000000;\"><span style=\"font-family: Arial, sans-serif;\"><span>De todas, posiblemente la m\u00e1s absurda haya sido la de los socorristas en las playas. Es sabido que Marbella entr\u00f3 en el verano sin servicio de seguridad en sus 27 kil\u00f3metros de litoral, y que lo que se demor\u00f3 en contratar a los socorristas puso en evidencia cierto, dig\u00e1moslo suavemente, descuido o al menos parsimonia, por no hablar de irresponsabilidad e improvisaci\u00f3n. El Ayuntamiento no lleg\u00f3 a explicar suficientemente el por qu\u00e9 de este retraso \u2013lo m\u00e1s probable es que se tratara de una negligencia inaceptable\u2013 y tampoco el responsable del \u00e1rea se disculp\u00f3 por ello.<\/span><\/span><\/span><\/p>\n<p><span style=\"font-family: Arial, sans-serif;\"><span>Pero una vez solventado el asunto, se entr\u00f3 en un absurdo debate. Primero, se asegur\u00f3 que los socorristas contratados no eran tales, y despu\u00e9s desde el PSOE se puso en duda de que fueran efectivamente 120 personas las que trabajaran en el dispositivo de vigilancia como hab\u00eda anunciado el Ayuntamiento. Cuando se tiene acceso a la documentaci\u00f3n hay que ir a ella antes de lanzar dudas de ese tipo; si se impide ese acceso, hay que denunciarlo; si el equipo de gobierno da un dato falso hay que denunciarlo con m\u00e1s \u00edmpetu, pero lanzar dudas sin soporte documental da la sensaci\u00f3n de pereza y dice muy poco acerca de la seriedad de quien tiene la responsabilidad de controlar al gobierno municipal.<\/span><\/span><\/p>\n<p><span style=\"font-family: Arial, sans-serif;\"><span>Existe otra percepci\u00f3n, \u00e9sta avalada por algunos hechos, que es la que vislumbra a la ampliaci\u00f3n de La Bajadilla como un proyecto ya encaminado. En este asunto se han producido en los \u00faltimas semanas cambios que permiten ver la situaci\u00f3n mucho mejor de lo que lo estaba hace unos meses. La empresa adjudicataria se ha constituido como se le exig\u00eda y ha contratado un gerente para gestionar el puerto, y esos dos hechos han creado una percepci\u00f3n sobre el proyecto radicalmente distinta a la que hab\u00eda. No solo la percepci\u00f3n de la opini\u00f3n p\u00fablica, sino tambi\u00e9n la del equipo de gobierno municipal, aparentemente la de la propia oposici\u00f3n \u2013que dio su respaldo en el pleno del viernes a una moci\u00f3n que solicitaba a la APPA el archivo del expediente abierto para el rescate de la concesi\u00f3n\u2013, la de la Junta de Andaluc\u00eda, que le ha dado un nuevo plazo para que solvente los principales incumplimientos que a\u00fan subsisten, y hasta la del juez que orden\u00f3 el embargo de las acciones por un impago al equipo autor del proyecto y que ha aplazado inesperadamente hasta octubre su decisi\u00f3n sobre el nombramiento de un administrador judicial para las mismas.<\/span><\/span><\/p>\n<p><span style=\"font-family: Arial, sans-serif;\"><span>Hasta ahora, los incumplimientos con La Bajadilla hab\u00edan levantado dudas sobre la solvencia del jeque Al-Thani y su inter\u00e9s por continuar con el proyecto. De momento no ha habido un desembolso para el pago del canon y tampoco se ha presentado el proyecto constructivo, cuyo coste es elevado, de modo que las dudas sobre la solvencia a\u00fan podr\u00edan persistir. Pero en este caso la percepci\u00f3n parece ir por delante de los hechos.<\/span><\/span><\/p>\n<p><span style=\"font-family: Arial, sans-serif;\"><span>Sobre la marcha del verano tambi\u00e9n hay distintas percepciones, y seguramente eso es algo a lo que nos deber\u00edamos ir acostumbrando. Hay quienes dicen que la temporada marcha mejor que nunca, o al menos como sol\u00eda en los mejores a\u00f1os. Otros argumentan que no se levanta cabeza, y es probable que ambas opiniones tengan datos en qu\u00e9 sustentarse. <\/span><\/span><\/p>\n<p><span style=\"font-family: Arial, sans-serif;\"><span>Seguramente las valoraciones optimistas lleguen desde quienes tienen entre sus clientes a los turistas extranjeros. Cualquiera que recorra el casco antiguo a \u00faltima hora de la tarde podr\u00e1 observar mesas llenas y gente consumiendo. Dif\u00edcilmente escuche a los comensales hablando espa\u00f1ol. Los hoteles de cinco estrellas aseguran que est\u00e1n llenos, pero la ciudad y muchos de sus comercios ense\u00f1an huecos en pleno mes de julio. Es de esperar que en las pr\u00f3ximas semanas lleguen m\u00e1s turistas nacionales. Y es deseable que muestren algo m\u00e1s de alegr\u00eda a la hora de llevar la mano a la cartera.<\/span><\/span><\/p>\n<p><span style=\"font-family: Arial, sans-serif;\"><span>Y hubo otra percepci\u00f3n que afortunadamente se qued\u00f3 en eso. Sucedi\u00f3 el viernes por la tarde, cuando llegaron las primeras alarmas sobre un incendio en Estepona que obligaba a evacuar excursionistas, a desalojar viviendas y a cortar la autopista. Las primeras sensaciones remitieron a la tragedia de hace un a\u00f1o, cuando la Costa del Sol sufri\u00f3 el peor incendio de su historia.<\/span><\/span><\/p>\n<p><span style=\"font-family: Arial, sans-serif;\"><span>Pero todo qued\u00f3 en una mala sensaci\u00f3n y un mal recuerdo. A<\/span><\/span><span style=\"font-family: Arial, sans-serif;\">lgunas horas despu\u00e9s el balance hablaba de 25 hect\u00e1reas quemadas y un susto que se hab\u00eda quedado en eso.<\/span><\/p>\n<p>&nbsp;<\/p>\n","protected":false},"excerpt":{"rendered":"<p>Las percepciones tienen a veces gran poder de seducci\u00f3n, pero no suele ser bueno claudicar ante la tentaci\u00f3n de ignorar los hechos. Durante esta semana se ha asistido a pol\u00e9micas donde las percepciones han pretendido imponerse a los datos objetivos. De todas, posiblemente la m\u00e1s absurda haya sido la de los socorristas en las playas. [&hellip;]<\/p>\n","protected":false},"author":37,"featured_media":0,"comment_status":"open","ping_status":"open","sticky":false,"template":"","format":"standard","meta":[],"categories":[3],"tags":[],"_links":{"self":[{"href":"https:\/\/blogs.diariosur.es\/blogmalayo\/wp-json\/wp\/v2\/posts\/430"}],"collection":[{"href":"https:\/\/blogs.diariosur.es\/blogmalayo\/wp-json\/wp\/v2\/posts"}],"about":[{"href":"https:\/\/blogs.diariosur.es\/blogmalayo\/wp-json\/wp\/v2\/types\/post"}],"author":[{"embeddable":true,"href":"https:\/\/blogs.diariosur.es\/blogmalayo\/wp-json\/wp\/v2\/users\/37"}],"replies":[{"embeddable":true,"href":"https:\/\/blogs.diariosur.es\/blogmalayo\/wp-json\/wp\/v2\/comments?post=430"}],"version-history":[{"count":0,"href":"https:\/\/blogs.diariosur.es\/blogmalayo\/wp-json\/wp\/v2\/posts\/430\/revisions"}],"wp:attachment":[{"href":"https:\/\/blogs.diariosur.es\/blogmalayo\/wp-json\/wp\/v2\/media?parent=430"}],"wp:term":[{"taxonomy":"category","embeddable":true,"href":"https:\/\/blogs.diariosur.es\/blogmalayo\/wp-json\/wp\/v2\/categories?post=430"},{"taxonomy":"post_tag","embeddable":true,"href":"https:\/\/blogs.diariosur.es\/blogmalayo\/wp-json\/wp\/v2\/tags?post=430"}],"curies":[{"name":"wp","href":"https:\/\/api.w.org\/{rel}","templated":true}]}}