{"id":440,"date":"2013-09-26T20:44:22","date_gmt":"2013-09-26T18:44:22","guid":{"rendered":"http:\/\/blogs.diariosur.es\/blogmalayo\/?p=440"},"modified":"2013-09-26T20:44:22","modified_gmt":"2013-09-26T18:44:22","slug":"la-leccion","status":"publish","type":"post","link":"https:\/\/blogs.diariosur.es\/blogmalayo\/2013\/09\/26\/la-leccion\/","title":{"rendered":"La lecci\u00f3n"},"content":{"rendered":"<p>Ya hay fecha para la lectura p\u00fablica de la sentencia del \u2018caso Malaya\u2019 y Marbella se prepara para pasar la \u00faltima p\u00e1gina del cap\u00edtulo m\u00e1s negro de su historia.<br \/>\nEs verdad que hace ya alg\u00fan tiempo que el nombre de la ciudad ha dejado de estar asociado, casi como un sin\u00f3nimo, a la corrupci\u00f3n pol\u00edtica y al desmadre urban\u00edstico, no solo porque su realidad ha cambiado sino tambi\u00e9n porque en otras geograf\u00edas se han hecho m\u00e9ritos m\u00e1s que suficientes para ocupar el lugar que durante alg\u00fan tiempo se asign\u00f3 injusta y exclusivamente a Marbella.<br \/>\nPero el momento concreto en el que simb\u00f3licamente la ciudad podr\u00e1 cerrar esa etapa triste de su historia no habr\u00e1 llegado hasta el viernes de la semana pr\u00f3xima, cuando el episodio judicial que durante los \u00faltimos siete a\u00f1os ha estado en el centro de la atenci\u00f3n de la opini\u00f3n p\u00fablica protagonice su \u00faltimo acto.<br \/>\nDurante a\u00f1os la vida p\u00fablica de Marbella estuvo signada por las malas formas, la impunidad, la utilizaci\u00f3n del patrimonio p\u00fablico en beneficio privado, los ardides pseudo legales que dieron cobertura al saqueo de las arcas p\u00fablicas y la utilizaci\u00f3n de las mayor\u00edas electorales como coartada para actuar a discreci\u00f3n como si un triunfo en las urnas diese carta blanca para hacer lo que venga en gana. Esa fue, en resumidas cuentas, la pr\u00e1ctica que Gil y sus seguidores aplicaron durante 15 a\u00f1os, y a punto de que Marbella cierre ese cap\u00edtulo de su historia es buen momento para preguntarse si la vida p\u00fablica espa\u00f1ola est\u00e1 a salvo de la herencia gilista. Es la hora apropiada para mirar los \u00faltimos episodios vividos en el Congreso de los Diputados para preguntarse si los modos de Gil no perviven en Celia Villalobos, si no hay resquicios de impunidad en el patrimonio inexplicable de alg\u00fan exministro, si no hay disposici\u00f3n perversa de lo que es todos en la nueva ley de educaci\u00f3n que permite utilizar suelo p\u00fablico para construir colegios privados, si la Junta de Andaluc\u00eda no ha reproducido a lo grande el modelo gilista de crear sociedades y agencias para eludir cualquier tipo de control, o si las mayor\u00edas en las urnas no est\u00e1n siendo utilizadas por los pol\u00edticos con desprecio al mandato popular.<br \/>\nLa mayor lecci\u00f3n que dejaron los a\u00f1os de Gil en Marbella fue que el desprestigio de la pol\u00edtica solo puede traer personajes como \u00e9l. Pero la actualidad nos ense\u00f1a cada d\u00eda que lejos de combatir aquel modelo perverso, gran parte del estamento pol\u00edtico espa\u00f1ol ha preferido copiarlo.<\/p>\n","protected":false},"excerpt":{"rendered":"<p>Ya hay fecha para la lectura p\u00fablica de la sentencia del \u2018caso Malaya\u2019 y Marbella se prepara para pasar la \u00faltima p\u00e1gina del cap\u00edtulo m\u00e1s negro de su historia. Es verdad que hace ya alg\u00fan tiempo que el nombre de la ciudad ha dejado de estar asociado, casi como un sin\u00f3nimo, a la corrupci\u00f3n pol\u00edtica [&hellip;]<\/p>\n","protected":false},"author":37,"featured_media":0,"comment_status":"open","ping_status":"open","sticky":false,"template":"","format":"standard","meta":[],"categories":[3],"tags":[],"_links":{"self":[{"href":"https:\/\/blogs.diariosur.es\/blogmalayo\/wp-json\/wp\/v2\/posts\/440"}],"collection":[{"href":"https:\/\/blogs.diariosur.es\/blogmalayo\/wp-json\/wp\/v2\/posts"}],"about":[{"href":"https:\/\/blogs.diariosur.es\/blogmalayo\/wp-json\/wp\/v2\/types\/post"}],"author":[{"embeddable":true,"href":"https:\/\/blogs.diariosur.es\/blogmalayo\/wp-json\/wp\/v2\/users\/37"}],"replies":[{"embeddable":true,"href":"https:\/\/blogs.diariosur.es\/blogmalayo\/wp-json\/wp\/v2\/comments?post=440"}],"version-history":[{"count":0,"href":"https:\/\/blogs.diariosur.es\/blogmalayo\/wp-json\/wp\/v2\/posts\/440\/revisions"}],"wp:attachment":[{"href":"https:\/\/blogs.diariosur.es\/blogmalayo\/wp-json\/wp\/v2\/media?parent=440"}],"wp:term":[{"taxonomy":"category","embeddable":true,"href":"https:\/\/blogs.diariosur.es\/blogmalayo\/wp-json\/wp\/v2\/categories?post=440"},{"taxonomy":"post_tag","embeddable":true,"href":"https:\/\/blogs.diariosur.es\/blogmalayo\/wp-json\/wp\/v2\/tags?post=440"}],"curies":[{"name":"wp","href":"https:\/\/api.w.org\/{rel}","templated":true}]}}