{"id":442,"date":"2013-10-11T12:17:33","date_gmt":"2013-10-11T10:17:33","guid":{"rendered":"http:\/\/blogs.diariosur.es\/blogmalayo\/?p=442"},"modified":"2013-10-11T12:17:33","modified_gmt":"2013-10-11T10:17:33","slug":"malaya-condena-y-relato","status":"publish","type":"post","link":"https:\/\/blogs.diariosur.es\/blogmalayo\/2013\/10\/11\/malaya-condena-y-relato\/","title":{"rendered":"Malaya: condena y relato"},"content":{"rendered":"<p>Parece que fue un problema de expectativas, como cuando la cr\u00edtica que antecede a una pel\u00edcula es tan buena que la experiencia de verla no llega a lo que el p\u00fablico espera. El tribunal del &#8216;caso Malaya&#8217; se ha sentido obligado a dar alguna explicaci\u00f3n despu\u00e9s de que la mayor parte de la opini\u00f3n p\u00fablica recibiera la sentencia con desaz\u00f3n, atribulada por la sensaci\u00f3n de que la corrupci\u00f3n, si es a gran escala, sale a cuenta. Ya lo hab\u00eda dicho Jes\u00fas Gil, mentor, inspirador y gu\u00eda espiritual de esta caterva de sinverg\u00fcenzas: \u00abDe la c\u00e1rcel se sale, de pobre no\u00bb.<\/p>\n<p>A la vista de los saludos y las enhorabuenas que se cruzaban en la sala mientras se le\u00eda la sentencia y de las caras de satisfacci\u00f3n con la que abandonaban el Palacio de Justicia, parece que muchos de los condenados se hab\u00edan preparado para condenas m\u00e1s duras. As\u00ed de convencidos estaban de la inocencia que pregonan.<\/p>\n<p>Los magistrados han explicado que pese a los delitos grav\u00edsimos que han quedado demostrados, con la ley en la mano no cab\u00eda hacer otra cosa. Si se hubiese podido aplicar la actual legislaci\u00f3n sobre delitos de corrupci\u00f3n, y no el C\u00f3digo Penal anterior, no se habr\u00edan visto tantas sonrisas hirientes en el Palacio de Justicia.<\/p>\n<p>Pero la expectativa incumplida de que prosperaran las peticiones de las acusaciones -no solo la Fiscal\u00eda, sino tambi\u00e9n la Junta de Andaluc\u00eda y el Ayuntamiento de Marbella har\u00edan bien en preguntarse si hicieron correctamente su trabajo- no debe permitir que el relato de lo que sucedi\u00f3 en Marbella lo terminen escribiendo quienes se han librado por los pelos, confunden una condena leve con una declaraci\u00f3n de inocencia o sostienen que &#8216;Malaya&#8217; fue la ocurrencia de unos irresponsables en busca de protagonismo.<\/p>\n<p>Porque es la primera vez que se condena por hechos grav\u00edsimos a un gobierno municipal completo y, sobre todo, porque &#8216;Malaya&#8217; no fue ni ha sido nunca una causa general contra el gilismo, sino un caso abierto sobre algunos hechos concretos que tuvieron lugar en un corto periodo de tiempo. Si alguien pretende calcular en a\u00f1os de c\u00e1rcel lo que supusieron Gil y sus sucesores para Marbella deber\u00eda sumar a &#8216;Malaya&#8217; &#8216;Saqueo&#8217; 1 y 2, &#8216;Minutas&#8217;, &#8216;Blanqueo&#8217; y las centenares de causas abiertas por cuestiones urban\u00edsticas.<\/p>\n<p>Malaya ha pasado, y aunque los a\u00f1os de la corrupci\u00f3n en Marbella siguen vivos en juzgados de toda la provincia, el tiempo transcurrido juega a favor de la impunidad. Es el precio a pagar por la ineptitud, la complacencia y la cobard\u00eda con que la sociedad y el Estado afrontaron un problema llamado Jes\u00fas Gil.<\/p>\n","protected":false},"excerpt":{"rendered":"<p>Parece que fue un problema de expectativas, como cuando la cr\u00edtica que antecede a una pel\u00edcula es tan buena que la experiencia de verla no llega a lo que el p\u00fablico espera. El tribunal del &#8216;caso Malaya&#8217; se ha sentido obligado a dar alguna explicaci\u00f3n despu\u00e9s de que la mayor parte de la opini\u00f3n p\u00fablica [&hellip;]<\/p>\n","protected":false},"author":37,"featured_media":0,"comment_status":"open","ping_status":"open","sticky":false,"template":"","format":"standard","meta":[],"categories":[3],"tags":[],"_links":{"self":[{"href":"https:\/\/blogs.diariosur.es\/blogmalayo\/wp-json\/wp\/v2\/posts\/442"}],"collection":[{"href":"https:\/\/blogs.diariosur.es\/blogmalayo\/wp-json\/wp\/v2\/posts"}],"about":[{"href":"https:\/\/blogs.diariosur.es\/blogmalayo\/wp-json\/wp\/v2\/types\/post"}],"author":[{"embeddable":true,"href":"https:\/\/blogs.diariosur.es\/blogmalayo\/wp-json\/wp\/v2\/users\/37"}],"replies":[{"embeddable":true,"href":"https:\/\/blogs.diariosur.es\/blogmalayo\/wp-json\/wp\/v2\/comments?post=442"}],"version-history":[{"count":0,"href":"https:\/\/blogs.diariosur.es\/blogmalayo\/wp-json\/wp\/v2\/posts\/442\/revisions"}],"wp:attachment":[{"href":"https:\/\/blogs.diariosur.es\/blogmalayo\/wp-json\/wp\/v2\/media?parent=442"}],"wp:term":[{"taxonomy":"category","embeddable":true,"href":"https:\/\/blogs.diariosur.es\/blogmalayo\/wp-json\/wp\/v2\/categories?post=442"},{"taxonomy":"post_tag","embeddable":true,"href":"https:\/\/blogs.diariosur.es\/blogmalayo\/wp-json\/wp\/v2\/tags?post=442"}],"curies":[{"name":"wp","href":"https:\/\/api.w.org\/{rel}","templated":true}]}}