{"id":1956,"date":"2013-02-04T13:56:07","date_gmt":"2013-02-04T12:56:07","guid":{"rendered":"http:\/\/blogs.diariosur.es\/gracias-a-dior\/?p=1956"},"modified":"2013-02-04T13:56:07","modified_gmt":"2013-02-04T12:56:07","slug":"simof-2013-cierra-despues-de-cuatros-dias-muy-flamencos","status":"publish","type":"post","link":"https:\/\/blogs.diariosur.es\/gracias-a-dior\/2013\/02\/04\/simof-2013-cierra-despues-de-cuatros-dias-muy-flamencos\/","title":{"rendered":"SIMOF 2013 cierra despu\u00e9s de cuatros d\u00edas muy flamencos"},"content":{"rendered":"<p><strong>SIMOF 2013<\/strong> cerr\u00f3 este domingo sus puertas, tras <strong>cuatro d\u00edas<\/strong> en los que los <strong>trajes de gitana<\/strong> y<strong> complementos flamencos<\/strong> han llenado la<strong> pasarela sevillana<\/strong> que ha tenido m\u00e1s<strong> 55.000 visitantes<\/strong>.<\/p>\n<p>En este<a href=\"https:\/\/blogs.diariosur.es\/gracias-a-dior\/2013\/01\/31\/simof-2013-comienza-hoy-con-las-propuestas-de-lina\/\"> Simof 2013<\/a>, seg\u00fan ha se\u00f1alado la organizaci\u00f3n, se ha podido disfrutar de<strong> 20 desfiles profesionales<\/strong>, del <strong>Certamen de Dise\u00f1adores Noveles<\/strong>, que gan\u00f3<strong> Cristina Garc\u00eda con su colecci\u00f3n &#8216;Sexo, Moda y Rock and Roll<\/strong>&#8216;; <strong>19 dise\u00f1adores<\/strong> y firmas en pasarela, y m\u00e1s de <strong>1.000 vestidos de flamenca<\/strong>.<\/p>\n<p>Entre los trajes de gitana, que desfilaron este fin de semana, se pudieron ver algunas maravillas como las que dejaron <strong>Aurora Gavi\u00f1o y Mary Paz<\/strong>, el s\u00e1bado, o <strong>Fali de la Feria, Lalo Tejada, Carmen Vega y Hermanas Serra<\/strong>, entre otros, el domingo.<\/p>\n<div id=\"attachment_1957\" style=\"width: 410px\" class=\"wp-caption aligncenter\"><a href=\"\/gracias-a-dior\/wp-content\/uploads\/sites\/17\/2013\/02\/hermanas-serra.jpg\"><img aria-describedby=\"caption-attachment-1957\" loading=\"lazy\" class=\"size-full wp-image-1957\" title=\"Mar\u00eda Jos\u00e9 Su\u00e1rez, con un dise\u00f1o de Hermanas Serra. \/ Agencias\" src=\"\/gracias-a-dior\/wp-content\/uploads\/sites\/17\/2013\/02\/hermanas-serra.jpg\" alt=\"Mar\u00eda Jos\u00e9 Su\u00e1rez, con un dise\u00f1o de Hermanas Serra. \/ Agencias\" width=\"400\" height=\"281\" srcset=\"https:\/\/static-blogs.diariosur.es\/wp-content\/uploads\/sites\/17\/2013\/02\/hermanas-serra.jpg 400w, https:\/\/static-blogs.diariosur.es\/wp-content\/uploads\/sites\/17\/2013\/02\/hermanas-serra-300x211.jpg 300w\" sizes=\"(max-width: 400px) 100vw, 400px\" \/><\/a><p id=\"caption-attachment-1957\" class=\"wp-caption-text\">Mar\u00eda Jos\u00e9 Su\u00e1rez, con un dise\u00f1o de Hermanas Serra. \/ Agencias<\/p><\/div>\n<p>&nbsp;<\/p>\n<div id=\"attachment_1958\" style=\"width: 410px\" class=\"wp-caption aligncenter\"><a href=\"\/gracias-a-dior\/wp-content\/uploads\/sites\/17\/2013\/02\/carmen-vega.jpg\"><img aria-describedby=\"caption-attachment-1958\" loading=\"lazy\" class=\"size-full wp-image-1958\" title=\"Dise\u00f1os de Carmen Vega\" src=\"\/gracias-a-dior\/wp-content\/uploads\/sites\/17\/2013\/02\/carmen-vega.jpg\" alt=\"Dise\u00f1os de Carmen Vega\" width=\"400\" height=\"228\" srcset=\"https:\/\/static-blogs.diariosur.es\/wp-content\/uploads\/sites\/17\/2013\/02\/carmen-vega.jpg 400w, https:\/\/static-blogs.diariosur.es\/wp-content\/uploads\/sites\/17\/2013\/02\/carmen-vega-300x171.jpg 300w\" sizes=\"(max-width: 400px) 100vw, 400px\" \/><\/a><p id=\"caption-attachment-1958\" class=\"wp-caption-text\">Dise\u00f1os de Carmen Vega. \/ Agencias<\/p><\/div>\n<p>&nbsp;<\/p>\n<div id=\"attachment_1959\" style=\"width: 410px\" class=\"wp-caption aligncenter\"><a href=\"\/gracias-a-dior\/wp-content\/uploads\/sites\/17\/2013\/02\/fali-feria.jpg\"><img aria-describedby=\"caption-attachment-1959\" loading=\"lazy\" class=\"size-full wp-image-1959\" title=\"Traje de gitana de Fali de la Feri. \/ Agencias\" src=\"\/gracias-a-dior\/wp-content\/uploads\/sites\/17\/2013\/02\/fali-feria.jpg\" alt=\"Traje de gitana de Fali de la Feri. \/ Agencias\" width=\"400\" height=\"525\" srcset=\"https:\/\/static-blogs.diariosur.es\/wp-content\/uploads\/sites\/17\/2013\/02\/fali-feria.jpg 400w, https:\/\/static-blogs.diariosur.es\/wp-content\/uploads\/sites\/17\/2013\/02\/fali-feria-229x300.jpg 229w\" sizes=\"(max-width: 400px) 100vw, 400px\" \/><\/a><p id=\"caption-attachment-1959\" class=\"wp-caption-text\">Traje de gitana de Fali de la Feria. \/ Agencias<\/p><\/div>\n<p>&nbsp;<\/p>\n<div id=\"attachment_1960\" style=\"width: 410px\" class=\"wp-caption aligncenter\"><a href=\"\/gracias-a-dior\/wp-content\/uploads\/sites\/17\/2013\/02\/diseno-cancer.jpg\"><img aria-describedby=\"caption-attachment-1960\" loading=\"lazy\" class=\"size-full wp-image-1960\" title=\"Dise\u00f1o de la Pasarela contra el C\u00e1ncer. \/ Agencias\" src=\"\/gracias-a-dior\/wp-content\/uploads\/sites\/17\/2013\/02\/diseno-cancer.jpg\" alt=\"Dise\u00f1o de la Pasarela contra el C\u00e1ncer. \/ Agencias\" width=\"400\" height=\"606\" srcset=\"https:\/\/static-blogs.diariosur.es\/wp-content\/uploads\/sites\/17\/2013\/02\/diseno-cancer.jpg 400w, https:\/\/static-blogs.diariosur.es\/wp-content\/uploads\/sites\/17\/2013\/02\/diseno-cancer-198x300.jpg 198w\" sizes=\"(max-width: 400px) 100vw, 400px\" \/><\/a><p id=\"caption-attachment-1960\" class=\"wp-caption-text\">Dise\u00f1o de la Pasarela contra el C\u00e1ncer. \/ Agencias<\/p><\/div>\n<p>&nbsp;<\/p>\n<div id=\"attachment_1961\" style=\"width: 410px\" class=\"wp-caption aligncenter\"><a href=\"\/gracias-a-dior\/wp-content\/uploads\/sites\/17\/2013\/02\/aurora-gavino.jpg\"><img aria-describedby=\"caption-attachment-1961\" loading=\"lazy\" class=\"size-full wp-image-1961\" title=\"Dise\u00f1o de Aurora Gavino y Mary Paz. \/ Agencias\" src=\"\/gracias-a-dior\/wp-content\/uploads\/sites\/17\/2013\/02\/aurora-gavino.jpg\" alt=\"Dise\u00f1o de Aurora Gavino y Mary Paz. \/ Agencias\" width=\"400\" height=\"729\" srcset=\"https:\/\/static-blogs.diariosur.es\/wp-content\/uploads\/sites\/17\/2013\/02\/aurora-gavino.jpg 400w, https:\/\/static-blogs.diariosur.es\/wp-content\/uploads\/sites\/17\/2013\/02\/aurora-gavino-165x300.jpg 165w\" sizes=\"(max-width: 400px) 100vw, 400px\" \/><\/a><p id=\"caption-attachment-1961\" class=\"wp-caption-text\">Dise\u00f1o de Aurora Gavino y Mary Paz. \/ Agencias<\/p><\/div>\n<p>Como s\u00e9 que estas im\u00e1genes os saben a poco os paso tres<strong> galer\u00eda de fotos<\/strong> de lo que ha sido<strong> SIMOF 2013.<\/strong> \u00a1Disfrutadlas!<\/p>\n<p><strong><a href=\"http:\/\/www.diariosur.es\/multimedia\/fotos\/sociedad\/114200-simof-2013-imagenes-primera-jornada-0.html\" rel=\"external nofollow\">No te pierdas las mejores im\u00e1genes de la primera jornada<\/a><\/strong><\/p>\n<p><strong><a href=\"http:\/\/www.diariosur.es\/multimedia\/fotos\/ultimos\/114472-simof-2013-mejores-vestidos-gitana-sabado-0.html\" rel=\"external nofollow\">SIMOF 2013: Im\u00e1genes de los desfiles del s\u00e1bado<\/a><\/strong><\/p>\n<p><strong><a href=\"http:\/\/www.diariosur.es\/multimedia\/fotos\/ultimos\/114465-simof-2013-imagenes-ultima-jornada-0.html\" rel=\"external nofollow\">SIMOF 2013: Im\u00e1genes de la \u00faltima jornada<\/a><\/strong><\/p>\n","protected":false},"excerpt":{"rendered":"<p>SIMOF 2013 cerr\u00f3 este domingo sus puertas, tras cuatro d\u00edas en los que los trajes de gitana y complementos flamencos han llenado la pasarela sevillana que ha tenido m\u00e1s 55.000 visitantes. En este Simof 2013, seg\u00fan ha se\u00f1alado la organizaci\u00f3n, se ha podido disfrutar de 20 desfiles profesionales, del Certamen de Dise\u00f1adores Noveles, que gan\u00f3 [&hellip;]<\/p>\n","protected":false},"author":20,"featured_media":0,"comment_status":"open","ping_status":"closed","sticky":false,"template":"","format":"standard","meta":[],"categories":[3],"tags":[266,600,840,1274,1529,1781,1996,2853,3109],"_links":{"self":[{"href":"https:\/\/blogs.diariosur.es\/gracias-a-dior\/wp-json\/wp\/v2\/posts\/1956"}],"collection":[{"href":"https:\/\/blogs.diariosur.es\/gracias-a-dior\/wp-json\/wp\/v2\/posts"}],"about":[{"href":"https:\/\/blogs.diariosur.es\/gracias-a-dior\/wp-json\/wp\/v2\/types\/post"}],"author":[{"embeddable":true,"href":"https:\/\/blogs.diariosur.es\/gracias-a-dior\/wp-json\/wp\/v2\/users\/20"}],"replies":[{"embeddable":true,"href":"https:\/\/blogs.diariosur.es\/gracias-a-dior\/wp-json\/wp\/v2\/comments?post=1956"}],"version-history":[{"count":0,"href":"https:\/\/blogs.diariosur.es\/gracias-a-dior\/wp-json\/wp\/v2\/posts\/1956\/revisions"}],"wp:attachment":[{"href":"https:\/\/blogs.diariosur.es\/gracias-a-dior\/wp-json\/wp\/v2\/media?parent=1956"}],"wp:term":[{"taxonomy":"category","embeddable":true,"href":"https:\/\/blogs.diariosur.es\/gracias-a-dior\/wp-json\/wp\/v2\/categories?post=1956"},{"taxonomy":"post_tag","embeddable":true,"href":"https:\/\/blogs.diariosur.es\/gracias-a-dior\/wp-json\/wp\/v2\/tags?post=1956"}],"curies":[{"name":"wp","href":"https:\/\/api.w.org\/{rel}","templated":true}]}}