{"id":1980,"date":"2013-02-07T10:48:02","date_gmt":"2013-02-07T09:48:02","guid":{"rendered":"http:\/\/blogs.diariosur.es\/gracias-a-dior\/?p=1980"},"modified":"2013-02-07T10:48:02","modified_gmt":"2013-02-07T09:48:02","slug":"marc-jacobs-nuevo-fichaje-de-coca-cola-light","status":"publish","type":"post","link":"https:\/\/blogs.diariosur.es\/gracias-a-dior\/2013\/02\/07\/marc-jacobs-nuevo-fichaje-de-coca-cola-light\/","title":{"rendered":"Marc Jacobs, nuevo fichaje de Coca Cola Light"},"content":{"rendered":"<p>El reputado <strong>dise\u00f1ador<\/strong> americano<strong> Marc Jacobs<\/strong> trabajar\u00e1 con<strong> Cola Cola<\/strong> en este a\u00f1o <strong>2013<\/strong>. Seg\u00fan ha anunciado la marca de refrescos,<strong> Marc Jacobs<\/strong> ser\u00e1 el dise\u00f1ador creativo de <strong>Coca Cola Light<\/strong> e imagen de la misma.<\/p>\n<p>Marc Jacobs se une de esta manera a otros grandes de la moda como <strong>Jean Paul Gaultier, Karl Lagerfeld, Roberto Cavalli, Nathalie Rykiel, Diane Von Furstenberg o Moschino<\/strong> que han realizado de ediciones especiales. Pero el director creativo de la lujosa<strong> Louis Vuitton<\/strong> no ha querido limitarse al dise\u00f1o del <strong>envase<\/strong>, sino que adem\u00e1s prestar\u00e1 su imagen para la nueva <strong>campa\u00f1a publicitaria<\/strong>.<\/p>\n<div id=\"attachment_1981\" style=\"width: 410px\" class=\"wp-caption aligncenter\"><a href=\"\/gracias-a-dior\/wp-content\/uploads\/sites\/17\/2013\/02\/marc-jacobsblog.jpg\"><img aria-describedby=\"caption-attachment-1981\" loading=\"lazy\" class=\"size-full wp-image-1981\" title=\"Marc Jacobs para Coca Cola Light. \/ Facebook Diet Coke\" src=\"\/gracias-a-dior\/wp-content\/uploads\/sites\/17\/2013\/02\/marc-jacobsblog.jpg\" alt=\"Marc Jacobs para Coca Cola Light. \/ Facebook Diet Coke\" width=\"400\" height=\"533\" srcset=\"https:\/\/static-blogs.diariosur.es\/wp-content\/uploads\/sites\/17\/2013\/02\/marc-jacobsblog.jpg 400w, https:\/\/static-blogs.diariosur.es\/wp-content\/uploads\/sites\/17\/2013\/02\/marc-jacobsblog-225x300.jpg 225w\" sizes=\"(max-width: 400px) 100vw, 400px\" \/><\/a><p id=\"caption-attachment-1981\" class=\"wp-caption-text\">Marc Jacobs para Coca Cola Light. \/ Facebook Diet Coke<\/p><\/div>\n<p>En el <strong>spot<\/strong>, Marc Jacobs aparece en el interior de un <strong>fotomat\u00f3n<\/strong> vestido con su habitual <strong>falda<\/strong> y con el <strong>torso<\/strong> al <strong>desnudo<\/strong>, luciendo <strong>tatuajes<\/strong> y un <strong>cuerpo espectacular<\/strong> a sus casi <strong>50 a\u00f1os<\/strong>. Un quasi desnudo del que el reci\u00e9n fichaje de Coca Cola ha hablado para la <strong>edici\u00f3n mexicana<\/strong> de la revista <strong>Vogue<\/strong>: &#8220;Creo que es incre\u00edble que las personas quieran me quite la camisa. Voy a cumplir<strong> 50 a\u00f1os<\/strong> en <strong>dos meses<\/strong>, as\u00ed que creo deber\u00eda sentirme bien al respecto&#8221;.<\/p>\n<p>Sobre la colecci\u00f3n, que tendr\u00e1 tres<strong> estilos diferentes de latas y botellas<\/strong> seg\u00fan la d\u00e9cada que represente (lo<strong>s 80&#8242;, 90&#8242; y 2000<\/strong>), el dise\u00f1ador ha dicho que se pretend\u00eda que fuera &#8220;colorida y divertida&#8221;, ya que en este <strong>2013<\/strong> Coca Cola Light <strong>cumple 30<\/strong> a\u00f1os en <strong>Europa<\/strong>.<\/p>\n<p>Pero como suele pasar habitualmente, <strong>Espa\u00f1a<\/strong> no se encuentra, en un primer momento, entre los pa\u00edses donde aterrizar\u00e1 esta colecci\u00f3n. Los que s\u00ed podr\u00e1n disfrutar de las Coca Colas de Marc Jacobs ser\u00e1n nuestros vecinos <strong>franceses<\/strong>, en<strong> Inglaterra e Islandia<\/strong>.<\/p>\n<p>Os dejo el <strong>v\u00eddeo<\/strong> de la<strong> campa\u00f1a publicitaria<\/strong>:<\/p>\n<p><object id=\"flashObj\" width=\"590\" height=\"336\" classid=\"clsid:d27cdb6e-ae6d-11cf-96b8-444553540000\" codebase=\"http:\/\/download.macromedia.com\/pub\/shockwave\/cabs\/flash\/swflash.cab#version=6,0,40,0\"><param name=\"flashVars\" value=\"@videoPlayer=2147705645001&#038;playerID=676510367001&#038;playerKey=AQ~~,AAAAE_Nrlok~,_Cvi-4rvLA6X--B7PPDC_4gZVVejhp2P&#038;domain=embed&#038;dynamicStreaming=true\" \/><param name=\"base\" value=\"http:\/\/admin.brightcove.com\" \/><param name=\"seamlesstabbing\" value=\"false\" \/><param name=\"allowFullScreen\" value=\"true\" \/><param name=\"swLiveConnect\" value=\"true\" \/><param name=\"allowScriptAccess\" value=\"always\" \/><param name=\"src\" value=\"http:\/\/c.brightcove.com\/services\/viewer\/federated_f9?isVid=1&#038;isUI=1\" \/><param name=\"flashvars\" value=\"@videoPlayer=2147705645001&#038;playerID=676510367001&#038;playerKey=AQ~~,AAAAE_Nrlok~,_Cvi-4rvLA6X--B7PPDC_4gZVVejhp2P&#038;domain=embed&#038;dynamicStreaming=true\" \/><param name=\"allowfullscreen\" value=\"true\" \/><param name=\"allowscriptaccess\" value=\"always\" \/><param name=\"swliveconnect\" value=\"true\" \/><param name=\"pluginspage\" value=\"http:\/\/www.macromedia.com\/shockwave\/download\/index.cgi?P1_Prod_Version=ShockwaveFlash\" \/><embed id=\"flashObj\" width=\"590\" height=\"336\" type=\"application\/x-shockwave-flash\" src=\"\/\/c.brightcove.com\/services\/viewer\/federated_f9?isVid=1&#038;isUI=1\" flashVars=\"@videoPlayer=2147705645001&#038;playerID=676510367001&#038;playerKey=AQ~~,AAAAE_Nrlok~,_Cvi-4rvLA6X--B7PPDC_4gZVVejhp2P&#038;domain=embed&#038;dynamicStreaming=true\" base=\"http:\/\/admin.brightcove.com\" seamlesstabbing=\"false\" allowFullScreen=\"true\" swLiveConnect=\"true\" allowScriptAccess=\"always\" flashvars=\"@videoPlayer=2147705645001&#038;playerID=676510367001&#038;playerKey=AQ~~,AAAAE_Nrlok~,_Cvi-4rvLA6X--B7PPDC_4gZVVejhp2P&#038;domain=embed&#038;dynamicStreaming=true\" allowfullscreen=\"true\" allowscriptaccess=\"always\" swliveconnect=\"true\" pluginspage=\"http:\/\/www.macromedia.com\/shockwave\/download\/index.cgi?P1_Prod_Version=ShockwaveFlash\" \/><\/object><\/p>\n","protected":false},"excerpt":{"rendered":"<p>El reputado dise\u00f1ador americano Marc Jacobs trabajar\u00e1 con Cola Cola en este a\u00f1o 2013. Seg\u00fan ha anunciado la marca de refrescos, Marc Jacobs ser\u00e1 el dise\u00f1ador creativo de Coca Cola Light e imagen de la misma. Marc Jacobs se une de esta manera a otros grandes de la moda como Jean Paul Gaultier, Karl Lagerfeld, [&hellip;]<\/p>\n","protected":false},"author":20,"featured_media":0,"comment_status":"open","ping_status":"closed","sticky":false,"template":"","format":"standard","meta":[],"categories":[3],"tags":[34,49,461,1014,1142,1645,1716,1800,1907,2227,2702],"_links":{"self":[{"href":"https:\/\/blogs.diariosur.es\/gracias-a-dior\/wp-json\/wp\/v2\/posts\/1980"}],"collection":[{"href":"https:\/\/blogs.diariosur.es\/gracias-a-dior\/wp-json\/wp\/v2\/posts"}],"about":[{"href":"https:\/\/blogs.diariosur.es\/gracias-a-dior\/wp-json\/wp\/v2\/types\/post"}],"author":[{"embeddable":true,"href":"https:\/\/blogs.diariosur.es\/gracias-a-dior\/wp-json\/wp\/v2\/users\/20"}],"replies":[{"embeddable":true,"href":"https:\/\/blogs.diariosur.es\/gracias-a-dior\/wp-json\/wp\/v2\/comments?post=1980"}],"version-history":[{"count":0,"href":"https:\/\/blogs.diariosur.es\/gracias-a-dior\/wp-json\/wp\/v2\/posts\/1980\/revisions"}],"wp:attachment":[{"href":"https:\/\/blogs.diariosur.es\/gracias-a-dior\/wp-json\/wp\/v2\/media?parent=1980"}],"wp:term":[{"taxonomy":"category","embeddable":true,"href":"https:\/\/blogs.diariosur.es\/gracias-a-dior\/wp-json\/wp\/v2\/categories?post=1980"},{"taxonomy":"post_tag","embeddable":true,"href":"https:\/\/blogs.diariosur.es\/gracias-a-dior\/wp-json\/wp\/v2\/tags?post=1980"}],"curies":[{"name":"wp","href":"https:\/\/api.w.org\/{rel}","templated":true}]}}