{"id":2003,"date":"2013-02-12T00:05:18","date_gmt":"2013-02-11T23:05:18","guid":{"rendered":"http:\/\/blogs.diariosur.es\/gracias-a-dior\/?p=2003"},"modified":"2013-02-12T00:05:18","modified_gmt":"2013-02-11T23:05:18","slug":"la-mujer-bella-y-bestia-de-custo-barcelona-triunfa-en-nueva-york","status":"publish","type":"post","link":"https:\/\/blogs.diariosur.es\/gracias-a-dior\/2013\/02\/12\/la-mujer-bella-y-bestia-de-custo-barcelona-triunfa-en-nueva-york\/","title":{"rendered":"La mujer Bella y Bestia de Custo Barcelona triunfa en Nueva York"},"content":{"rendered":"<p>Hoy vamos a viajar, aunque sea mentalmente, a<strong> Nueva York.<\/strong> Estos d\u00edas se celebra la <strong>Mercedes Benz Fashion Week<\/strong> y entre <strong>dise\u00f1ador<\/strong> y dise\u00f1ador, se ha podido ver sobre la <strong>pasarela<\/strong> a un <strong>espa\u00f1ol<\/strong> que cada vez que presenta sus <strong>colecciones<\/strong> en la <strong>Gran Manzana<\/strong> abarrota el<strong> front row<\/strong>. Se trata de<strong> Custo Barcelona<\/strong>, que desde que se introdujo en el <strong>mercado estadounidense<\/strong> ha sido seguido y perseguido por multitud de <strong>famosos<\/strong> que quieren lucir algunas de sus <strong>creaciones<\/strong>.<\/p>\n<p>Custo, uno de mis dise\u00f1adores preferidos, present\u00f3 su colecci\u00f3n <strong>&#8216;The Beauty and the Beast&#8217;<\/strong> (<strong>La muy Bella y la un poco Bestia<\/strong>, seg\u00fan el dise\u00f1ador), un nombre que hace relaci\u00f3n a dos tipos de<strong> mujeres contrapuestas<\/strong>, pero que a la vez se complementan en esta nueva l\u00ednea del <strong>modisto catal\u00e1n<\/strong>. El <strong>oto\u00f1o-invierno 2013-2014<\/strong> de Custo se basa en el <strong>mestizaje. Por<\/strong>\u00a0un lado se observa una est\u00e9tica de modelos que lucen <strong>propuestas entalladas<\/strong> con formas <strong>atl\u00e9ticas y femenina que<\/strong>\u00a0representa a la parte &#8216;<strong>La muy bella<\/strong>&#8216;, y otra<strong> l\u00ednea \u00e9tnica<\/strong> (por lo que chicas, los <strong>estampados ikat <\/strong>que tanto estamos usando esta temporada, los veremos de nuevo el <strong>invierno<\/strong> que viene), en la que los <strong>vol\u00famenes<\/strong> ser\u00e1n los protagonistas de la versi\u00f3n &#8216;La un poco bestia&#8217;.<\/p>\n<p>Para <strong>Custo Barcelona<\/strong>, &#8216;La muy bella&#8217;, es una mujer muy <strong>sexy<\/strong>, que le gusta llevar <strong>prendas<\/strong> <strong>entalladas<\/strong>, en la que los hombros se marcan y los cortes se vuelven ergon\u00f3micos. Eso es lo que se vio en una pasarela en la las modelos lucieron <strong>vestidos cortos, minis y maxi jerseys, monos ajustados<\/strong> de estilo <strong>deportivo<\/strong> y que se combinan con<strong> chaquetas<\/strong> cortas de <strong>patchworks<\/strong> en gran variedad de <strong>tejidos<\/strong>. Para esta l\u00ednea, el catal\u00e1n hace uso de una paleta de <strong>colores<\/strong> basada en el <strong>dorado, fucsia, verde agua, granate, gris plomo, marino, verde kaki o militar y tonos met\u00e1licos<\/strong>.<\/p>\n<p>En el otro lado, la versi\u00f3n<strong> &#8216;La un poco bestia&#8217;<\/strong> est\u00e1 formada por <strong>abrigos<\/strong> muy <strong>originales<\/strong>, en los que el protagonismo se le otorga a las <strong>mangas<\/strong> y a las <strong>formas esf\u00e9ricas<\/strong>. Los patchs de m\u00faltiples <strong>tejidos<\/strong> como el pelo con<strong> lanas de hilaturas barrocas y piezas met\u00e1licas y \u00e9tnico-futuristas<\/strong>, se mezclan en prendas de <strong>estilo navajo<\/strong>. Para esta parte de la colecci\u00f3n, Custo Barcelona opta por <strong>crudos, grises, marrones y verdosos,<\/strong> unos colores que se mezclan con pasamaner\u00edas met\u00e1licas.<\/p>\n<p>Pero <strong>Custo Dalmau<\/strong> no s\u00f3lo viste a la mujer y el hombre tambi\u00e9n tiene un hueco en su taller. Para \u00e9l ha creado un <strong>oto\u00f1o-invierno 2013<\/strong> de aire <strong>castrense<\/strong>, pero a la vez chic y elegante, donde los abrigos, uno de los puntos fuertes de las colecciones del <strong>modisto<\/strong>, son el <strong>complemento<\/strong> ideal de una estaci\u00f3n en el que fr\u00edo aprieta y las <strong>prendas exteriores<\/strong> se vuelven fundamentales a la hora de aportar ese toque de distinci\u00f3n.<\/p>\n<p><a href=\"\/gracias-a-dior\/wp-content\/uploads\/sites\/17\/2013\/02\/custo8.jpg\"><img loading=\"lazy\" class=\"aligncenter size-full wp-image-2004\" title=\"\" src=\"\/gracias-a-dior\/wp-content\/uploads\/sites\/17\/2013\/02\/custo8.jpg\" alt=\"\" width=\"400\" height=\"586\" srcset=\"https:\/\/static-blogs.diariosur.es\/wp-content\/uploads\/sites\/17\/2013\/02\/custo8.jpg 400w, https:\/\/static-blogs.diariosur.es\/wp-content\/uploads\/sites\/17\/2013\/02\/custo8-205x300.jpg 205w\" sizes=\"(max-width: 400px) 100vw, 400px\" \/><\/a><\/p>\n<p><a href=\"\/gracias-a-dior\/wp-content\/uploads\/sites\/17\/2013\/02\/custo7.jpg\"><img loading=\"lazy\" class=\"aligncenter size-full wp-image-2011\" title=\"\" src=\"\/gracias-a-dior\/wp-content\/uploads\/sites\/17\/2013\/02\/custo7.jpg\" alt=\"\" width=\"400\" height=\"531\" srcset=\"https:\/\/static-blogs.diariosur.es\/wp-content\/uploads\/sites\/17\/2013\/02\/custo7.jpg 400w, https:\/\/static-blogs.diariosur.es\/wp-content\/uploads\/sites\/17\/2013\/02\/custo7-226x300.jpg 226w\" sizes=\"(max-width: 400px) 100vw, 400px\" \/><\/a><\/p>\n<p><a href=\"\/gracias-a-dior\/wp-content\/uploads\/sites\/17\/2013\/02\/custo6.jpg\"><img loading=\"lazy\" class=\"aligncenter size-full wp-image-2010\" title=\"\" src=\"\/gracias-a-dior\/wp-content\/uploads\/sites\/17\/2013\/02\/custo6.jpg\" alt=\"\" width=\"400\" height=\"595\" srcset=\"https:\/\/static-blogs.diariosur.es\/wp-content\/uploads\/sites\/17\/2013\/02\/custo6.jpg 400w, https:\/\/static-blogs.diariosur.es\/wp-content\/uploads\/sites\/17\/2013\/02\/custo6-202x300.jpg 202w\" sizes=\"(max-width: 400px) 100vw, 400px\" \/><\/a><\/p>\n<p><a href=\"\/gracias-a-dior\/wp-content\/uploads\/sites\/17\/2013\/02\/custo5.jpg\"><img loading=\"lazy\" class=\"aligncenter size-full wp-image-2009\" title=\"\" src=\"\/gracias-a-dior\/wp-content\/uploads\/sites\/17\/2013\/02\/custo5.jpg\" alt=\"\" width=\"400\" height=\"602\" srcset=\"https:\/\/static-blogs.diariosur.es\/wp-content\/uploads\/sites\/17\/2013\/02\/custo5.jpg 400w, https:\/\/static-blogs.diariosur.es\/wp-content\/uploads\/sites\/17\/2013\/02\/custo5-199x300.jpg 199w\" sizes=\"(max-width: 400px) 100vw, 400px\" \/><\/a><br \/>\n<a href=\"\/gracias-a-dior\/wp-content\/uploads\/sites\/17\/2013\/02\/custo4.jpg\"><img loading=\"lazy\" class=\"aligncenter size-full wp-image-2008\" title=\"\" src=\"\/gracias-a-dior\/wp-content\/uploads\/sites\/17\/2013\/02\/custo4.jpg\" alt=\"\" width=\"400\" height=\"585\" srcset=\"https:\/\/static-blogs.diariosur.es\/wp-content\/uploads\/sites\/17\/2013\/02\/custo4.jpg 400w, https:\/\/static-blogs.diariosur.es\/wp-content\/uploads\/sites\/17\/2013\/02\/custo4-205x300.jpg 205w\" sizes=\"(max-width: 400px) 100vw, 400px\" \/><\/a><a href=\"\/gracias-a-dior\/wp-content\/uploads\/sites\/17\/2013\/02\/custo3.jpg\"><img loading=\"lazy\" class=\"aligncenter size-full wp-image-2007\" title=\"\" src=\"\/gracias-a-dior\/wp-content\/uploads\/sites\/17\/2013\/02\/custo3.jpg\" alt=\"\" width=\"400\" height=\"602\" srcset=\"https:\/\/static-blogs.diariosur.es\/wp-content\/uploads\/sites\/17\/2013\/02\/custo3.jpg 400w, https:\/\/static-blogs.diariosur.es\/wp-content\/uploads\/sites\/17\/2013\/02\/custo3-199x300.jpg 199w\" sizes=\"(max-width: 400px) 100vw, 400px\" \/><\/a><br \/>\n<a href=\"\/gracias-a-dior\/wp-content\/uploads\/sites\/17\/2013\/02\/custo2.jpg\"><img loading=\"lazy\" class=\"aligncenter size-full wp-image-2006\" title=\"\" src=\"\/gracias-a-dior\/wp-content\/uploads\/sites\/17\/2013\/02\/custo2.jpg\" alt=\"\" width=\"400\" height=\"243\" srcset=\"https:\/\/static-blogs.diariosur.es\/wp-content\/uploads\/sites\/17\/2013\/02\/custo2.jpg 400w, https:\/\/static-blogs.diariosur.es\/wp-content\/uploads\/sites\/17\/2013\/02\/custo2-300x182.jpg 300w\" sizes=\"(max-width: 400px) 100vw, 400px\" \/><\/a><\/p>\n<p><a href=\"\/gracias-a-dior\/wp-content\/uploads\/sites\/17\/2013\/02\/custo1.jpg\"><img loading=\"lazy\" class=\"aligncenter size-full wp-image-2005\" title=\"\" src=\"\/gracias-a-dior\/wp-content\/uploads\/sites\/17\/2013\/02\/custo1.jpg\" alt=\"\" width=\"400\" height=\"606\" srcset=\"https:\/\/static-blogs.diariosur.es\/wp-content\/uploads\/sites\/17\/2013\/02\/custo1.jpg 400w, https:\/\/static-blogs.diariosur.es\/wp-content\/uploads\/sites\/17\/2013\/02\/custo1-198x300.jpg 198w\" sizes=\"(max-width: 400px) 100vw, 400px\" \/><\/a><br \/>\nOs dejo el v\u00eddeo resumen del desfile de Custo Barcelona en Nueva York:<\/p>\n<p><object id=\"flashObj\" width=\"590\" height=\"336\" classid=\"clsid:d27cdb6e-ae6d-11cf-96b8-444553540000\" codebase=\"http:\/\/download.macromedia.com\/pub\/shockwave\/cabs\/flash\/swflash.cab#version=6,0,40,0\"><param name=\"flashVars\" value=\"@videoPlayer=2156432306001&#038;playerID=676510367001&#038;playerKey=AQ~~,AAAAE_Nrlok~,_Cvi-4rvLA6X--B7PPDC_4gZVVejhp2P&#038;domain=embed&#038;dynamicStreaming=true\" \/><param name=\"base\" value=\"http:\/\/admin.brightcove.com\" \/><param name=\"seamlesstabbing\" value=\"false\" \/><param name=\"allowFullScreen\" value=\"true\" \/><param name=\"swLiveConnect\" value=\"true\" \/><param name=\"allowScriptAccess\" value=\"always\" \/><param name=\"src\" value=\"http:\/\/c.brightcove.com\/services\/viewer\/federated_f9?isVid=1&#038;isUI=1\" \/><param name=\"flashvars\" value=\"@videoPlayer=2156432306001&#038;playerID=676510367001&#038;playerKey=AQ~~,AAAAE_Nrlok~,_Cvi-4rvLA6X--B7PPDC_4gZVVejhp2P&#038;domain=embed&#038;dynamicStreaming=true\" \/><param name=\"allowfullscreen\" value=\"true\" \/><param name=\"allowscriptaccess\" value=\"always\" \/><param name=\"swliveconnect\" value=\"true\" \/><param name=\"pluginspage\" value=\"http:\/\/www.macromedia.com\/shockwave\/download\/index.cgi?P1_Prod_Version=ShockwaveFlash\" \/><embed id=\"flashObj\" width=\"590\" height=\"336\" type=\"application\/x-shockwave-flash\" src=\"\/\/c.brightcove.com\/services\/viewer\/federated_f9?isVid=1&#038;isUI=1\" flashVars=\"@videoPlayer=2156432306001&#038;playerID=676510367001&#038;playerKey=AQ~~,AAAAE_Nrlok~,_Cvi-4rvLA6X--B7PPDC_4gZVVejhp2P&#038;domain=embed&#038;dynamicStreaming=true\" base=\"http:\/\/admin.brightcove.com\" seamlesstabbing=\"false\" allowFullScreen=\"true\" swLiveConnect=\"true\" allowScriptAccess=\"always\" flashvars=\"@videoPlayer=2156432306001&#038;playerID=676510367001&#038;playerKey=AQ~~,AAAAE_Nrlok~,_Cvi-4rvLA6X--B7PPDC_4gZVVejhp2P&#038;domain=embed&#038;dynamicStreaming=true\" allowfullscreen=\"true\" allowscriptaccess=\"always\" swliveconnect=\"true\" pluginspage=\"http:\/\/www.macromedia.com\/shockwave\/download\/index.cgi?P1_Prod_Version=ShockwaveFlash\" \/><\/object><\/p>\n","protected":false},"excerpt":{"rendered":"<p>Hoy vamos a viajar, aunque sea mentalmente, a Nueva York. Estos d\u00edas se celebra la Mercedes Benz Fashion Week y entre dise\u00f1ador y dise\u00f1ador, se ha podido ver sobre la pasarela a un espa\u00f1ol que cada vez que presenta sus colecciones en la Gran Manzana abarrota el front row. Se trata de Custo Barcelona, que [&hellip;]<\/p>\n","protected":false},"author":20,"featured_media":0,"comment_status":"open","ping_status":"closed","sticky":false,"template":"","format":"standard","meta":[],"categories":[3],"tags":[341,623,947,1228,2075,2103,2192,2292],"_links":{"self":[{"href":"https:\/\/blogs.diariosur.es\/gracias-a-dior\/wp-json\/wp\/v2\/posts\/2003"}],"collection":[{"href":"https:\/\/blogs.diariosur.es\/gracias-a-dior\/wp-json\/wp\/v2\/posts"}],"about":[{"href":"https:\/\/blogs.diariosur.es\/gracias-a-dior\/wp-json\/wp\/v2\/types\/post"}],"author":[{"embeddable":true,"href":"https:\/\/blogs.diariosur.es\/gracias-a-dior\/wp-json\/wp\/v2\/users\/20"}],"replies":[{"embeddable":true,"href":"https:\/\/blogs.diariosur.es\/gracias-a-dior\/wp-json\/wp\/v2\/comments?post=2003"}],"version-history":[{"count":0,"href":"https:\/\/blogs.diariosur.es\/gracias-a-dior\/wp-json\/wp\/v2\/posts\/2003\/revisions"}],"wp:attachment":[{"href":"https:\/\/blogs.diariosur.es\/gracias-a-dior\/wp-json\/wp\/v2\/media?parent=2003"}],"wp:term":[{"taxonomy":"category","embeddable":true,"href":"https:\/\/blogs.diariosur.es\/gracias-a-dior\/wp-json\/wp\/v2\/categories?post=2003"},{"taxonomy":"post_tag","embeddable":true,"href":"https:\/\/blogs.diariosur.es\/gracias-a-dior\/wp-json\/wp\/v2\/tags?post=2003"}],"curies":[{"name":"wp","href":"https:\/\/api.w.org\/{rel}","templated":true}]}}