{"id":2028,"date":"2013-03-15T09:23:57","date_gmt":"2013-03-15T08:23:57","guid":{"rendered":"http:\/\/blogs.diariosur.es\/gracias-a-dior\/?p=2028"},"modified":"2013-03-15T09:23:57","modified_gmt":"2013-03-15T08:23:57","slug":"180-anos-midiendo-el-tiempo-jaeger-lecoultre","status":"publish","type":"post","link":"https:\/\/blogs.diariosur.es\/gracias-a-dior\/2013\/03\/15\/180-anos-midiendo-el-tiempo-jaeger-lecoultre\/","title":{"rendered":"180 a\u00f1os midiendo el tiempo, Jaeger-LeCoultre"},"content":{"rendered":"<p>De todos los complementos hay uno que me vuelve loca. Ya lo sabr\u00e9is porque alguna vez he comentado lo que me gustan los <strong>relojes<\/strong>, una tentaci\u00f3n que me hace que tengo de todo <strong>tipo<\/strong> y de multitud de <strong>colores<\/strong>. Por este motivo y porque hay una marca de celebraci\u00f3n, hoy quiero hacer una parada expr\u00e9s en una firma especial. Se trata de la <strong>casa relojera suiza<\/strong>, <strong>Jaeger-LeCoultre<\/strong>, que <strong>cumple<\/strong> nada m\u00e1s y nada menos que la cifra de<strong> 180 a\u00f1os<\/strong>.<\/p>\n<p><a href=\"\/gracias-a-dior\/wp-content\/uploads\/sites\/17\/2013\/02\/MJLC_Ancienne_ferme_1833R.jpg\"><img loading=\"lazy\" class=\"aligncenter size-full wp-image-2034\" title=\"\" src=\"\/gracias-a-dior\/wp-content\/uploads\/sites\/17\/2013\/02\/MJLC_Ancienne_ferme_1833R.jpg\" alt=\"\" width=\"400\" height=\"299\" srcset=\"https:\/\/static-blogs.diariosur.es\/wp-content\/uploads\/sites\/17\/2013\/02\/MJLC_Ancienne_ferme_1833R.jpg 400w, https:\/\/static-blogs.diariosur.es\/wp-content\/uploads\/sites\/17\/2013\/02\/MJLC_Ancienne_ferme_1833R-300x224.jpg 300w\" sizes=\"(max-width: 400px) 100vw, 400px\" \/><\/a><br \/>\nA pesar de contar con casi dos siglos de vida, Jaeger-LeCoultre, sigue estando joven y con fuerzas suficientes para seguir dando guerra. Echando la mirada atr\u00e1s, la Manufactura puede estar orgullosa de haber creado y fabricado en sus <strong>talleres<\/strong> m\u00e1s de <strong>1.200 calibres distintos<\/strong> y haber registrado m\u00e1s de<strong> 400 patentes<\/strong>. Adem\u00e1s Jaeger-LeCoultre puede dar envidia a otras firmas por tener <strong>relojes legendarios<\/strong> como\u00a0el <strong>Reverso, el Duoplan, el\u00a0 Memovox, el Polaris, los Gyrotourbillon I y 2<\/strong>, la l\u00ednea<strong> Duom\u00e8tre y el p\u00e9ndulo perpetuo Atmos<\/strong>.<\/p>\n<p><a href=\"\/gracias-a-dior\/wp-content\/uploads\/sites\/17\/2013\/02\/Gem-setting-at-Manufacture-.jpg\"><img loading=\"lazy\" class=\"aligncenter size-full wp-image-2032\" title=\"\" src=\"\/gracias-a-dior\/wp-content\/uploads\/sites\/17\/2013\/02\/Gem-setting-at-Manufacture-.jpg\" alt=\"\" width=\"400\" height=\"267\" srcset=\"https:\/\/static-blogs.diariosur.es\/wp-content\/uploads\/sites\/17\/2013\/02\/Gem-setting-at-Manufacture-.jpg 400w, https:\/\/static-blogs.diariosur.es\/wp-content\/uploads\/sites\/17\/2013\/02\/Gem-setting-at-Manufacture--300x200.jpg 300w\" sizes=\"(max-width: 400px) 100vw, 400px\" \/><\/a><\/p>\n<p>Con todos estos antecedentes, Jaeger-LeCoultre va a conmemorar este <strong>180 aniversario<\/strong> por todo lo alto y por ello crear\u00e1 unos<strong> guarda-tiempos excepcionales<\/strong>, realizar\u00e1 <strong>exposiciones<\/strong> y <strong>eventos exclusivos<\/strong> a lo largo y ancho del mundo.<\/p>\n<p><a href=\"\/gracias-a-dior\/wp-content\/uploads\/sites\/17\/2013\/02\/Reception-at-Manufacture-Ja.jpg\"><img loading=\"lazy\" class=\"aligncenter size-full wp-image-2030\" title=\"\" src=\"\/gracias-a-dior\/wp-content\/uploads\/sites\/17\/2013\/02\/Reception-at-Manufacture-Ja.jpg\" alt=\"\" width=\"400\" height=\"600\" srcset=\"https:\/\/static-blogs.diariosur.es\/wp-content\/uploads\/sites\/17\/2013\/02\/Reception-at-Manufacture-Ja.jpg 400w, https:\/\/static-blogs.diariosur.es\/wp-content\/uploads\/sites\/17\/2013\/02\/Reception-at-Manufacture-Ja-200x300.jpg 200w\" sizes=\"(max-width: 400px) 100vw, 400px\" \/><\/a><\/p>\n<p>En la actualidad, m\u00e1s de<strong> 1.000 personas trabajan<\/strong> en la casa relojera y dominan todas las especialidades de la marca que m\u00e1s imaginaci\u00f3n tiene\u00a0 en el mundo de la relojer\u00eda. Como dicen en Jaeger-LeCoultre: &#8220;El <strong>siglo XXI, o la creatividad sin l\u00edmite&#8221;<\/strong>.<\/p>\n<p><a href=\"\/gracias-a-dior\/wp-content\/uploads\/sites\/17\/2013\/02\/Manufacture-Jaeger-LeCoultr.jpg\"><img loading=\"lazy\" class=\"aligncenter size-full wp-image-2033\" title=\"\" src=\"\/gracias-a-dior\/wp-content\/uploads\/sites\/17\/2013\/02\/Manufacture-Jaeger-LeCoultr.jpg\" alt=\"\" width=\"400\" height=\"267\" srcset=\"https:\/\/static-blogs.diariosur.es\/wp-content\/uploads\/sites\/17\/2013\/02\/Manufacture-Jaeger-LeCoultr.jpg 400w, https:\/\/static-blogs.diariosur.es\/wp-content\/uploads\/sites\/17\/2013\/02\/Manufacture-Jaeger-LeCoultr-300x200.jpg 300w\" sizes=\"(max-width: 400px) 100vw, 400px\" \/><\/a><\/p>\n<p>Un slogan que han seguido a pies juntillas, ya que desde el <strong>a\u00f1o 2000<\/strong>, la Manufactura ha creado m\u00e1s de<strong> 75 nuevos relojes<\/strong>, entre los cuales se cuentan grandes complicaciones, tourbillons, repeticiones de minutos, <strong>cron\u00f3grafos<\/strong>, <strong>calendarios perpetuos<\/strong>,<strong> 15 d\u00edas de reserva<\/strong> de marcha,\u00a0 el primer <strong>calibre<\/strong> que no necesita <strong>lubricante<\/strong>, etc.<\/p>\n<p><a href=\"\/gracias-a-dior\/wp-content\/uploads\/sites\/17\/2013\/02\/Enamelling-at-Manufacture-J.jpg\"><img loading=\"lazy\" class=\"aligncenter size-full wp-image-2031\" title=\"\" src=\"\/gracias-a-dior\/wp-content\/uploads\/sites\/17\/2013\/02\/Enamelling-at-Manufacture-J.jpg\" alt=\"\" width=\"400\" height=\"267\" srcset=\"https:\/\/static-blogs.diariosur.es\/wp-content\/uploads\/sites\/17\/2013\/02\/Enamelling-at-Manufacture-J.jpg 400w, https:\/\/static-blogs.diariosur.es\/wp-content\/uploads\/sites\/17\/2013\/02\/Enamelling-at-Manufacture-J-300x200.jpg 300w\" sizes=\"(max-width: 400px) 100vw, 400px\" \/> <\/a><\/p>\n<p>Y, despu\u00e9s de este repaso general a Jaeger-LeCoultre tan s\u00f3lo me queda decir: &#8220;&#8230; y que cumplas muchos m\u00e1s&#8221;<\/p>\n","protected":false},"excerpt":{"rendered":"<p>De todos los complementos hay uno que me vuelve loca. Ya lo sabr\u00e9is porque alguna vez he comentado lo que me gustan los relojes, una tentaci\u00f3n que me hace que tengo de todo tipo y de multitud de colores. Por este motivo y porque hay una marca de celebraci\u00f3n, hoy quiero hacer una parada expr\u00e9s [&hellip;]<\/p>\n","protected":false},"author":20,"featured_media":0,"comment_status":"open","ping_status":"closed","sticky":false,"template":"","format":"standard","meta":[],"categories":[3],"tags":[23,209,532,619,1074,1102,1104,1105,1633,1902,1975,2448,2676,2945],"_links":{"self":[{"href":"https:\/\/blogs.diariosur.es\/gracias-a-dior\/wp-json\/wp\/v2\/posts\/2028"}],"collection":[{"href":"https:\/\/blogs.diariosur.es\/gracias-a-dior\/wp-json\/wp\/v2\/posts"}],"about":[{"href":"https:\/\/blogs.diariosur.es\/gracias-a-dior\/wp-json\/wp\/v2\/types\/post"}],"author":[{"embeddable":true,"href":"https:\/\/blogs.diariosur.es\/gracias-a-dior\/wp-json\/wp\/v2\/users\/20"}],"replies":[{"embeddable":true,"href":"https:\/\/blogs.diariosur.es\/gracias-a-dior\/wp-json\/wp\/v2\/comments?post=2028"}],"version-history":[{"count":0,"href":"https:\/\/blogs.diariosur.es\/gracias-a-dior\/wp-json\/wp\/v2\/posts\/2028\/revisions"}],"wp:attachment":[{"href":"https:\/\/blogs.diariosur.es\/gracias-a-dior\/wp-json\/wp\/v2\/media?parent=2028"}],"wp:term":[{"taxonomy":"category","embeddable":true,"href":"https:\/\/blogs.diariosur.es\/gracias-a-dior\/wp-json\/wp\/v2\/categories?post=2028"},{"taxonomy":"post_tag","embeddable":true,"href":"https:\/\/blogs.diariosur.es\/gracias-a-dior\/wp-json\/wp\/v2\/tags?post=2028"}],"curies":[{"name":"wp","href":"https:\/\/api.w.org\/{rel}","templated":true}]}}