{"id":2039,"date":"2013-02-23T00:14:28","date_gmt":"2013-02-22T23:14:28","guid":{"rendered":"http:\/\/blogs.diariosur.es\/gracias-a-dior\/?p=2039"},"modified":"2013-02-23T00:14:28","modified_gmt":"2013-02-22T23:14:28","slug":"manuela-garcia-una-firma-fresca-colorida-elegante-e-innovadora","status":"publish","type":"post","link":"https:\/\/blogs.diariosur.es\/gracias-a-dior\/2013\/02\/23\/manuela-garcia-una-firma-fresca-colorida-elegante-e-innovadora\/","title":{"rendered":"Manuela Garc\u00eda, una firma fresca, colorida, elegante e innovadora"},"content":{"rendered":"<p>Para el post de hoy os voy a presentar una firma que me ha encandilado. Se llama<strong> Manuela Garc\u00eda<\/strong> y el destino me llev\u00f3 a ella. Bueno, el azar o el tiempo tan maravilloso que tenemos en <strong>M\u00e1laga<\/strong> y que hace que el sol nos lleve a dar paseos por zonas tan bonitas de M\u00e1laga como el <strong>Muelle Uno<\/strong>. All\u00ed, de tranquila jornada dominical me top\u00e9 con un puesto que ten\u00eda todas las papeletas para que me parara en \u00e9l, unas simp\u00e1ticas camisetas que ten\u00edan estampadas unas <strong>mu\u00f1ecas<\/strong> vestidas de <strong>gitana<\/strong>.<\/p>\n<p>Hab\u00eda modelos para todos los gustos con las gitanas luciendo trajes de flamenca de diversos colores,<strong> rosa, azul marino, roja<\/strong>, etc; con las <strong>mangas cortas o francesas<\/strong>, y otros dise\u00f1os en los que se combinaban diferentes <strong>tejidos<\/strong>. Me pareci\u00f3 muy original la idea e investigu\u00e9 sobre Manuela Garc\u00eda.<\/p>\n<div id=\"attachment_2041\" style=\"width: 410px\" class=\"wp-caption aligncenter\"><a href=\"\/gracias-a-dior\/wp-content\/uploads\/sites\/17\/2013\/02\/camiseta1.jpg\"><img aria-describedby=\"caption-attachment-2041\" loading=\"lazy\" class=\"size-full wp-image-2041\" title=\"Camiseta de Manuela Garc\u00eda. \/ www.manuelagarcia.es\" src=\"\/gracias-a-dior\/wp-content\/uploads\/sites\/17\/2013\/02\/camiseta1.jpg\" alt=\"Camiseta de Manuela Garc\u00eda. \/ www.manuelagarcia.es\" width=\"400\" height=\"543\" srcset=\"https:\/\/static-blogs.diariosur.es\/wp-content\/uploads\/sites\/17\/2013\/02\/camiseta1.jpg 400w, https:\/\/static-blogs.diariosur.es\/wp-content\/uploads\/sites\/17\/2013\/02\/camiseta1-221x300.jpg 221w\" sizes=\"(max-width: 400px) 100vw, 400px\" \/><\/a><p id=\"caption-attachment-2041\" class=\"wp-caption-text\">Camiseta de Manuela Garc\u00eda. \/ www.manuelagarcia.es<\/p><\/div>\n<p>&nbsp;<\/p>\n<div id=\"attachment_2042\" style=\"width: 410px\" class=\"wp-caption aligncenter\"><a href=\"\/gracias-a-dior\/wp-content\/uploads\/sites\/17\/2013\/02\/camiseta2.jpg\"><img aria-describedby=\"caption-attachment-2042\" loading=\"lazy\" class=\"size-full wp-image-2042\" title=\"Camiseta de Manuela Garc\u00eda. \/ www.manuelagarcia.es\" src=\"\/gracias-a-dior\/wp-content\/uploads\/sites\/17\/2013\/02\/camiseta2.jpg\" alt=\"Camiseta de Manuela Garc\u00eda. \/ www.manuelagarcia.es\" width=\"400\" height=\"545\" srcset=\"https:\/\/static-blogs.diariosur.es\/wp-content\/uploads\/sites\/17\/2013\/02\/camiseta2.jpg 400w, https:\/\/static-blogs.diariosur.es\/wp-content\/uploads\/sites\/17\/2013\/02\/camiseta2-220x300.jpg 220w\" sizes=\"(max-width: 400px) 100vw, 400px\" \/><\/a><p id=\"caption-attachment-2042\" class=\"wp-caption-text\">Camiseta de Manuela Garc\u00eda. \/ www.manuelagarcia.es<\/p><\/div>\n<p>&nbsp;<\/p>\n<div id=\"attachment_2043\" style=\"width: 410px\" class=\"wp-caption aligncenter\"><a href=\"\/gracias-a-dior\/wp-content\/uploads\/sites\/17\/2013\/02\/camiseta3.jpg\"><img aria-describedby=\"caption-attachment-2043\" loading=\"lazy\" class=\"size-full wp-image-2043\" title=\"Camiseta de Manuela Garc\u00eda. \/ www.manuelagarcia.es\" src=\"\/gracias-a-dior\/wp-content\/uploads\/sites\/17\/2013\/02\/camiseta3.jpg\" alt=\"Camiseta de Manuela Garc\u00eda. \/ www.manuelagarcia.es\" width=\"400\" height=\"548\" srcset=\"https:\/\/static-blogs.diariosur.es\/wp-content\/uploads\/sites\/17\/2013\/02\/camiseta3.jpg 400w, https:\/\/static-blogs.diariosur.es\/wp-content\/uploads\/sites\/17\/2013\/02\/camiseta3-219x300.jpg 219w\" sizes=\"(max-width: 400px) 100vw, 400px\" \/><\/a><p id=\"caption-attachment-2043\" class=\"wp-caption-text\">Camiseta de Manuela Garc\u00eda. \/ www.manuelagarcia.es<\/p><\/div>\n<p>&nbsp;<\/p>\n<div id=\"attachment_2040\" style=\"width: 410px\" class=\"wp-caption aligncenter\"><a href=\"\/gracias-a-dior\/wp-content\/uploads\/sites\/17\/2013\/02\/detalle-camiseta.jpg\"><img aria-describedby=\"caption-attachment-2040\" loading=\"lazy\" class=\"size-full wp-image-2040\" title=\"Detalle de una camiseta de Manuela Garc\u00eda. \/ www.manuelagarcia.es\" src=\"\/gracias-a-dior\/wp-content\/uploads\/sites\/17\/2013\/02\/detalle-camiseta.jpg\" alt=\"Detalle de una camiseta de Manuela Garc\u00eda. \/ www.manuelagarcia.es\" width=\"400\" height=\"542\" srcset=\"https:\/\/static-blogs.diariosur.es\/wp-content\/uploads\/sites\/17\/2013\/02\/detalle-camiseta.jpg 400w, https:\/\/static-blogs.diariosur.es\/wp-content\/uploads\/sites\/17\/2013\/02\/detalle-camiseta-221x300.jpg 221w\" sizes=\"(max-width: 400px) 100vw, 400px\" \/><\/a><p id=\"caption-attachment-2040\" class=\"wp-caption-text\">Detalle de una camiseta de Manuela Garc\u00eda. \/ www.manuelagarcia.es<\/p><\/div>\n<p>Manuela Garc\u00eda es una firma <strong>ronde\u00f1a<\/strong> creada hace cinco a\u00f1os por <strong>Elena Jim\u00e9nez<\/strong>, una licenciada en <strong>Turismo<\/strong> pero con vocaci\u00f3n de <strong>dise\u00f1adora<\/strong>, que ya ha ganado varios <strong>premios<\/strong> y ha participado en diversas <strong>pasarelas flamencas<\/strong>. Sin embargo, Manuela Garc\u00eda, no s\u00f3lo se basa en <strong>camisetas<\/strong> como podr\u00eda parecer en un principio, sino que es una firma muy amplia en la que se puede encontrar\u00a0<strong>moda flamenca<\/strong>, dise\u00f1os exclusivos de<strong> c\u00f3ctel, boda, comuniones y complementos<\/strong>.<\/p>\n<p>Para Elena Jim\u00e9nez la <strong>personalidad<\/strong> de Manuela Garc\u00eda se basa &#8220;en la mezcla de telas y la <strong>combinaci\u00f3n<\/strong> de<strong> colores c\u00e1lidos y fuertes<\/strong>&#8220;, adem\u00e1s de darle una gran importancia a los complementos. &#8220;Un buen traje va acompa\u00f1ado de un gran complementos&#8221;, asegura Jim\u00e9nez, mientras explica como dise\u00f1a entre otras cosas, <strong>bolsos<\/strong> de lazo y nudo; tocados, <strong>pendientes<\/strong> de noche o de flamenca, y orfebrer\u00eda, &#8220;todo <strong>pintado a mano<\/strong>&#8220;.<\/p>\n<div id=\"attachment_2045\" style=\"width: 410px\" class=\"wp-caption aligncenter\"><a href=\"\/gracias-a-dior\/wp-content\/uploads\/sites\/17\/2013\/02\/embrujo1.jpg\"><img aria-describedby=\"caption-attachment-2045\" loading=\"lazy\" class=\"size-full wp-image-2045\" title=\"Dise\u00f1o de la colecci\u00f3n Embrujo de Manuela Garc\u00eda. \/ www.manuelagarcia.es\" src=\"\/gracias-a-dior\/wp-content\/uploads\/sites\/17\/2013\/02\/embrujo1.jpg\" alt=\"Dise\u00f1o de la colecci\u00f3n Embrujo de Manuela Garc\u00eda. \/ www.manuelagarcia.es\" width=\"400\" height=\"597\" srcset=\"https:\/\/static-blogs.diariosur.es\/wp-content\/uploads\/sites\/17\/2013\/02\/embrujo1.jpg 400w, https:\/\/static-blogs.diariosur.es\/wp-content\/uploads\/sites\/17\/2013\/02\/embrujo1-201x300.jpg 201w\" sizes=\"(max-width: 400px) 100vw, 400px\" \/><\/a><p id=\"caption-attachment-2045\" class=\"wp-caption-text\">Dise\u00f1o de la colecci\u00f3n Embrujo de Manuela Garc\u00eda. \/ www.manuelagarcia.es<\/p><\/div>\n<p>&nbsp;<\/p>\n<div id=\"attachment_2046\" style=\"width: 410px\" class=\"wp-caption aligncenter\"><a href=\"\/gracias-a-dior\/wp-content\/uploads\/sites\/17\/2013\/02\/embrujo2.jpg\"><img aria-describedby=\"caption-attachment-2046\" loading=\"lazy\" class=\"size-full wp-image-2046\" title=\"Dise\u00f1o de la colecci\u00f3n Embrujo de Manuela Garc\u00eda. \/ www.manuelagarcia.es\" src=\"\/gracias-a-dior\/wp-content\/uploads\/sites\/17\/2013\/02\/embrujo2.jpg\" alt=\"Dise\u00f1o de la colecci\u00f3n Embrujo de Manuela Garc\u00eda. \/ www.manuelagarcia.es\" width=\"400\" height=\"569\" srcset=\"https:\/\/static-blogs.diariosur.es\/wp-content\/uploads\/sites\/17\/2013\/02\/embrujo2.jpg 400w, https:\/\/static-blogs.diariosur.es\/wp-content\/uploads\/sites\/17\/2013\/02\/embrujo2-211x300.jpg 211w\" sizes=\"(max-width: 400px) 100vw, 400px\" \/><\/a><p id=\"caption-attachment-2046\" class=\"wp-caption-text\">Dise\u00f1o de la colecci\u00f3n Embrujo de Manuela Garc\u00eda. \/ www.manuelagarcia.es<\/p><\/div>\n<p>&nbsp;<\/p>\n<div id=\"attachment_2047\" style=\"width: 410px\" class=\"wp-caption aligncenter\"><a href=\"\/gracias-a-dior\/wp-content\/uploads\/sites\/17\/2013\/02\/embrujo3.jpg\"><img aria-describedby=\"caption-attachment-2047\" loading=\"lazy\" class=\"size-full wp-image-2047\" title=\"Dise\u00f1o de la colecci\u00f3n Embrujo de Manuela Garc\u00eda. \/ www.manuelagarcia.es\" src=\"\/gracias-a-dior\/wp-content\/uploads\/sites\/17\/2013\/02\/embrujo3.jpg\" alt=\"Dise\u00f1o de la colecci\u00f3n Embrujo de Manuela Garc\u00eda. \/ www.manuelagarcia.es\" width=\"400\" height=\"575\" srcset=\"https:\/\/static-blogs.diariosur.es\/wp-content\/uploads\/sites\/17\/2013\/02\/embrujo3.jpg 400w, https:\/\/static-blogs.diariosur.es\/wp-content\/uploads\/sites\/17\/2013\/02\/embrujo3-209x300.jpg 209w\" sizes=\"(max-width: 400px) 100vw, 400px\" \/><\/a><p id=\"caption-attachment-2047\" class=\"wp-caption-text\">Dise\u00f1o de la colecci\u00f3n Embrujo de Manuela Garc\u00eda. \/ www.manuelagarcia.es<\/p><\/div>\n<p>&nbsp;<\/p>\n<div id=\"attachment_2044\" style=\"width: 410px\" class=\"wp-caption aligncenter\"><a href=\"\/gracias-a-dior\/wp-content\/uploads\/sites\/17\/2013\/02\/emburjo4.jpg\"><img aria-describedby=\"caption-attachment-2044\" loading=\"lazy\" class=\"size-full wp-image-2044\" title=\"Dise\u00f1o de la colecci\u00f3n Embrujo de Manuela Garc\u00eda. \/ www.manuelagarcia.es\" src=\"\/gracias-a-dior\/wp-content\/uploads\/sites\/17\/2013\/02\/emburjo4.jpg\" alt=\"Dise\u00f1o de la colecci\u00f3n Embrujo de Manuela Garc\u00eda. \/ www.manuelagarcia.es\" width=\"400\" height=\"584\" srcset=\"https:\/\/static-blogs.diariosur.es\/wp-content\/uploads\/sites\/17\/2013\/02\/emburjo4.jpg 400w, https:\/\/static-blogs.diariosur.es\/wp-content\/uploads\/sites\/17\/2013\/02\/emburjo4-205x300.jpg 205w\" sizes=\"(max-width: 400px) 100vw, 400px\" \/><\/a><p id=\"caption-attachment-2044\" class=\"wp-caption-text\">Dise\u00f1o de la colecci\u00f3n Embrujo de Manuela Garc\u00eda. \/ www.manuelagarcia.es<\/p><\/div>\n<p><strong>Nueva colecci\u00f3n<\/strong><\/p>\n<p>En estos d\u00edas, Elena Jim\u00e9nez se encuentra a punto de presentar en <strong>And\u00fajar Flamenca<\/strong> (9 de marzo) su \u00faltima colecci\u00f3n, <strong>Amores de Sevilla<\/strong>, junto a otros grandes de la moda flamenca como<strong> Pepe Sevillan\u00eda o Margarita Freire<\/strong>. Una l\u00ednea en la que la dise\u00f1adora homenajea &#8220;a la <strong>mujer sevillana y a la Sevilla de caseta, feria y Semana Santa<\/strong>&#8220;, adem\u00e1s de hacer un <strong>recorrido<\/strong> por el mundo de los <strong>toros<\/strong>. Una colecci\u00f3n que estar\u00e1 compuesta tambi\u00e9n por una l\u00ednea <strong>pret a porter<\/strong> y otra de dise\u00f1os de <strong>fiesta<\/strong>, siempre con &#8220;nuestro sello&#8221;, matiza Jim\u00e9nez.<\/p>\n<p>La secci\u00f3n m\u00e1s juvenil se llama <strong>Manuela Chic<\/strong> y en ella mezcla sus camisetas con <strong>faldas<\/strong> que se caracterizan por los <strong>vol\u00famenes<\/strong>. Es una l\u00ednea hecha para las &#8220;gitanas m\u00e1s modernas con <strong>faldas a media pierna<\/strong>&#8220;, comenta Elena Jim\u00e9nez, a la vez que explica c\u00f3mo regresan este a\u00f1o los <strong>mantones<\/strong> a los trajes de gitana &#8220;para no olvidar la tradici\u00f3n&#8221;.<\/p>\n<p><strong>Tendencias para el 2013<\/strong><\/p>\n<p>Con las<strong> ferias y romer\u00edas<\/strong> a la vuelta de la esquina y una vez celebrado<strong><a href=\"https:\/\/blogs.diariosur.es\/gracias-a-dior\/2013\/02\/04\/simof-2013-cierra-despues-de-cuatros-dias-muy-flamencos\/\"> SIMOF 2013<\/a><\/strong>, un sal\u00f3n de sobras conocido para Manuela Garc\u00eda, la pregunta era muy sencilla, \u00bfqu\u00e9 se llevar\u00e1 esta temporada en cuanto a vestidos de flamenca? &#8220;<strong>Colores pastel&#8221;<\/strong>, responde Elena Jim\u00e9nez y \u00bfpor qu\u00e9?, pues porque &#8220;cada vez la moda flamenca se parece m\u00e1s a la de la calle&#8221;, asegura la dise\u00f1adora.<strong> Faldas canasteras, volantes unidos entre s\u00ed, flecos, se sube el talle y la manga tipo clavel,<\/strong> obtendr\u00e1n como resultado &#8220;un traje m\u00e1s c\u00f3modo y pr\u00e1ctico, en el que todo va muy bien combinado, porque todo no vale&#8221;. Mientras, la <strong>flor<\/strong>, ese peque\u00f1o detalle que tan bella hace a la mujer, se baja y se lleva <strong>al lado<\/strong>.<\/p>\n<p>Por \u00faltimo y en otro orden de cosas, Elena Jim\u00e9nez, que viaja a multitud de salones y ferias de toda Espa\u00f1a, asegura que en la <strong>provincia<\/strong>\u00a0de <strong>M\u00e1laga<\/strong> hay <strong>ferias<\/strong> muy elegantes como la de <strong>Ronda<\/strong> y la de <strong>Antequera<\/strong> y otras que necesitar\u00edan un empuje para provocar un &#8220;resurgimiento&#8221;, es por ello que la <strong>dise\u00f1adora<\/strong> termina haciendo una ilusionante <strong>petici\u00f3n<\/strong>: &#8220;En <strong>M\u00e1laga<\/strong> hace falta una <strong>pasarela flamenca<\/strong> porque hay gente a la que le gustar\u00eda hacer cosas en condiciones&#8221;.<\/p>\n<p>Para todas aquellas que como a m\u00ed os haya gustado Manuela Garc\u00eda, deciros que pod\u00e9is ver m\u00e1s de ella en este<strong> <a href=\"http:\/\/www.manuelagarcia.es\/index.html\" rel=\"external nofollow\">enlace<\/a>.<\/strong><\/p>\n","protected":false},"excerpt":{"rendered":"<p>Para el post de hoy os voy a presentar una firma que me ha encandilado. Se llama Manuela Garc\u00eda y el destino me llev\u00f3 a ella. Bueno, el azar o el tiempo tan maravilloso que tenemos en M\u00e1laga y que hace que el sol nos lleve a dar paseos por zonas tan bonitas de M\u00e1laga [&hellip;]<\/p>\n","protected":false},"author":20,"featured_media":0,"comment_status":"open","ping_status":"closed","sticky":false,"template":"","format":"standard","meta":[],"categories":[3],"tags":[220,428,553,825,839,1031,1113,1333,1341,1445,1941,1954,1973,1974,2141,2190,2323,2414,2445,2721,2853,2988,3108,3235,3287],"_links":{"self":[{"href":"https:\/\/blogs.diariosur.es\/gracias-a-dior\/wp-json\/wp\/v2\/posts\/2039"}],"collection":[{"href":"https:\/\/blogs.diariosur.es\/gracias-a-dior\/wp-json\/wp\/v2\/posts"}],"about":[{"href":"https:\/\/blogs.diariosur.es\/gracias-a-dior\/wp-json\/wp\/v2\/types\/post"}],"author":[{"embeddable":true,"href":"https:\/\/blogs.diariosur.es\/gracias-a-dior\/wp-json\/wp\/v2\/users\/20"}],"replies":[{"embeddable":true,"href":"https:\/\/blogs.diariosur.es\/gracias-a-dior\/wp-json\/wp\/v2\/comments?post=2039"}],"version-history":[{"count":0,"href":"https:\/\/blogs.diariosur.es\/gracias-a-dior\/wp-json\/wp\/v2\/posts\/2039\/revisions"}],"wp:attachment":[{"href":"https:\/\/blogs.diariosur.es\/gracias-a-dior\/wp-json\/wp\/v2\/media?parent=2039"}],"wp:term":[{"taxonomy":"category","embeddable":true,"href":"https:\/\/blogs.diariosur.es\/gracias-a-dior\/wp-json\/wp\/v2\/categories?post=2039"},{"taxonomy":"post_tag","embeddable":true,"href":"https:\/\/blogs.diariosur.es\/gracias-a-dior\/wp-json\/wp\/v2\/tags?post=2039"}],"curies":[{"name":"wp","href":"https:\/\/api.w.org\/{rel}","templated":true}]}}