{"id":2048,"date":"2013-02-17T23:36:28","date_gmt":"2013-02-17T22:36:28","guid":{"rendered":"http:\/\/blogs.diariosur.es\/gracias-a-dior\/?p=2048"},"modified":"2013-02-17T23:36:28","modified_gmt":"2013-02-17T22:36:28","slug":"premios-goya-2013-amaia-salamanca-triunfa-con-su-zuhair-murrad","status":"publish","type":"post","link":"https:\/\/blogs.diariosur.es\/gracias-a-dior\/2013\/02\/17\/premios-goya-2013-amaia-salamanca-triunfa-con-su-zuhair-murrad\/","title":{"rendered":"Premios Goya 2013: Amaia Salamanca triunfa con su Zuhair Murrad"},"content":{"rendered":"<p>Lleg\u00f3 la noche en la que el cine espa\u00f1ol se viste de <strong>fiesta<\/strong>. Atr\u00e1s quedaron esos tiempos en los que los invitados a los <strong>Premios Goya<\/strong> iban en vaqueros y camiseta como si fueran a sacar al perro a la calle. Los tiempos han cambiado y todos los asistentes se afanan por ir con sus mejores galas, de hecho ya es habitual ver a los chicos con elegantes trajes de chaqueta y a ellas luciendo vestidos de los m\u00e1s importantes <strong>dise\u00f1adores<\/strong>, convirtiendo la alfombra roja en una pasarela excepcional.<\/p>\n<p>En estos <strong>Premios Goya 2013<\/strong> hubo de todo. De las primeras en llegar fue la maestra de ceremonias de la gala, <strong>Eva Hache<\/strong> que apareci\u00f3 con un vestido <strong>azul klein<\/strong> con unos enormes <strong>bolsillos<\/strong>. Seguidamente las actrices m\u00e1s conocidas de nuestro pa\u00eds hicieron su aparici\u00f3n. <strong>Paula Echevarr\u00eda<\/strong>, la<strong> it girl<\/strong> del momento, lleg\u00f3 a la gala con un vestido largo color esmeralda de <strong>Dolores Promesas<\/strong> muy elegante. Sin embargo, en esta ocasi\u00f3n fue <strong>Amaia Salamanca<\/strong> la que triunf\u00f3 con un maravilloso dise\u00f1o asim\u00e9trico de<strong> Zuhair Murrad<\/strong> en color\u00a0<strong> negro y nude<\/strong>, que daba la sensaci\u00f3n de que se trataba de un vestido drapeado. Para completar el look, la actriz de <strong>Gran Hotel<\/strong>, escogi\u00f3 unos zapatos <strong>Louboutin<\/strong> en color nude y un <strong>clutch<\/strong> de<strong> Oscar de la Renta<\/strong> en el mismo color. Otra de las mujeres que deslumbr\u00f3 fue la exmodelo <strong>Nieves \u00c1lvarez<\/strong>, que dej\u00f3 a todos con la boca abierta con su alta costura de <strong>Stephan Rolland, <\/strong>aunque para mi gusto el detalle de la especie de <strong>flor<\/strong> en <strong>rojo<\/strong> que llevaba sobre el <strong>pecho<\/strong> sobraba.<strong><br \/>\n<\/strong><\/p>\n<p><strong>\u00c1ngela Molina<\/strong> opt\u00f3 por el cl\u00e1sico negro y luci\u00f3 un dise\u00f1o de <strong>Lorenzo Caprile<\/strong>. Otras que tambi\u00e9n apostaron por este color\u00a0 fueron <strong>Blanca Su\u00e1rez<\/strong> que se enfund\u00f3 en una creaci\u00f3n de <strong>Pucci<\/strong> con raja lateral, intentando emular a Jennifer Lopez en los <strong>Grammy<\/strong>, y se calz\u00f3 unos <strong>Louboutin<\/strong>, y <strong>Bel\u00e9n Rueda<\/strong> que se decant\u00f3 por un <strong>Carolina Herrera NY<\/strong> y se recogi\u00f3 la melena en un mo\u00f1o, quiz\u00e1 para evitar que un a\u00f1o m\u00e1s su pelo fuera de lo m\u00e1s comentado en las redes sociales.<\/p>\n<p>Por su parte,<strong> Maribel Verd\u00fa<\/strong>, que se alz\u00f3 con el <strong>Goya<\/strong> a la <strong>mejor actriz<\/strong> por <strong>Blancanieves<\/strong>, visti\u00f3 algo desafortunada con una creaci\u00f3n de <strong>Raf Simon para Dior<\/strong>, que ten\u00eda unas enormes flores sobre la <strong>falda<\/strong>.<\/p>\n<p><strong>Mar\u00eda Le\u00f3n<\/strong>, que lleg\u00f3 a la alfombra roja junto a su madre <strong>Carmina<\/strong> y su <strong>hermano Paco<\/strong>, prefiri\u00f3 vestir con un inmaculado <strong>Gucci<\/strong> en blanco. Tambi\u00e9n en blanco, pero lleno de <strong>pedrer\u00eda<\/strong>, fue el vestido de escote <strong>palabra de honor<\/strong> por el que se decant\u00f3<strong> Inma Cuesta.<\/strong><\/p>\n<p>Si quer\u00e9is echar un vistazo a los modelitos de la alfombra roja de estos <strong>Premios Goya 2013<\/strong>, ah\u00ed os dejo una<strong><a href=\"http:\/\/www.diariosur.es\/multimedia\/fotos\/ultimos\/115415-premios-goya-2013-modelitos-alfombra-roja-0.html\" rel=\"external nofollow\"> galer\u00eda de fotos <\/a><\/strong>para que decid\u00e1is qui\u00e9n es la mejor vestida de la noche.<\/p>\n<div id=\"attachment_2050\" style=\"width: 410px\" class=\"wp-caption aligncenter\"><a href=\"\/gracias-a-dior\/wp-content\/uploads\/sites\/17\/2013\/02\/eva.jpg\"><img aria-describedby=\"caption-attachment-2050\" loading=\"lazy\" class=\"size-full wp-image-2050\" title=\"Eva Hache. \/ Reuters\" src=\"\/gracias-a-dior\/wp-content\/uploads\/sites\/17\/2013\/02\/eva.jpg\" alt=\"Eva Hache. \/ Reuters\" width=\"400\" height=\"610\" srcset=\"https:\/\/static-blogs.diariosur.es\/wp-content\/uploads\/sites\/17\/2013\/02\/eva.jpg 400w, https:\/\/static-blogs.diariosur.es\/wp-content\/uploads\/sites\/17\/2013\/02\/eva-197x300.jpg 197w\" sizes=\"(max-width: 400px) 100vw, 400px\" \/><\/a><p id=\"caption-attachment-2050\" class=\"wp-caption-text\">Eva Hache. \/ Reuters<\/p><\/div>\n<p>&nbsp;<\/p>\n<div id=\"attachment_2051\" style=\"width: 410px\" class=\"wp-caption aligncenter\"><a href=\"\/gracias-a-dior\/wp-content\/uploads\/sites\/17\/2013\/02\/paula.jpg\"><img aria-describedby=\"caption-attachment-2051\" loading=\"lazy\" class=\"size-full wp-image-2051\" title=\"Paula Echevarr\u00eda. \/ Reuters\" src=\"\/gracias-a-dior\/wp-content\/uploads\/sites\/17\/2013\/02\/paula.jpg\" alt=\"Paula Echevarr\u00eda. \/ Reuters\" width=\"400\" height=\"622\" srcset=\"https:\/\/static-blogs.diariosur.es\/wp-content\/uploads\/sites\/17\/2013\/02\/paula.jpg 400w, https:\/\/static-blogs.diariosur.es\/wp-content\/uploads\/sites\/17\/2013\/02\/paula-193x300.jpg 193w\" sizes=\"(max-width: 400px) 100vw, 400px\" \/><\/a><p id=\"caption-attachment-2051\" class=\"wp-caption-text\">Paula Echevarr\u00eda. \/ Reuters<\/p><\/div>\n<p>&nbsp;<\/p>\n<div id=\"attachment_2049\" style=\"width: 410px\" class=\"wp-caption aligncenter\"><a href=\"\/gracias-a-dior\/wp-content\/uploads\/sites\/17\/2013\/02\/amaia.jpg\"><img aria-describedby=\"caption-attachment-2049\" loading=\"lazy\" class=\"size-full wp-image-2049\" title=\"Amaia Salamanca. \/ Reuters\" src=\"\/gracias-a-dior\/wp-content\/uploads\/sites\/17\/2013\/02\/amaia.jpg\" alt=\"Amaia Salamanca. \/ Reuters\" width=\"400\" height=\"707\" srcset=\"https:\/\/static-blogs.diariosur.es\/wp-content\/uploads\/sites\/17\/2013\/02\/amaia.jpg 400w, https:\/\/static-blogs.diariosur.es\/wp-content\/uploads\/sites\/17\/2013\/02\/amaia-170x300.jpg 170w\" sizes=\"(max-width: 400px) 100vw, 400px\" \/><\/a><p id=\"caption-attachment-2049\" class=\"wp-caption-text\">Amaia Salamanca. \/ Reuters<\/p><\/div>\n<p>&nbsp;<\/p>\n<div id=\"attachment_2053\" style=\"width: 410px\" class=\"wp-caption aligncenter\"><a href=\"\/gracias-a-dior\/wp-content\/uploads\/sites\/17\/2013\/02\/angela.jpg\"><img aria-describedby=\"caption-attachment-2053\" loading=\"lazy\" class=\"size-full wp-image-2053\" title=\"\u00c1ngela Molina. \/ Reuters\" src=\"\/gracias-a-dior\/wp-content\/uploads\/sites\/17\/2013\/02\/angela.jpg\" alt=\"\u00c1ngela Molina. \/ Reuters\" width=\"400\" height=\"572\" srcset=\"https:\/\/static-blogs.diariosur.es\/wp-content\/uploads\/sites\/17\/2013\/02\/angela.jpg 400w, https:\/\/static-blogs.diariosur.es\/wp-content\/uploads\/sites\/17\/2013\/02\/angela-210x300.jpg 210w\" sizes=\"(max-width: 400px) 100vw, 400px\" \/><\/a><p id=\"caption-attachment-2053\" class=\"wp-caption-text\">\u00c1ngela Molina. \/ Reuters<\/p><\/div>\n<p>&nbsp;<\/p>\n<div id=\"attachment_2054\" style=\"width: 410px\" class=\"wp-caption aligncenter\"><a href=\"\/gracias-a-dior\/wp-content\/uploads\/sites\/17\/2013\/02\/maribel.jpg\"><img aria-describedby=\"caption-attachment-2054\" loading=\"lazy\" class=\"size-full wp-image-2054\" title=\"Maribel Verd\u00fa. \/ Reuters\" src=\"\/gracias-a-dior\/wp-content\/uploads\/sites\/17\/2013\/02\/maribel.jpg\" alt=\"Maribel Verd\u00fa. \/ Reuters\" width=\"400\" height=\"697\" srcset=\"https:\/\/static-blogs.diariosur.es\/wp-content\/uploads\/sites\/17\/2013\/02\/maribel.jpg 400w, https:\/\/static-blogs.diariosur.es\/wp-content\/uploads\/sites\/17\/2013\/02\/maribel-172x300.jpg 172w\" sizes=\"(max-width: 400px) 100vw, 400px\" \/><\/a><p id=\"caption-attachment-2054\" class=\"wp-caption-text\">Maribel Verd\u00fa. \/ Reuters<\/p><\/div>\n<p>&nbsp;<\/p>\n<div id=\"attachment_2055\" style=\"width: 410px\" class=\"wp-caption aligncenter\"><a href=\"\/gracias-a-dior\/wp-content\/uploads\/sites\/17\/2013\/02\/blanca.jpg\"><img aria-describedby=\"caption-attachment-2055\" loading=\"lazy\" class=\"size-full wp-image-2055\" title=\"Blanca Su\u00e1rez. \/ Reuters\" src=\"\/gracias-a-dior\/wp-content\/uploads\/sites\/17\/2013\/02\/blanca.jpg\" alt=\"Blanca Su\u00e1rez. \/ Reuters\" width=\"400\" height=\"626\" srcset=\"https:\/\/static-blogs.diariosur.es\/wp-content\/uploads\/sites\/17\/2013\/02\/blanca.jpg 400w, https:\/\/static-blogs.diariosur.es\/wp-content\/uploads\/sites\/17\/2013\/02\/blanca-192x300.jpg 192w\" sizes=\"(max-width: 400px) 100vw, 400px\" \/><\/a><p id=\"caption-attachment-2055\" class=\"wp-caption-text\">Blanca Su\u00e1rez. \/ Reuters<\/p><\/div>\n<p>&nbsp;<\/p>\n<div id=\"attachment_2061\" style=\"width: 410px\" class=\"wp-caption aligncenter\"><a href=\"\/gracias-a-dior\/wp-content\/uploads\/sites\/17\/2013\/02\/nieves.jpg\"><img aria-describedby=\"caption-attachment-2061\" loading=\"lazy\" class=\"size-full wp-image-2061\" title=\"Nieves \u00c1lvarez. \/ Reuters\" src=\"\/gracias-a-dior\/wp-content\/uploads\/sites\/17\/2013\/02\/nieves.jpg\" alt=\"Nieves \u00c1lvarez. \/ Reuters\" width=\"400\" height=\"655\" srcset=\"https:\/\/static-blogs.diariosur.es\/wp-content\/uploads\/sites\/17\/2013\/02\/nieves.jpg 400w, https:\/\/static-blogs.diariosur.es\/wp-content\/uploads\/sites\/17\/2013\/02\/nieves-183x300.jpg 183w\" sizes=\"(max-width: 400px) 100vw, 400px\" \/><\/a><p id=\"caption-attachment-2061\" class=\"wp-caption-text\">Nieves \u00c1lvarez. \/ Reuters<\/p><\/div>\n<p>&nbsp;<\/p>\n<div id=\"attachment_2056\" style=\"width: 410px\" class=\"wp-caption aligncenter\"><a href=\"\/gracias-a-dior\/wp-content\/uploads\/sites\/17\/2013\/02\/belen.jpg\"><img aria-describedby=\"caption-attachment-2056\" loading=\"lazy\" class=\"size-full wp-image-2056\" title=\"Bel\u00e9n Rueda. \/ Reuters\" src=\"\/gracias-a-dior\/wp-content\/uploads\/sites\/17\/2013\/02\/belen.jpg\" alt=\"Bel\u00e9n Rueda. \/ Reuters\" width=\"400\" height=\"839\" srcset=\"https:\/\/static-blogs.diariosur.es\/wp-content\/uploads\/sites\/17\/2013\/02\/belen.jpg 400w, https:\/\/static-blogs.diariosur.es\/wp-content\/uploads\/sites\/17\/2013\/02\/belen-143x300.jpg 143w\" sizes=\"(max-width: 400px) 100vw, 400px\" \/><\/a><p id=\"caption-attachment-2056\" class=\"wp-caption-text\">Bel\u00e9n Rueda. \/ Reuters<\/p><\/div>\n<p>&nbsp;<\/p>\n<div id=\"attachment_2057\" style=\"width: 410px\" class=\"wp-caption aligncenter\"><a href=\"\/gracias-a-dior\/wp-content\/uploads\/sites\/17\/2013\/02\/maria-leon.jpg\"><img aria-describedby=\"caption-attachment-2057\" loading=\"lazy\" class=\"size-full wp-image-2057\" title=\"Mar\u00eda Le\u00f3n, junto a su madre y su hermano Paco. \/ Reuters\" src=\"\/gracias-a-dior\/wp-content\/uploads\/sites\/17\/2013\/02\/maria-leon.jpg\" alt=\"Mar\u00eda Le\u00f3n, junto a su madre y su hermano Paco. \/ Reuters\" width=\"400\" height=\"567\" srcset=\"https:\/\/static-blogs.diariosur.es\/wp-content\/uploads\/sites\/17\/2013\/02\/maria-leon.jpg 400w, https:\/\/static-blogs.diariosur.es\/wp-content\/uploads\/sites\/17\/2013\/02\/maria-leon-212x300.jpg 212w\" sizes=\"(max-width: 400px) 100vw, 400px\" \/><\/a><p id=\"caption-attachment-2057\" class=\"wp-caption-text\">Mar\u00eda Le\u00f3n, junto a su madre y su hermano Paco. \/ Reuters<\/p><\/div>\n<p>&nbsp;<\/p>\n<div id=\"attachment_2059\" style=\"width: 410px\" class=\"wp-caption aligncenter\"><a href=\"\/gracias-a-dior\/wp-content\/uploads\/sites\/17\/2013\/02\/concha1.jpg\"><img aria-describedby=\"caption-attachment-2059\" loading=\"lazy\" class=\"size-full wp-image-2059\" title=\"Concha Velasco. \/ Reuters\" src=\"\/gracias-a-dior\/wp-content\/uploads\/sites\/17\/2013\/02\/concha1.jpg\" alt=\"Concha Velasco. \/ Reuters\" width=\"400\" height=\"603\" srcset=\"https:\/\/static-blogs.diariosur.es\/wp-content\/uploads\/sites\/17\/2013\/02\/concha1.jpg 400w, https:\/\/static-blogs.diariosur.es\/wp-content\/uploads\/sites\/17\/2013\/02\/concha1-199x300.jpg 199w\" sizes=\"(max-width: 400px) 100vw, 400px\" \/><\/a><p id=\"caption-attachment-2059\" class=\"wp-caption-text\">Concha Velasco. \/ Reuters<\/p><\/div>\n<p>&nbsp;<\/p>\n<div id=\"attachment_2060\" style=\"width: 410px\" class=\"wp-caption aligncenter\"><a href=\"\/gracias-a-dior\/wp-content\/uploads\/sites\/17\/2013\/02\/inma-cuesta.jpg\"><img aria-describedby=\"caption-attachment-2060\" loading=\"lazy\" class=\"size-full wp-image-2060\" title=\"Inma Cuesta. \/ Efe\" src=\"\/gracias-a-dior\/wp-content\/uploads\/sites\/17\/2013\/02\/inma-cuesta.jpg\" alt=\"Inma Cuesta. \/ Efe\" width=\"400\" height=\"600\" srcset=\"https:\/\/static-blogs.diariosur.es\/wp-content\/uploads\/sites\/17\/2013\/02\/inma-cuesta.jpg 400w, https:\/\/static-blogs.diariosur.es\/wp-content\/uploads\/sites\/17\/2013\/02\/inma-cuesta-200x300.jpg 200w\" sizes=\"(max-width: 400px) 100vw, 400px\" \/><\/a><p id=\"caption-attachment-2060\" class=\"wp-caption-text\">Inma Cuesta. \/ Efe<\/p><\/div>\n","protected":false},"excerpt":{"rendered":"<p>Lleg\u00f3 la noche en la que el cine espa\u00f1ol se viste de fiesta. Atr\u00e1s quedaron esos tiempos en los que los invitados a los Premios Goya iban en vaqueros y camiseta como si fueran a sacar al perro a la calle. Los tiempos han cambiado y todos los asistentes se afanan por ir con sus [&hellip;]<\/p>\n","protected":false},"author":20,"featured_media":0,"comment_status":"open","ping_status":"closed","sticky":false,"template":"","format":"standard","meta":[],"categories":[3],"tags":[165,339,383,601,604,732,847,1018,1047,1237,1493,1589,1905,1999,2003,2259,2329,2352,2431,2437,2554,2600,2920,3364],"_links":{"self":[{"href":"https:\/\/blogs.diariosur.es\/gracias-a-dior\/wp-json\/wp\/v2\/posts\/2048"}],"collection":[{"href":"https:\/\/blogs.diariosur.es\/gracias-a-dior\/wp-json\/wp\/v2\/posts"}],"about":[{"href":"https:\/\/blogs.diariosur.es\/gracias-a-dior\/wp-json\/wp\/v2\/types\/post"}],"author":[{"embeddable":true,"href":"https:\/\/blogs.diariosur.es\/gracias-a-dior\/wp-json\/wp\/v2\/users\/20"}],"replies":[{"embeddable":true,"href":"https:\/\/blogs.diariosur.es\/gracias-a-dior\/wp-json\/wp\/v2\/comments?post=2048"}],"version-history":[{"count":0,"href":"https:\/\/blogs.diariosur.es\/gracias-a-dior\/wp-json\/wp\/v2\/posts\/2048\/revisions"}],"wp:attachment":[{"href":"https:\/\/blogs.diariosur.es\/gracias-a-dior\/wp-json\/wp\/v2\/media?parent=2048"}],"wp:term":[{"taxonomy":"category","embeddable":true,"href":"https:\/\/blogs.diariosur.es\/gracias-a-dior\/wp-json\/wp\/v2\/categories?post=2048"},{"taxonomy":"post_tag","embeddable":true,"href":"https:\/\/blogs.diariosur.es\/gracias-a-dior\/wp-json\/wp\/v2\/tags?post=2048"}],"curies":[{"name":"wp","href":"https:\/\/api.w.org\/{rel}","templated":true}]}}