{"id":2116,"date":"2013-03-01T08:59:09","date_gmt":"2013-03-01T07:59:09","guid":{"rendered":"http:\/\/blogs.diariosur.es\/gracias-a-dior\/?p=2116"},"modified":"2013-03-01T08:59:09","modified_gmt":"2013-03-01T07:59:09","slug":"los-disenadores-de-moda-flamenca-se-reuniran-el-sabado-en-wapissima-2013","status":"publish","type":"post","link":"https:\/\/blogs.diariosur.es\/gracias-a-dior\/2013\/03\/01\/los-disenadores-de-moda-flamenca-se-reuniran-el-sabado-en-wapissima-2013\/","title":{"rendered":"Los dise\u00f1adores de moda flamenca se reunir\u00e1n el s\u00e1bado en Wapissima 2013"},"content":{"rendered":"<p><strong>Sevilla<\/strong> se vestir\u00e1 de <strong>flamenca<\/strong> este <strong>s\u00e1bado<\/strong>. No es que se haya adelantado la <strong>Feria de Abril<\/strong>, sino que llega la <strong>pasarela Wapissima 2013<\/strong>, un evento en el que participar\u00e1n<strong> 75 j\u00f3venes dise\u00f1adores<\/strong> de moda flamenca.<\/p>\n<p>Ser\u00e1 una cita en la que no podr\u00e1n faltar los amantes esta moda, ya que el espacio sevillano <strong>Lanzadera de Tendencias<\/strong> se convertir\u00e1 en una <strong>macropasarela<\/strong>, por la que aproximadamente unos <strong>300 trajes<\/strong> desfilar\u00e1n de forma continua desde las <strong>cinco de la tarde y hasta las diez y media de la noche<\/strong>.<\/p>\n<p>Si quer\u00e9is ir os animo y os doy la buena noticia de que la entrada ser\u00e1 <strong>gratuita<\/strong> hasta <strong>completar<\/strong> el <strong>aforo<\/strong>.<\/p>\n<p>A continuaci\u00f3n os paso el <strong>programa<\/strong> de <strong>Wapissima 2013<\/strong>:<\/p>\n<p>17:00 horas<br \/>\n&#8211;\u00a0\u00a0 \u00a0Pilar Enr\u00edquez<br \/>\n&#8211;\u00a0\u00a0 \u00a0Flamencoco<br \/>\n&#8211;\u00a0\u00a0 \u00a0Colectivo 1\u00ba Curso Escuela Sevilla de Moda:<\/p>\n<p>Loli Garc\u00eda Jurado<br \/>\nPatricia Tasc\u00f3n Lozano<br \/>\nLorena Subires Jim\u00e9nez<br \/>\nYaiza Nuez Gallego<br \/>\nLola Coca Garc\u00eda<br \/>\nAlejandra Lara Trevi\u00f1o<br \/>\nSara\u00a0 Mart\u00ednez Otero<br \/>\nAna Mar\u00eda Casta\u00f1o Castro<br \/>\nDiana Garc\u00eda Mart\u00ed<br \/>\nM\u00aa Pilar Jim\u00e9nez Rojas<br \/>\n\u00c1ngela\u00a0 Moreno<br \/>\nPaula G\u00aa-Junco Corredera<br \/>\nInmaculada Linares<br \/>\nJuan Carlos P\u00e9rez Mej\u00edas<br \/>\nM\u00aa Paz Guerrero Barrera<br \/>\nAlejandro Garc\u00eda<br \/>\nLidia Navarro Serrato<br \/>\nIn\u00e9s de Tovar<br \/>\nCarmen Gonz\u00e1lez D\u00edaz<br \/>\nInmaculada Garra\u00edn V\u00e1zquez<br \/>\nMarta Serrano \u00c1lvarez<br \/>\nGuadalupe Cano Gamero<br \/>\nMar\u00eda Reyes Ord\u00f3\u00f1ez Caetano<br \/>\nBastien Duhem<\/p>\n<p>18:30 horas<br \/>\n&#8211;\u00a0\u00a0 \u00a0Patricia M\u00e1rquez<br \/>\n&#8211;\u00a0\u00a0 \u00a0Lorena D\u00edaz<br \/>\n&#8211;\u00a0\u00a0 \u00a0Antonio Guti\u00e9rrez<br \/>\n&#8211;\u00a0\u00a0 \u00a0Renatta Pereira<\/p>\n<p>19:30 horas<br \/>\n&#8211;\u00a0\u00a0 \u00a0Patricia Bazarot<br \/>\n&#8211;\u00a0\u00a0 \u00a0Ernesto Sillero<br \/>\n&#8211;\u00a0\u00a0 \u00a0Mario Gallardo<\/p>\n<p>20:30 horas<\/p>\n<p>&#8211;\u00a0\u00a0 \u00a0Isabel Alia\u00f1o<br \/>\n&#8211;\u00a0\u00a0 \u00a0ppoRtona \u2013 Paqui Rodr\u00edguez<br \/>\n&#8211;\u00a0\u00a0 \u00a0Innova Flamenca<\/p>\n<p>21:30 horas<\/p>\n<p>&#8211;\u00a0\u00a0 \u00a0Colectivo 1\u00ba Curso Escuela Sevilla de Moda<\/p>\n<p>Mar\u00eda Luisa Segovia<br \/>\nLola Hern\u00e1ndez Salcedo<br \/>\nPedro Luis Pires \u00c1vila<br \/>\nAbel Castagna<br \/>\nInmaculada Ar\u00e9valo<br \/>\nLaura Ferrera Mart\u00edn<br \/>\nJos\u00e9 Enrique Pelagio Garc\u00eda<br \/>\nRoc\u00edo Ruiz Huertas<br \/>\nEloy Enamorado<br \/>\nJennifer Santana V\u00e1zquez<br \/>\nRoc\u00edo Garc\u00eda Barroso<br \/>\nMar\u00eda Luisa Cornejo Cordero<br \/>\nJos\u00e9 Raposo Buz\u00f3n<br \/>\nAndrea Garc\u00eda Mar\u00edn<br \/>\nVanesa Delgado Fern\u00e1ndez<br \/>\nMarta Rodr\u00edguez Guiote<br \/>\nAna Rodr\u00edguez Coto<br \/>\nDelia Jim\u00e9nez Cabot<br \/>\nElena C\u00f3rdoba Rodr\u00edguez<br \/>\nT\u00edscar G\u00e1mez S\u00e1nchez<br \/>\nAna Mar\u00eda Rodr\u00edguez Fern\u00e1ndez<br \/>\nPedro Rodr\u00edguez B\u00e9jar<br \/>\nJuan Felipe Losada G\u00f3mez<br \/>\nRa\u00fal Seco Salas<br \/>\nMar\u00eda Hueros<br \/>\nPilar Muratori Blasco<br \/>\nMarina Muratori Blasco<br \/>\nMario Valladares Fern\u00e1ndez<br \/>\nRegla Reina Crujera<br \/>\nLara \u00c1vila L\u00f3pez<br \/>\nRoc\u00edo Miranda Mac\u00edas<br \/>\nAdriana Rever\u00f3n Moreno<br \/>\nAna L\u00f3pez Caballero<br \/>\nFrancisco Javier Camacho Valverde<\/p>\n","protected":false},"excerpt":{"rendered":"<p>Sevilla se vestir\u00e1 de flamenca este s\u00e1bado. No es que se haya adelantado la Feria de Abril, sino que llega la pasarela Wapissima 2013, un evento en el que participar\u00e1n 75 j\u00f3venes dise\u00f1adores de moda flamenca. Ser\u00e1 una cita en la que no podr\u00e1n faltar los amantes esta moda, ya que el espacio sevillano Lanzadera [&hellip;]<\/p>\n","protected":false},"author":20,"featured_media":0,"comment_status":"open","ping_status":"closed","sticky":false,"template":"","format":"standard","meta":[],"categories":[3],"tags":[54,1034,1789,2141,2414,2822,3295],"_links":{"self":[{"href":"https:\/\/blogs.diariosur.es\/gracias-a-dior\/wp-json\/wp\/v2\/posts\/2116"}],"collection":[{"href":"https:\/\/blogs.diariosur.es\/gracias-a-dior\/wp-json\/wp\/v2\/posts"}],"about":[{"href":"https:\/\/blogs.diariosur.es\/gracias-a-dior\/wp-json\/wp\/v2\/types\/post"}],"author":[{"embeddable":true,"href":"https:\/\/blogs.diariosur.es\/gracias-a-dior\/wp-json\/wp\/v2\/users\/20"}],"replies":[{"embeddable":true,"href":"https:\/\/blogs.diariosur.es\/gracias-a-dior\/wp-json\/wp\/v2\/comments?post=2116"}],"version-history":[{"count":0,"href":"https:\/\/blogs.diariosur.es\/gracias-a-dior\/wp-json\/wp\/v2\/posts\/2116\/revisions"}],"wp:attachment":[{"href":"https:\/\/blogs.diariosur.es\/gracias-a-dior\/wp-json\/wp\/v2\/media?parent=2116"}],"wp:term":[{"taxonomy":"category","embeddable":true,"href":"https:\/\/blogs.diariosur.es\/gracias-a-dior\/wp-json\/wp\/v2\/categories?post=2116"},{"taxonomy":"post_tag","embeddable":true,"href":"https:\/\/blogs.diariosur.es\/gracias-a-dior\/wp-json\/wp\/v2\/tags?post=2116"}],"curies":[{"name":"wp","href":"https:\/\/api.w.org\/{rel}","templated":true}]}}