{"id":2121,"date":"2013-03-01T14:02:11","date_gmt":"2013-03-01T13:02:11","guid":{"rendered":"http:\/\/blogs.diariosur.es\/gracias-a-dior\/?p=2121"},"modified":"2013-03-01T14:02:11","modified_gmt":"2013-03-01T13:02:11","slug":"calle-larios-se-viste-este-sabado-de-alta-costura","status":"publish","type":"post","link":"https:\/\/blogs.diariosur.es\/gracias-a-dior\/2013\/03\/01\/calle-larios-se-viste-este-sabado-de-alta-costura\/","title":{"rendered":"Calle Larios se viste este s\u00e1bado de alta costura"},"content":{"rendered":"<p><strong>Calle Larios<\/strong>, la v\u00eda principal de <strong>M\u00e1laga<\/strong>, se vestir\u00e1 este s\u00e1bado con sus mejores galas gracias a dise\u00f1adores de la talla de <strong>Dior, Chanel, Balenciaga o Mariano Fortuny<\/strong>. Todos estos modistos estar\u00e1n presentes en el<strong> Museo Automovil\u00edstico<\/strong> de la capital a trav\u00e9s de los m\u00e1s de cien vestidos que forman la colecci\u00f3n de <strong>Maga Sublime Collection<\/strong> a partir del <strong>7 de marzo<\/strong> en una exposici\u00f3n que se llamar\u00e1 &#8216;<strong>De Mariano Fortuny a John Galliano<\/strong>&#8216;, pero como aperitivo ma\u00f1ana de 12.30 a 14.30 horas se podr\u00e1n contemplar algunos de los dise\u00f1os en calle Larios.<\/p>\n<p>Entre las piezas que nos podremos encontrar hay dise\u00f1os de los <strong>a\u00f1os 60<\/strong>, creaciones realizadas a base de <strong>lentejuelas<\/strong> y<strong> sedas bordadas<\/strong> que ir\u00e1n acompa\u00f1adas de <strong>maletas<\/strong> y <strong>sombrereras<\/strong> de <strong>\u00e9poca<\/strong>. Desde luego, que es una ocasi\u00f3n \u00fanica de ver estas maravillas de la moda tan de cerca.<\/p>\n<p><strong>Sorteo<\/strong><\/p>\n<p>Por otra parte, el domingo de 16.30 a 18.30 y tambi\u00e9n en Calle Larios, los malague\u00f1os tendr\u00e1n la oportunidad de sentirse como una<strong> estrella de cine<\/strong>, ya que se organizar\u00e1 una original<strong> sesi\u00f3n de fotos<\/strong> en un <strong>veh\u00edculo<\/strong> de la colecci\u00f3n de Maga Sublime Collection. Para este improvisado<strong> reportaje fotogr\u00e1fico<\/strong>, los ciudadanos contar\u00e1n con <strong>maquilladores profesionales<\/strong> que los dejar\u00e1n como aut\u00e9nticas <strong>celebrities<\/strong>. Aquellas personas que se animen y participen entrar\u00e1n en un concurso a trav\u00e9s de las <strong>redes sociales<\/strong> del Museo y podr\u00e1n conseguir <strong>dos entradas dobles<\/strong> para asistir a la <strong>inauguraci\u00f3n<\/strong> de Maga Sublime Collection el 7 de marzo.<\/p>\n<p><a href=\"\/gracias-a-dior\/wp-content\/uploads\/sites\/17\/2013\/03\/MagaSublimeCollection.jpg\"><img loading=\"lazy\" class=\"aligncenter size-full wp-image-2122\" title=\"\" src=\"\/gracias-a-dior\/wp-content\/uploads\/sites\/17\/2013\/03\/MagaSublimeCollection.jpg\" alt=\"\" width=\"400\" height=\"402\" srcset=\"https:\/\/static-blogs.diariosur.es\/wp-content\/uploads\/sites\/17\/2013\/03\/MagaSublimeCollection.jpg 400w, https:\/\/static-blogs.diariosur.es\/wp-content\/uploads\/sites\/17\/2013\/03\/MagaSublimeCollection-150x150.jpg 150w\" sizes=\"(max-width: 400px) 100vw, 400px\" \/><\/a><\/p>\n","protected":false},"excerpt":{"rendered":"<p>Calle Larios, la v\u00eda principal de M\u00e1laga, se vestir\u00e1 este s\u00e1bado con sus mejores galas gracias a dise\u00f1adores de la talla de Dior, Chanel, Balenciaga o Mariano Fortuny. Todos estos modistos estar\u00e1n presentes en el Museo Automovil\u00edstico de la capital a trav\u00e9s de los m\u00e1s de cien vestidos que forman la colecci\u00f3n de Maga Sublime [&hellip;]<\/p>\n","protected":false},"author":20,"featured_media":0,"comment_status":"open","ping_status":"closed","sticky":false,"template":"","format":"standard","meta":[],"categories":[3],"tags":[67,290,534,667,967,1018,1141,1244,1582,1941,2002,2206,2900],"_links":{"self":[{"href":"https:\/\/blogs.diariosur.es\/gracias-a-dior\/wp-json\/wp\/v2\/posts\/2121"}],"collection":[{"href":"https:\/\/blogs.diariosur.es\/gracias-a-dior\/wp-json\/wp\/v2\/posts"}],"about":[{"href":"https:\/\/blogs.diariosur.es\/gracias-a-dior\/wp-json\/wp\/v2\/types\/post"}],"author":[{"embeddable":true,"href":"https:\/\/blogs.diariosur.es\/gracias-a-dior\/wp-json\/wp\/v2\/users\/20"}],"replies":[{"embeddable":true,"href":"https:\/\/blogs.diariosur.es\/gracias-a-dior\/wp-json\/wp\/v2\/comments?post=2121"}],"version-history":[{"count":0,"href":"https:\/\/blogs.diariosur.es\/gracias-a-dior\/wp-json\/wp\/v2\/posts\/2121\/revisions"}],"wp:attachment":[{"href":"https:\/\/blogs.diariosur.es\/gracias-a-dior\/wp-json\/wp\/v2\/media?parent=2121"}],"wp:term":[{"taxonomy":"category","embeddable":true,"href":"https:\/\/blogs.diariosur.es\/gracias-a-dior\/wp-json\/wp\/v2\/categories?post=2121"},{"taxonomy":"post_tag","embeddable":true,"href":"https:\/\/blogs.diariosur.es\/gracias-a-dior\/wp-json\/wp\/v2\/tags?post=2121"}],"curies":[{"name":"wp","href":"https:\/\/api.w.org\/{rel}","templated":true}]}}