{"id":2172,"date":"2013-03-13T10:40:31","date_gmt":"2013-03-13T09:40:31","guid":{"rendered":"http:\/\/blogs.diariosur.es\/gracias-a-dior\/?p=2172"},"modified":"2013-03-13T10:40:31","modified_gmt":"2013-03-13T09:40:31","slug":"suiteblanco-hace-honor-a-su-nombre-con-la-coleccion-white-edition","status":"publish","type":"post","link":"https:\/\/blogs.diariosur.es\/gracias-a-dior\/2013\/03\/13\/suiteblanco-hace-honor-a-su-nombre-con-la-coleccion-white-edition\/","title":{"rendered":"Suiteblanco hace honor a su nombre con la colecci\u00f3n White Edition"},"content":{"rendered":"<p><strong>Suiteblanco<\/strong> vuelve a la carga y lanza una nueva campa\u00f1a muy veraniega. <strong>The White Edition<\/strong> es el nombre con el que la firma engloba una serie de prendas y complementos que siguen una l\u00ednea de inspiraci\u00f3n muy mediterr\u00e1nea, donde el <strong>blanco<\/strong> puro es el color que invade todo.<\/p>\n<p>The White Edition es una <strong>colecci\u00f3n<\/strong> muy <strong>minimalista<\/strong> de<strong> l\u00edneas rectas<\/strong> y en la que la <strong>sencillez<\/strong> es la caracter\u00edstica principal, tanto en la ropa como en los <strong>complementos<\/strong> que presenta.<\/p>\n<p>Para esta l\u00ednea, <strong>Suiteblanco<\/strong> utiliza los bordados, un detalle que otorga un punto de romanticismo a estas piezas que est\u00e1n realizadas en tejidos como el lino y el algod\u00f3n . El top y el <strong>kaftan<\/strong> son geniales para combinar con <strong>jeans<\/strong> y el <strong>look<\/strong> de la<strong> falda bordada<\/strong> con el <strong>jersey<\/strong> de punto en color <strong>verde militar,<\/strong> sencillamente, me ha encantado.<\/p>\n<p>En cuanto a los <strong>complementos<\/strong>, Suiteblanco sigue la misma directriz que con la ropa. El <strong>blanco<\/strong> es el color protagonista, aunque aqu\u00ed la marca lo combina con <strong>dorado<\/strong> para que los <strong>dise\u00f1os<\/strong> resalten<strong>. Pulseras, collares y pendientes<\/strong> son <strong>sencillos,<\/strong> en contra de los <strong>complementos XL<\/strong> que tanto se llevan, pero no por ello dejar\u00e1n de ser menos elegantes.<\/p>\n<div id=\"attachment_2173\" style=\"width: 410px\" class=\"wp-caption aligncenter\"><a href=\"\/gracias-a-dior\/wp-content\/uploads\/sites\/17\/2013\/03\/vestido-guipur.jpg\"><img aria-describedby=\"caption-attachment-2173\" loading=\"lazy\" class=\"size-full wp-image-2173\" title=\"Vestido Guipur\" src=\"\/gracias-a-dior\/wp-content\/uploads\/sites\/17\/2013\/03\/vestido-guipur.jpg\" alt=\"Vestido Guipur\" width=\"400\" height=\"518\" srcset=\"https:\/\/static-blogs.diariosur.es\/wp-content\/uploads\/sites\/17\/2013\/03\/vestido-guipur.jpg 400w, https:\/\/static-blogs.diariosur.es\/wp-content\/uploads\/sites\/17\/2013\/03\/vestido-guipur-232x300.jpg 232w\" sizes=\"(max-width: 400px) 100vw, 400px\" \/><\/a><p id=\"caption-attachment-2173\" class=\"wp-caption-text\">Vestido Guipur<\/p><\/div>\n<p>&nbsp;<\/p>\n<div id=\"attachment_2185\" style=\"width: 410px\" class=\"wp-caption aligncenter\"><a href=\"\/gracias-a-dior\/wp-content\/uploads\/sites\/17\/2013\/03\/vestido.jpg\"><img aria-describedby=\"caption-attachment-2185\" loading=\"lazy\" class=\"size-full wp-image-2185\" title=\"Vestido Bordado\" src=\"\/gracias-a-dior\/wp-content\/uploads\/sites\/17\/2013\/03\/vestido.jpg\" alt=\"Vestido Bordado\" width=\"400\" height=\"518\" srcset=\"https:\/\/static-blogs.diariosur.es\/wp-content\/uploads\/sites\/17\/2013\/03\/vestido.jpg 400w, https:\/\/static-blogs.diariosur.es\/wp-content\/uploads\/sites\/17\/2013\/03\/vestido-232x300.jpg 232w\" sizes=\"(max-width: 400px) 100vw, 400px\" \/><\/a><p id=\"caption-attachment-2185\" class=\"wp-caption-text\">Vestido Bordado<\/p><\/div>\n<p>&nbsp;<\/p>\n<div id=\"attachment_2176\" style=\"width: 410px\" class=\"wp-caption aligncenter\"><a href=\"\/gracias-a-dior\/wp-content\/uploads\/sites\/17\/2013\/03\/31.jpg\"><img aria-describedby=\"caption-attachment-2176\" loading=\"lazy\" class=\"size-full wp-image-2176\" title=\"Top bordado\" src=\"\/gracias-a-dior\/wp-content\/uploads\/sites\/17\/2013\/03\/31.jpg\" alt=\"Top bordado\" width=\"400\" height=\"246\" srcset=\"https:\/\/static-blogs.diariosur.es\/wp-content\/uploads\/sites\/17\/2013\/03\/31.jpg 400w, https:\/\/static-blogs.diariosur.es\/wp-content\/uploads\/sites\/17\/2013\/03\/31-300x185.jpg 300w\" sizes=\"(max-width: 400px) 100vw, 400px\" \/><\/a><p id=\"caption-attachment-2176\" class=\"wp-caption-text\">Top bordado<\/p><\/div>\n<p>&nbsp;<\/p>\n<div id=\"attachment_2181\" style=\"width: 410px\" class=\"wp-caption aligncenter\"><a href=\"\/gracias-a-dior\/wp-content\/uploads\/sites\/17\/2013\/03\/falda.jpg\"><img aria-describedby=\"caption-attachment-2181\" loading=\"lazy\" class=\"size-full wp-image-2181\" title=\"Falda bordada\" src=\"\/gracias-a-dior\/wp-content\/uploads\/sites\/17\/2013\/03\/falda.jpg\" alt=\"Falda bordada\" width=\"400\" height=\"512\" srcset=\"https:\/\/static-blogs.diariosur.es\/wp-content\/uploads\/sites\/17\/2013\/03\/falda.jpg 400w, https:\/\/static-blogs.diariosur.es\/wp-content\/uploads\/sites\/17\/2013\/03\/falda-234x300.jpg 234w\" sizes=\"(max-width: 400px) 100vw, 400px\" \/><\/a><p id=\"caption-attachment-2181\" class=\"wp-caption-text\">Falda bordada<\/p><\/div>\n<p>&nbsp;<\/p>\n<div id=\"attachment_2182\" style=\"width: 410px\" class=\"wp-caption aligncenter\"><a href=\"\/gracias-a-dior\/wp-content\/uploads\/sites\/17\/2013\/03\/kaftan.jpg\"><img aria-describedby=\"caption-attachment-2182\" loading=\"lazy\" class=\"size-full wp-image-2182\" title=\"Kaft\u00e1n  Guipur\" src=\"\/gracias-a-dior\/wp-content\/uploads\/sites\/17\/2013\/03\/kaftan.jpg\" alt=\"Kaft\u00e1n  Guipur\" width=\"400\" height=\"518\" srcset=\"https:\/\/static-blogs.diariosur.es\/wp-content\/uploads\/sites\/17\/2013\/03\/kaftan.jpg 400w, https:\/\/static-blogs.diariosur.es\/wp-content\/uploads\/sites\/17\/2013\/03\/kaftan-232x300.jpg 232w\" sizes=\"(max-width: 400px) 100vw, 400px\" \/><\/a><p id=\"caption-attachment-2182\" class=\"wp-caption-text\">Kaft\u00e1n Guipur<\/p><\/div>\n<p>&nbsp;<\/p>\n<div id=\"attachment_2184\" style=\"width: 410px\" class=\"wp-caption aligncenter\"><a href=\"\/gracias-a-dior\/wp-content\/uploads\/sites\/17\/2013\/03\/pulsera.jpg\"><img aria-describedby=\"caption-attachment-2184\" loading=\"lazy\" class=\"size-full wp-image-2184\" title=\"Pulsera cadena\" src=\"\/gracias-a-dior\/wp-content\/uploads\/sites\/17\/2013\/03\/pulsera.jpg\" alt=\"Pulsera cadena\" width=\"400\" height=\"361\" srcset=\"https:\/\/static-blogs.diariosur.es\/wp-content\/uploads\/sites\/17\/2013\/03\/pulsera.jpg 400w, https:\/\/static-blogs.diariosur.es\/wp-content\/uploads\/sites\/17\/2013\/03\/pulsera-300x271.jpg 300w\" sizes=\"(max-width: 400px) 100vw, 400px\" \/><\/a><p id=\"caption-attachment-2184\" class=\"wp-caption-text\">Pulsera cadena<\/p><\/div>\n<p>&nbsp;<\/p>\n<div id=\"attachment_2180\" style=\"width: 410px\" class=\"wp-caption aligncenter\"><a href=\"\/gracias-a-dior\/wp-content\/uploads\/sites\/17\/2013\/03\/collar-cadena-hilo.jpg\"><img aria-describedby=\"caption-attachment-2180\" loading=\"lazy\" class=\"size-full wp-image-2180\" title=\"Collar cadena de hilo\" src=\"\/gracias-a-dior\/wp-content\/uploads\/sites\/17\/2013\/03\/collar-cadena-hilo.jpg\" alt=\"Collar cadena de hilo\" width=\"400\" height=\"488\" srcset=\"https:\/\/static-blogs.diariosur.es\/wp-content\/uploads\/sites\/17\/2013\/03\/collar-cadena-hilo.jpg 400w, https:\/\/static-blogs.diariosur.es\/wp-content\/uploads\/sites\/17\/2013\/03\/collar-cadena-hilo-246x300.jpg 246w\" sizes=\"(max-width: 400px) 100vw, 400px\" \/><\/a><p id=\"caption-attachment-2180\" class=\"wp-caption-text\">Collar cadena de hilo<\/p><\/div>\n<p>&nbsp;<\/p>\n<div id=\"attachment_2179\" style=\"width: 410px\" class=\"wp-caption aligncenter\"><a href=\"\/gracias-a-dior\/wp-content\/uploads\/sites\/17\/2013\/03\/collar.jpg\"><img aria-describedby=\"caption-attachment-2179\" loading=\"lazy\" class=\"size-full wp-image-2179\" title=\"Collar r\u00edgido\" src=\"\/gracias-a-dior\/wp-content\/uploads\/sites\/17\/2013\/03\/collar.jpg\" alt=\"Collar r\u00edgido\" width=\"400\" height=\"480\" srcset=\"https:\/\/static-blogs.diariosur.es\/wp-content\/uploads\/sites\/17\/2013\/03\/collar.jpg 400w, https:\/\/static-blogs.diariosur.es\/wp-content\/uploads\/sites\/17\/2013\/03\/collar-250x300.jpg 250w\" sizes=\"(max-width: 400px) 100vw, 400px\" \/><\/a><p id=\"caption-attachment-2179\" class=\"wp-caption-text\">Collar r\u00edgido<\/p><\/div>\n<p>&nbsp;<\/p>\n<div id=\"attachment_2183\" style=\"width: 410px\" class=\"wp-caption aligncenter\"><a href=\"\/gracias-a-dior\/wp-content\/uploads\/sites\/17\/2013\/03\/pendientes.jpg\"><img aria-describedby=\"caption-attachment-2183\" loading=\"lazy\" class=\"size-full wp-image-2183\" title=\"Pendientes aros\" src=\"\/gracias-a-dior\/wp-content\/uploads\/sites\/17\/2013\/03\/pendientes.jpg\" alt=\"Pendientes aros\" width=\"400\" height=\"534\" srcset=\"https:\/\/static-blogs.diariosur.es\/wp-content\/uploads\/sites\/17\/2013\/03\/pendientes.jpg 400w, https:\/\/static-blogs.diariosur.es\/wp-content\/uploads\/sites\/17\/2013\/03\/pendientes-225x300.jpg 225w\" sizes=\"(max-width: 400px) 100vw, 400px\" \/><\/a><p id=\"caption-attachment-2183\" class=\"wp-caption-text\">Pendientes aros<\/p><\/div>\n<p>&nbsp;<\/p>\n<p>&nbsp;<\/p>\n<p>&nbsp;<\/p>\n<p>&nbsp;<\/p>\n<p>&nbsp;<\/p>\n<p>&nbsp;<\/p>\n<p>&nbsp;<\/p>\n<p>&nbsp;<\/p>\n<p>&nbsp;<\/p>\n","protected":false},"excerpt":{"rendered":"<p>Suiteblanco vuelve a la carga y lanza una nueva campa\u00f1a muy veraniega. The White Edition es el nombre con el que la firma engloba una serie de prendas y complementos que siguen una l\u00ednea de inspiraci\u00f3n muy mediterr\u00e1nea, donde el blanco puro es el color que invade todo. The White Edition es una colecci\u00f3n muy [&hellip;]<\/p>\n","protected":false},"author":20,"featured_media":0,"comment_status":"open","ping_status":"closed","sticky":false,"template":"","format":"standard","meta":[],"categories":[3],"tags":[384,803,843,1254,1647,1709,1861,2116,2445,2607,2944,3213,3305],"_links":{"self":[{"href":"https:\/\/blogs.diariosur.es\/gracias-a-dior\/wp-json\/wp\/v2\/posts\/2172"}],"collection":[{"href":"https:\/\/blogs.diariosur.es\/gracias-a-dior\/wp-json\/wp\/v2\/posts"}],"about":[{"href":"https:\/\/blogs.diariosur.es\/gracias-a-dior\/wp-json\/wp\/v2\/types\/post"}],"author":[{"embeddable":true,"href":"https:\/\/blogs.diariosur.es\/gracias-a-dior\/wp-json\/wp\/v2\/users\/20"}],"replies":[{"embeddable":true,"href":"https:\/\/blogs.diariosur.es\/gracias-a-dior\/wp-json\/wp\/v2\/comments?post=2172"}],"version-history":[{"count":0,"href":"https:\/\/blogs.diariosur.es\/gracias-a-dior\/wp-json\/wp\/v2\/posts\/2172\/revisions"}],"wp:attachment":[{"href":"https:\/\/blogs.diariosur.es\/gracias-a-dior\/wp-json\/wp\/v2\/media?parent=2172"}],"wp:term":[{"taxonomy":"category","embeddable":true,"href":"https:\/\/blogs.diariosur.es\/gracias-a-dior\/wp-json\/wp\/v2\/categories?post=2172"},{"taxonomy":"post_tag","embeddable":true,"href":"https:\/\/blogs.diariosur.es\/gracias-a-dior\/wp-json\/wp\/v2\/tags?post=2172"}],"curies":[{"name":"wp","href":"https:\/\/api.w.org\/{rel}","templated":true}]}}