{"id":2234,"date":"2013-03-22T09:26:29","date_gmt":"2013-03-22T08:26:29","guid":{"rendered":"http:\/\/blogs.diariosur.es\/gracias-a-dior\/?p=2234"},"modified":"2013-03-22T09:26:29","modified_gmt":"2013-03-22T08:26:29","slug":"givenchy-desvela-el-vestuario-de-rihanna-para-su-diamonds-world-tour","status":"publish","type":"post","link":"https:\/\/blogs.diariosur.es\/gracias-a-dior\/2013\/03\/22\/givenchy-desvela-el-vestuario-de-rihanna-para-su-diamonds-world-tour\/","title":{"rendered":"Givenchy desvela el vestuario de Rihanna para su Diamonds World Tour"},"content":{"rendered":"<p><strong>Rihanna<\/strong>, una de las cantantes m\u00e1s importantes de la industria musical, ha comenzado su gira mundial, <strong>Diamonds World Tour<\/strong> y en ella vestir\u00e1 de una de las firmas m\u00e1s lujosas del mundo de la moda, <strong>Givenchy<\/strong>.<\/p>\n<p>La casa Givenchy ha sido la encargada de dar la buena nueva y confirm\u00f3 que <strong>Riccardo Tisci<\/strong> ha dise\u00f1ado los <strong>vestidos<\/strong> de \u00a0Rihanna para el Diamonds World Tour. Los dise\u00f1os de Givenchy que luce la cantante de Barbados son variados y entre los creados especialmente para ella se encuentran una<strong> capa negra ondulada de crepe de seda<\/strong> hasta el suelo con<strong> incrustaciones de collar en 3D<\/strong> y unas <strong>botas negras altas ajustadas en cuero y napa<\/strong> con detalles con lazos. \u00a0Esta creaci\u00f3n es la primera pieza que aparecer\u00e1 en el escenario, que tendr\u00e1 un ambiente oscuro y rom\u00e1ntico, antes de la gran revelaci\u00f3n del vestido.<\/p>\n<p>Cuando Rihanna se quite su capa negra Givenchy Haute Couture by Riccardo Tisci, la cantante mostrar\u00e1 un <strong>vestido<\/strong> impreso en<strong> tres piezas y con incrustaciones.<\/strong><\/p>\n<p>Para el acto de apertura, Riccardo Tisci ha dise\u00f1ado una <strong>parka<\/strong> de corte <strong>masculino<\/strong> de gran tama\u00f1o con<strong> incrustaciones a mano e impresa en negro<\/strong>, canalizando su mezcla caracter\u00edstica de prenda de calle y Alta Costura. La impresi\u00f3n muestra una <strong>iconograf\u00eda<\/strong> muy sensual de la colecci\u00f3n masculina de <strong>oto\u00f1o-invierno 2013<\/strong> de Givenchy by Riccardo Tisci.<\/p>\n<p>Bajo la parka, Rihanna lleva un <strong>sujetador en cuero y napa negro y blanco<\/strong> con <strong>estrellas y hebillas doradas<\/strong>, volviendo a mezclar de nuevo las t\u00e9cnicas de alta costura con su obsesi\u00f3n por los elementos muy deportivos. Las ataduras del sujetador con m\u00faltiples tiras de sujeci\u00f3n se ven suavizadas por un par de mini-shorts de seda y sat\u00e9n realizados con un estampado a juego.<\/p>\n<p>El vestido de inauguraci\u00f3n de Rihanna se ve completado con una <strong>gargantilla<\/strong> de <strong>metal dorada<\/strong> con<strong> dientes de tibur\u00f3n<\/strong> con una<strong> placa militar grabada en la espalda<\/strong> (que lleva impresa la palabra RIRI, como tambi\u00e9n se conoce a la artista),<strong> gafas de sol<\/strong> de Alta Costura con elementos de <strong>hardware met\u00e1licos dorados<\/strong> y <strong>pendientes<\/strong> con broches en <strong>cristal blanco<\/strong>.<\/p>\n<p>Todas las incrustaciones se han dise\u00f1ado especialmente para el vestido de Rihanna, desde las balas doradas que jugar\u00e1n un gran papel, puesto que el poder de atracci\u00f3n visual es impresionante, hasta los cristales <strong>Swarovski<\/strong> modelados de forma geom\u00e9trica en<strong> blanco o negro y broches met\u00e1licos dorados<\/strong>.<\/p>\n<p>La audaz impresi\u00f3n del<strong> vestido y las l\u00edneas angulares masculinas<\/strong> son s\u00edmbolos de c\u00f3mo la mujer ha ido ganando \u00a0poder y de la <strong>elegancia urbana<\/strong> de Alta Costura para una de las figures musicales m\u00e1s <strong>ic\u00f3nicas<\/strong> de nuestro <strong>tiempo, seg\u00fan ha expresado la casa de lujo<\/strong>.<\/p>\n<p><strong>Riccardo Tisci<\/strong> incorpora en este trabajo referencias de forma natural a sus<strong> c\u00f3digos de firma tradicionales<\/strong> desde hace tiempo, desde impresiones meticulosamente dise\u00f1adas a <strong>incrustaciones<\/strong> destacadas de hardware, desde trabajos arquitect\u00f3nicos a formas <strong>fuertes<\/strong> y <strong>proporciones<\/strong>, todo ello parte de la <strong>est\u00e9tica<\/strong> de Givenchy de <strong>Riccardo<\/strong> Tisci, dise\u00f1ado de forma personalizada para Rihanna.<\/p>\n<p>A continuaci\u00f3n os dejo los &#8216;modelitos&#8217; de Givenchi para Rihanna:<\/p>\n<p>&nbsp;<\/p>\n<p><a href=\"\/gracias-a-dior\/wp-content\/uploads\/sites\/17\/2013\/03\/114.jpg\"><img loading=\"lazy\" class=\"aligncenter size-full wp-image-2235\" title=\"\" src=\"\/gracias-a-dior\/wp-content\/uploads\/sites\/17\/2013\/03\/114.jpg\" alt=\"\" width=\"400\" height=\"601\" srcset=\"https:\/\/static-blogs.diariosur.es\/wp-content\/uploads\/sites\/17\/2013\/03\/114.jpg 400w, https:\/\/static-blogs.diariosur.es\/wp-content\/uploads\/sites\/17\/2013\/03\/114-200x300.jpg 200w\" sizes=\"(max-width: 400px) 100vw, 400px\" \/><\/a><\/p>\n<p><a href=\"\/gracias-a-dior\/wp-content\/uploads\/sites\/17\/2013\/03\/27.jpg\"><img loading=\"lazy\" class=\"aligncenter size-full wp-image-2236\" title=\"\" src=\"\/gracias-a-dior\/wp-content\/uploads\/sites\/17\/2013\/03\/27.jpg\" alt=\"\" width=\"400\" height=\"266\" srcset=\"https:\/\/static-blogs.diariosur.es\/wp-content\/uploads\/sites\/17\/2013\/03\/27.jpg 400w, https:\/\/static-blogs.diariosur.es\/wp-content\/uploads\/sites\/17\/2013\/03\/27-300x200.jpg 300w\" sizes=\"(max-width: 400px) 100vw, 400px\" \/><\/a><\/p>\n<p><a href=\"\/gracias-a-dior\/wp-content\/uploads\/sites\/17\/2013\/03\/35.jpg\"><img loading=\"lazy\" class=\"aligncenter size-full wp-image-2237\" title=\"\" src=\"\/gracias-a-dior\/wp-content\/uploads\/sites\/17\/2013\/03\/35.jpg\" alt=\"\" width=\"400\" height=\"601\" srcset=\"https:\/\/static-blogs.diariosur.es\/wp-content\/uploads\/sites\/17\/2013\/03\/35.jpg 400w, https:\/\/static-blogs.diariosur.es\/wp-content\/uploads\/sites\/17\/2013\/03\/35-200x300.jpg 200w\" sizes=\"(max-width: 400px) 100vw, 400px\" \/><\/a><\/p>\n<p><a href=\"\/gracias-a-dior\/wp-content\/uploads\/sites\/17\/2013\/03\/45.jpg\"><img loading=\"lazy\" class=\"aligncenter size-full wp-image-2238\" title=\"\" src=\"\/gracias-a-dior\/wp-content\/uploads\/sites\/17\/2013\/03\/45.jpg\" alt=\"\" width=\"400\" height=\"601\" srcset=\"https:\/\/static-blogs.diariosur.es\/wp-content\/uploads\/sites\/17\/2013\/03\/45.jpg 400w, https:\/\/static-blogs.diariosur.es\/wp-content\/uploads\/sites\/17\/2013\/03\/45-200x300.jpg 200w\" sizes=\"(max-width: 400px) 100vw, 400px\" \/><\/a><\/p>\n<p><a href=\"\/gracias-a-dior\/wp-content\/uploads\/sites\/17\/2013\/03\/54.jpg\"><img loading=\"lazy\" class=\"aligncenter size-full wp-image-2239\" title=\"\" src=\"\/gracias-a-dior\/wp-content\/uploads\/sites\/17\/2013\/03\/54.jpg\" alt=\"\" width=\"400\" height=\"601\" srcset=\"https:\/\/static-blogs.diariosur.es\/wp-content\/uploads\/sites\/17\/2013\/03\/54.jpg 400w, https:\/\/static-blogs.diariosur.es\/wp-content\/uploads\/sites\/17\/2013\/03\/54-200x300.jpg 200w\" sizes=\"(max-width: 400px) 100vw, 400px\" \/><\/a><\/p>\n<p><a href=\"\/gracias-a-dior\/wp-content\/uploads\/sites\/17\/2013\/03\/64.jpg\"><img loading=\"lazy\" class=\"aligncenter size-full wp-image-2240\" title=\"\" src=\"\/gracias-a-dior\/wp-content\/uploads\/sites\/17\/2013\/03\/64.jpg\" alt=\"\" width=\"400\" height=\"566\" srcset=\"https:\/\/static-blogs.diariosur.es\/wp-content\/uploads\/sites\/17\/2013\/03\/64.jpg 400w, https:\/\/static-blogs.diariosur.es\/wp-content\/uploads\/sites\/17\/2013\/03\/64-212x300.jpg 212w\" sizes=\"(max-width: 400px) 100vw, 400px\" \/><\/a><\/p>\n<p><a href=\"\/gracias-a-dior\/wp-content\/uploads\/sites\/17\/2013\/03\/73.jpg\"><img loading=\"lazy\" class=\"aligncenter size-full wp-image-2241\" title=\"\" src=\"\/gracias-a-dior\/wp-content\/uploads\/sites\/17\/2013\/03\/73.jpg\" alt=\"\" width=\"400\" height=\"562\" srcset=\"https:\/\/static-blogs.diariosur.es\/wp-content\/uploads\/sites\/17\/2013\/03\/73.jpg 400w, https:\/\/static-blogs.diariosur.es\/wp-content\/uploads\/sites\/17\/2013\/03\/73-214x300.jpg 214w\" sizes=\"(max-width: 400px) 100vw, 400px\" \/><\/a><\/p>\n<p><a href=\"\/gracias-a-dior\/wp-content\/uploads\/sites\/17\/2013\/03\/84.jpg\"><img loading=\"lazy\" class=\"aligncenter size-full wp-image-2242\" title=\"\" src=\"\/gracias-a-dior\/wp-content\/uploads\/sites\/17\/2013\/03\/84.jpg\" alt=\"\" width=\"400\" height=\"566\" srcset=\"https:\/\/static-blogs.diariosur.es\/wp-content\/uploads\/sites\/17\/2013\/03\/84.jpg 400w, https:\/\/static-blogs.diariosur.es\/wp-content\/uploads\/sites\/17\/2013\/03\/84-212x300.jpg 212w\" sizes=\"(max-width: 400px) 100vw, 400px\" \/><\/a><\/p>\n<p>&nbsp;<\/p>\n","protected":false},"excerpt":{"rendered":"<p>Rihanna, una de las cantantes m\u00e1s importantes de la industria musical, ha comenzado su gira mundial, Diamonds World Tour y en ella vestir\u00e1 de una de las firmas m\u00e1s lujosas del mundo de la moda, Givenchy. La casa Givenchy ha sido la encargada de dar la buena nueva y confirm\u00f3 que Riccardo Tisci ha dise\u00f1ado [&hellip;]<\/p>\n","protected":false},"author":20,"featured_media":0,"comment_status":"open","ping_status":"closed","sticky":false,"template":"","format":"standard","meta":[],"categories":[3],"tags":[453,578,937,1011,1055,1224,1225,1446,1447,1521,1522,1584,2220,2406,2683,2685,2947,3222],"_links":{"self":[{"href":"https:\/\/blogs.diariosur.es\/gracias-a-dior\/wp-json\/wp\/v2\/posts\/2234"}],"collection":[{"href":"https:\/\/blogs.diariosur.es\/gracias-a-dior\/wp-json\/wp\/v2\/posts"}],"about":[{"href":"https:\/\/blogs.diariosur.es\/gracias-a-dior\/wp-json\/wp\/v2\/types\/post"}],"author":[{"embeddable":true,"href":"https:\/\/blogs.diariosur.es\/gracias-a-dior\/wp-json\/wp\/v2\/users\/20"}],"replies":[{"embeddable":true,"href":"https:\/\/blogs.diariosur.es\/gracias-a-dior\/wp-json\/wp\/v2\/comments?post=2234"}],"version-history":[{"count":0,"href":"https:\/\/blogs.diariosur.es\/gracias-a-dior\/wp-json\/wp\/v2\/posts\/2234\/revisions"}],"wp:attachment":[{"href":"https:\/\/blogs.diariosur.es\/gracias-a-dior\/wp-json\/wp\/v2\/media?parent=2234"}],"wp:term":[{"taxonomy":"category","embeddable":true,"href":"https:\/\/blogs.diariosur.es\/gracias-a-dior\/wp-json\/wp\/v2\/categories?post=2234"},{"taxonomy":"post_tag","embeddable":true,"href":"https:\/\/blogs.diariosur.es\/gracias-a-dior\/wp-json\/wp\/v2\/tags?post=2234"}],"curies":[{"name":"wp","href":"https:\/\/api.w.org\/{rel}","templated":true}]}}