{"id":2247,"date":"2013-03-21T07:36:48","date_gmt":"2013-03-21T06:36:48","guid":{"rendered":"http:\/\/blogs.diariosur.es\/gracias-a-dior\/?p=2247"},"modified":"2013-03-21T07:36:48","modified_gmt":"2013-03-21T06:36:48","slug":"estepona-celebrara-este-sabado-su-pasarela","status":"publish","type":"post","link":"https:\/\/blogs.diariosur.es\/gracias-a-dior\/2013\/03\/21\/estepona-celebrara-este-sabado-su-pasarela\/","title":{"rendered":"Estepona celebrar\u00e1 este s\u00e1bado su pasarela"},"content":{"rendered":"<p>Si hay algo que me encanta, es escribiros <strong>posts<\/strong> en los que <strong>M\u00e1laga<\/strong> y su <strong>provincia<\/strong> respiran <strong>moda<\/strong>. <strong>Desfiles, dise\u00f1adores, j\u00f3venes talentos, firmas de moda<\/strong>, etc. todo lo que sea de nuestra ciudad y tenga que ver con este mundillo es bueno darlo a conocer, como es el caso de la celebraci\u00f3n este s\u00e1bado, <strong>23 de marzo<\/strong>\u00a0a las <strong>19.00 horas<\/strong>, del desfile de moda <strong>Pasarela Estepona<\/strong>, que tendr\u00e1 lugar\u00a0en el <strong>Mercado Municipal de Abastos<\/strong> de la localidad.\u00a0En este desfile, la firma flamenca<strong> Ri\u00e1 Pit\u00e1<\/strong> y los dise\u00f1adores<strong> Hermanos Card\u00fa<\/strong>, presentar\u00e1n sus nuevas <strong>colecciones<\/strong> bajo la <strong>direcci\u00f3n art\u00edstica<\/strong> de <strong>Pepe Grimaldi.<\/strong><\/p>\n<p>La <strong>casa de moda<\/strong> flamenca <strong>Ri\u00e1-Pit\u00e1<\/strong> presentar\u00e1 en <strong>Pasarela Estepona<\/strong> una colecci\u00f3n de trajes de flamenca que tendr\u00e1n un marcado signo <strong>retro<\/strong> de reconocidas marcas, como<strong> Mary Cruz, Guadalupe y Roal<\/strong>, en el que los dise\u00f1os tendr\u00e1n detalles en forma de <strong>encajes, tiras bordadas o bolillos<\/strong>, acompa\u00f1ados de tejidos en <strong>algodones, sedas y gasas<\/strong>.<\/p>\n<p>Por su parte, la firma Hermanos Card\u00fa, de los dise\u00f1adores<strong> Tom\u00e1s y Mar\u00eda del Mar Card\u00fa<\/strong>, presentar\u00e1 su nueva <strong>colecci\u00f3n Primavera-Verano 2013<\/strong> de hombre y mujer.<\/p>\n<p>Si quer\u00e9is asistir a esta pasarela no tendr\u00e9is problemas, ya que la entrada es gratuita hasta completar el aforo. \u00a1Animaros y no os la perd\u00e1is!<\/p>\n<div id=\"attachment_2248\" style=\"width: 410px\" class=\"wp-caption aligncenter\"><a href=\"\/gracias-a-dior\/wp-content\/uploads\/sites\/17\/2013\/03\/pasarela-moda.jpg\"><img aria-describedby=\"caption-attachment-2248\" loading=\"lazy\" class=\"size-full wp-image-2248\" title=\"Cartel anunciador de la Pasarela Estepona\" src=\"\/gracias-a-dior\/wp-content\/uploads\/sites\/17\/2013\/03\/pasarela-moda.jpg\" alt=\"Cartel anunciador de la Pasarela Estepona\" width=\"400\" height=\"576\" srcset=\"https:\/\/static-blogs.diariosur.es\/wp-content\/uploads\/sites\/17\/2013\/03\/pasarela-moda.jpg 400w, https:\/\/static-blogs.diariosur.es\/wp-content\/uploads\/sites\/17\/2013\/03\/pasarela-moda-208x300.jpg 208w\" sizes=\"(max-width: 400px) 100vw, 400px\" \/><\/a><p id=\"caption-attachment-2248\" class=\"wp-caption-text\">Cartel anunciador de la Pasarela Estepona<\/p><\/div>\n<p>&nbsp;<\/p>\n","protected":false},"excerpt":{"rendered":"<p>Si hay algo que me encanta, es escribiros posts en los que M\u00e1laga y su provincia respiran moda. Desfiles, dise\u00f1adores, j\u00f3venes talentos, firmas de moda, etc. todo lo que sea de nuestra ciudad y tenga que ver con este mundillo es bueno darlo a conocer, como es el caso de la celebraci\u00f3n este s\u00e1bado, 23 [&hellip;]<\/p>\n","protected":false},"author":20,"featured_media":0,"comment_status":"open","ping_status":"closed","sticky":false,"template":"","format":"standard","meta":[],"categories":[3],"tags":[154,784,1418,1481,1490,1531,1995,2022,2073,2141,2415,2453,2673,2682,2699,2797,3066],"_links":{"self":[{"href":"https:\/\/blogs.diariosur.es\/gracias-a-dior\/wp-json\/wp\/v2\/posts\/2247"}],"collection":[{"href":"https:\/\/blogs.diariosur.es\/gracias-a-dior\/wp-json\/wp\/v2\/posts"}],"about":[{"href":"https:\/\/blogs.diariosur.es\/gracias-a-dior\/wp-json\/wp\/v2\/types\/post"}],"author":[{"embeddable":true,"href":"https:\/\/blogs.diariosur.es\/gracias-a-dior\/wp-json\/wp\/v2\/users\/20"}],"replies":[{"embeddable":true,"href":"https:\/\/blogs.diariosur.es\/gracias-a-dior\/wp-json\/wp\/v2\/comments?post=2247"}],"version-history":[{"count":0,"href":"https:\/\/blogs.diariosur.es\/gracias-a-dior\/wp-json\/wp\/v2\/posts\/2247\/revisions"}],"wp:attachment":[{"href":"https:\/\/blogs.diariosur.es\/gracias-a-dior\/wp-json\/wp\/v2\/media?parent=2247"}],"wp:term":[{"taxonomy":"category","embeddable":true,"href":"https:\/\/blogs.diariosur.es\/gracias-a-dior\/wp-json\/wp\/v2\/categories?post=2247"},{"taxonomy":"post_tag","embeddable":true,"href":"https:\/\/blogs.diariosur.es\/gracias-a-dior\/wp-json\/wp\/v2\/tags?post=2247"}],"curies":[{"name":"wp","href":"https:\/\/api.w.org\/{rel}","templated":true}]}}