{"id":2267,"date":"2013-04-02T09:36:42","date_gmt":"2013-04-02T07:36:42","guid":{"rendered":"http:\/\/blogs.diariosur.es\/gracias-a-dior\/?p=2267"},"modified":"2013-04-02T09:36:42","modified_gmt":"2013-04-02T07:36:42","slug":"victoria-beckham-abre-tienda-online","status":"publish","type":"post","link":"https:\/\/blogs.diariosur.es\/gracias-a-dior\/2013\/04\/02\/victoria-beckham-abre-tienda-online\/","title":{"rendered":"Victoria Beckham abre tienda online"},"content":{"rendered":"<p>Est\u00e1 claro que <strong>Internet<\/strong> es el futuro y que para que la moda llegue a todo el mundo es necesario tener una buena p\u00e1gina <strong>web<\/strong>, en la que puedas adquirir aquello que en tu ciudad no se pueda comprar de manera f\u00edsica. Eso lo sabe una de las chicas m\u00e1s avispadas del mundillo, la siempre perfecta <strong>Victoria Beckham<\/strong>, y por ello ya ha abierto su<strong><a href=\"http:\/\/www.victoriabeckham.com\/\" rel=\"external nofollow\"> tienda online<\/a><\/strong>.<\/p>\n<p>Victoria Beckham que ya se ha retirado totalmente de la m\u00fasica, una afirmaci\u00f3n que hizo recientemente, trabaja las 24 horas del d\u00eda en su<strong> l\u00ednea de moda<\/strong>, que ahora podremos seguir gracias a su <strong>e-shop<\/strong>, donde se puede encontrar una<strong> ropa moderna y juvenil<\/strong>, a la vez que <strong>sencilla<\/strong>.<\/p>\n<p>Al igual que suelen ser sus colecciones, las prendas que ofrece a trav\u00e9s de su<strong> tienda online<\/strong> son simples, pero muy <strong>femeninas<\/strong>, con mucho <strong>estilo<\/strong> y <strong>color<\/strong>. \u00a0En la web se pueden encontrar estilos diferentes, como <strong>vestidos de fiesta, moda vaquera, camisetas holgadas, b\u00e1sicas y vestidos para diario<\/strong>.<\/p>\n<p>Su web se divide en dos secciones<strong>: Look &#038; shop<\/strong>. En Look el usuario puede ponerse al d\u00eda con las tendencias de primavera- verano desde el <strong>2009<\/strong> hasta la actualidad, adem\u00e1s de encontrar <strong>noticias<\/strong>, y<strong> contenido hist\u00f3rico<\/strong> y <strong>documental<\/strong> de Victoria Beckham.<\/p>\n<p>Por otro lado, en <strong>Shop<\/strong> se podr\u00e1n realizar las compras desde el \u00a0ordenador. Divide el contenido en varias secciones: <strong>accesorios, gafas de sol, denim<\/strong>, y la<strong> \u00faltima l\u00ednea<\/strong> de Victoria Beckahm que la dise\u00f1adora ha llamado <strong>Victoria by Victoria Beckham.<\/strong><\/p>\n<p>La tienda, en principio, estar\u00e1 disponible en <strong>Europa<\/strong> y<strong>\u00a0Estados Unidos,<\/strong> pero hay previsiones de que se expanda y su \u00e1mbito de influencia siga creciendo.<\/p>\n<div id=\"attachment_2268\" style=\"width: 410px\" class=\"wp-caption aligncenter\"><a href=\"\/gracias-a-dior\/wp-content\/uploads\/sites\/17\/2013\/04\/beckham-web-blog.jpg\"><img aria-describedby=\"caption-attachment-2268\" loading=\"lazy\" class=\"size-full wp-image-2268\" title=\"Imagen de la web\" src=\"\/gracias-a-dior\/wp-content\/uploads\/sites\/17\/2013\/04\/beckham-web-blog.jpg\" alt=\"Imagen de la web\" width=\"400\" height=\"280\" srcset=\"https:\/\/static-blogs.diariosur.es\/wp-content\/uploads\/sites\/17\/2013\/04\/beckham-web-blog.jpg 400w, https:\/\/static-blogs.diariosur.es\/wp-content\/uploads\/sites\/17\/2013\/04\/beckham-web-blog-300x210.jpg 300w\" sizes=\"(max-width: 400px) 100vw, 400px\" \/><\/a><p id=\"caption-attachment-2268\" class=\"wp-caption-text\">Imagen de la web<\/p><\/div>\n","protected":false},"excerpt":{"rendered":"<p>Est\u00e1 claro que Internet es el futuro y que para que la moda llegue a todo el mundo es necesario tener una buena p\u00e1gina web, en la que puedas adquirir aquello que en tu ciudad no se pueda comprar de manera f\u00edsica. Eso lo sabe una de las chicas m\u00e1s avispadas del mundillo, la siempre [&hellip;]<\/p>\n","protected":false},"author":20,"featured_media":0,"comment_status":"open","ping_status":"closed","sticky":false,"template":"","format":"standard","meta":[],"categories":[3],"tags":[82,807,981,1079,1298,1888,2155,2318,2722,2813,2832,3045,3191,3256,3257],"_links":{"self":[{"href":"https:\/\/blogs.diariosur.es\/gracias-a-dior\/wp-json\/wp\/v2\/posts\/2267"}],"collection":[{"href":"https:\/\/blogs.diariosur.es\/gracias-a-dior\/wp-json\/wp\/v2\/posts"}],"about":[{"href":"https:\/\/blogs.diariosur.es\/gracias-a-dior\/wp-json\/wp\/v2\/types\/post"}],"author":[{"embeddable":true,"href":"https:\/\/blogs.diariosur.es\/gracias-a-dior\/wp-json\/wp\/v2\/users\/20"}],"replies":[{"embeddable":true,"href":"https:\/\/blogs.diariosur.es\/gracias-a-dior\/wp-json\/wp\/v2\/comments?post=2267"}],"version-history":[{"count":0,"href":"https:\/\/blogs.diariosur.es\/gracias-a-dior\/wp-json\/wp\/v2\/posts\/2267\/revisions"}],"wp:attachment":[{"href":"https:\/\/blogs.diariosur.es\/gracias-a-dior\/wp-json\/wp\/v2\/media?parent=2267"}],"wp:term":[{"taxonomy":"category","embeddable":true,"href":"https:\/\/blogs.diariosur.es\/gracias-a-dior\/wp-json\/wp\/v2\/categories?post=2267"},{"taxonomy":"post_tag","embeddable":true,"href":"https:\/\/blogs.diariosur.es\/gracias-a-dior\/wp-json\/wp\/v2\/tags?post=2267"}],"curies":[{"name":"wp","href":"https:\/\/api.w.org\/{rel}","templated":true}]}}