{"id":2276,"date":"2013-04-04T08:56:09","date_gmt":"2013-04-04T06:56:09","guid":{"rendered":"http:\/\/blogs.diariosur.es\/gracias-a-dior\/?p=2276"},"modified":"2013-04-04T08:56:09","modified_gmt":"2013-04-04T06:56:09","slug":"los-shorts-se-vuelven-deportivos-esta-primavera-verano-2013","status":"publish","type":"post","link":"https:\/\/blogs.diariosur.es\/gracias-a-dior\/2013\/04\/04\/los-shorts-se-vuelven-deportivos-esta-primavera-verano-2013\/","title":{"rendered":"Los shorts se vuelven deportivos esta primavera-verano 2013"},"content":{"rendered":"<p>Con el buen tiempo los <strong>pantalones cortos<\/strong> o <strong>shorts<\/strong> salen del armario para protagonizar infinidad de outfits. En denim, d<strong>e tipo navajo, de tiro alto o de tiro bajo<\/strong>, da igual como sean porque lo que importa es llevar unos puestos. Para esta <strong>primavera-verano 2013<\/strong>, los shorts adoptan otro estilo que es nada m\u00e1s y nada menos que el <strong>deportivo<\/strong>.<\/p>\n<p>Ya avisamos que esta temporada el<strong><a href=\"https:\/\/blogs.diariosur.es\/gracias-a-dior\/2013\/02\/02\/primark-apuesta-por-una-primavera-muy-sport-2\/\"> estilo sport <\/a><\/strong>estar\u00eda muy vigente y que los <strong>looks<\/strong> inspirados en el gimnasio saldr\u00edan a la calle y as\u00ed ser\u00e1. No s\u00f3lo las<strong> <a href=\"https:\/\/blogs.diariosur.es\/gracias-a-dior\/2013\/03\/23\/las-deportivas-salen-a-la-calle\/\">deportivas <\/a><\/strong>toman protagonismo en esta temporada, sino que los shorts adoptan la forma de los pantalones cortos de hacer <strong>gimnasia<\/strong> para hacernos m\u00e1s c\u00f3moda la <strong>jornada<\/strong>.<\/p>\n<p>De inspiraci\u00f3n<strong> \u00e9tnica<\/strong>, con <strong>brillo<\/strong> para la noche o <strong>liso<\/strong> para combinarlo en cualquier momento son algunas de las variantes que toman los shorts que podr\u00e1n llevarse con<strong> zapato plano, con tenis<\/strong>, o como mandan los c\u00e1nones&#8230; con <strong>taconazo. <\/strong>Aunque la decisi\u00f3n es simple y dependiendo a\u00a0donde tengamos que acudir o seg\u00fan tengamos el estado de \u00e1nimo tomaremos una u otra opci\u00f3n.<\/p>\n<p><strong>\u00a0Zara, Bershka o H&#038;M<\/strong> ya han sucumbido a esta prenda que pretende aportarnos ante todo<strong> 100% comodidad y versatilidad<\/strong>.<\/p>\n<p>A continuaci\u00f3n os dejo una peque\u00f1a selecci\u00f3n de los shorts de esta temporada:<\/p>\n<p>&nbsp;<\/p>\n<div id=\"attachment_2277\" style=\"width: 410px\" class=\"wp-caption aligncenter\"><a href=\"\/gracias-a-dior\/wp-content\/uploads\/sites\/17\/2013\/04\/bershka.jpg\"><img aria-describedby=\"caption-attachment-2277\" loading=\"lazy\" class=\"size-full wp-image-2277\" title=\"Bershka\" src=\"\/gracias-a-dior\/wp-content\/uploads\/sites\/17\/2013\/04\/bershka.jpg\" alt=\"Bershka\" width=\"400\" height=\"512\" srcset=\"https:\/\/static-blogs.diariosur.es\/wp-content\/uploads\/sites\/17\/2013\/04\/bershka.jpg 400w, https:\/\/static-blogs.diariosur.es\/wp-content\/uploads\/sites\/17\/2013\/04\/bershka-234x300.jpg 234w\" sizes=\"(max-width: 400px) 100vw, 400px\" \/><\/a><p id=\"caption-attachment-2277\" class=\"wp-caption-text\">Bershka<\/p><\/div>\n<p>&nbsp;<\/p>\n<div id=\"attachment_2283\" style=\"width: 410px\" class=\"wp-caption aligncenter\"><a href=\"\/gracias-a-dior\/wp-content\/uploads\/sites\/17\/2013\/04\/hm1.jpg\"><img aria-describedby=\"caption-attachment-2283\" loading=\"lazy\" class=\"size-full wp-image-2283\" title=\"H&#038;M\" src=\"\/gracias-a-dior\/wp-content\/uploads\/sites\/17\/2013\/04\/hm1.jpg\" alt=\"H&#038;M\" width=\"400\" height=\"468\" srcset=\"https:\/\/static-blogs.diariosur.es\/wp-content\/uploads\/sites\/17\/2013\/04\/hm1.jpg 400w, https:\/\/static-blogs.diariosur.es\/wp-content\/uploads\/sites\/17\/2013\/04\/hm1-256x300.jpg 256w\" sizes=\"(max-width: 400px) 100vw, 400px\" \/><\/a><p id=\"caption-attachment-2283\" class=\"wp-caption-text\">H&M<\/p><\/div>\n<p>&nbsp;<\/p>\n<div id=\"attachment_2279\" style=\"width: 410px\" class=\"wp-caption aligncenter\"><a href=\"\/gracias-a-dior\/wp-content\/uploads\/sites\/17\/2013\/04\/pull1.jpg\"><img aria-describedby=\"caption-attachment-2279\" loading=\"lazy\" class=\"size-full wp-image-2279\" title=\"Pull&#038;Bear\" src=\"\/gracias-a-dior\/wp-content\/uploads\/sites\/17\/2013\/04\/pull1.jpg\" alt=\"Pull&#038;Bear\" width=\"400\" height=\"415\" srcset=\"https:\/\/static-blogs.diariosur.es\/wp-content\/uploads\/sites\/17\/2013\/04\/pull1.jpg 400w, https:\/\/static-blogs.diariosur.es\/wp-content\/uploads\/sites\/17\/2013\/04\/pull1-289x300.jpg 289w\" sizes=\"(max-width: 400px) 100vw, 400px\" \/><\/a><p id=\"caption-attachment-2279\" class=\"wp-caption-text\">Pull&Bear<\/p><\/div>\n<p>&nbsp;<\/p>\n<div id=\"attachment_2280\" style=\"width: 410px\" class=\"wp-caption aligncenter\"><a href=\"\/gracias-a-dior\/wp-content\/uploads\/sites\/17\/2013\/04\/zara.jpg\"><img aria-describedby=\"caption-attachment-2280\" loading=\"lazy\" class=\"size-full wp-image-2280\" title=\"zara\" src=\"\/gracias-a-dior\/wp-content\/uploads\/sites\/17\/2013\/04\/zara.jpg\" alt=\"Zara\" width=\"400\" height=\"640\" srcset=\"https:\/\/static-blogs.diariosur.es\/wp-content\/uploads\/sites\/17\/2013\/04\/zara.jpg 400w, https:\/\/static-blogs.diariosur.es\/wp-content\/uploads\/sites\/17\/2013\/04\/zara-188x300.jpg 188w\" sizes=\"(max-width: 400px) 100vw, 400px\" \/><\/a><p id=\"caption-attachment-2280\" class=\"wp-caption-text\">Zara<\/p><\/div>\n<p>&nbsp;<\/p>\n<div id=\"attachment_2281\" style=\"width: 410px\" class=\"wp-caption aligncenter\"><a href=\"\/gracias-a-dior\/wp-content\/uploads\/sites\/17\/2013\/04\/zara1.jpg\"><img aria-describedby=\"caption-attachment-2281\" loading=\"lazy\" class=\"size-full wp-image-2281\" title=\"Zara\" src=\"\/gracias-a-dior\/wp-content\/uploads\/sites\/17\/2013\/04\/zara1.jpg\" alt=\"Zara\" width=\"400\" height=\"640\" srcset=\"https:\/\/static-blogs.diariosur.es\/wp-content\/uploads\/sites\/17\/2013\/04\/zara1.jpg 400w, https:\/\/static-blogs.diariosur.es\/wp-content\/uploads\/sites\/17\/2013\/04\/zara1-188x300.jpg 188w\" sizes=\"(max-width: 400px) 100vw, 400px\" \/><\/a><p id=\"caption-attachment-2281\" class=\"wp-caption-text\">Zara<\/p><\/div>\n<p>&nbsp;<\/p>\n<div id=\"attachment_2282\" style=\"width: 410px\" class=\"wp-caption aligncenter\"><a href=\"\/gracias-a-dior\/wp-content\/uploads\/sites\/17\/2013\/04\/zara3.jpg\"><img aria-describedby=\"caption-attachment-2282\" loading=\"lazy\" class=\"size-full wp-image-2282\" title=\"Zara\" src=\"\/gracias-a-dior\/wp-content\/uploads\/sites\/17\/2013\/04\/zara3.jpg\" alt=\"Zara\" width=\"400\" height=\"640\" srcset=\"https:\/\/static-blogs.diariosur.es\/wp-content\/uploads\/sites\/17\/2013\/04\/zara3.jpg 400w, https:\/\/static-blogs.diariosur.es\/wp-content\/uploads\/sites\/17\/2013\/04\/zara3-188x300.jpg 188w\" sizes=\"(max-width: 400px) 100vw, 400px\" \/><\/a><p id=\"caption-attachment-2282\" class=\"wp-caption-text\">Zara<\/p><\/div>\n<p>&nbsp;<\/p>\n<p>&nbsp;<\/p>\n<p>&nbsp;<\/p>\n<p>&nbsp;<\/p>\n<p>&nbsp;<\/p>\n<p>&nbsp;<\/p>\n<p>&nbsp;<\/p>\n<p>&nbsp;<\/p>\n","protected":false},"excerpt":{"rendered":"<p>Con el buen tiempo los pantalones cortos o shorts salen del armario para protagonizar infinidad de outfits. En denim, de tipo navajo, de tiro alto o de tiro bajo, da igual como sean porque lo que importa es llevar unos puestos. Para esta primavera-verano 2013, los shorts adoptan otro estilo que es nada m\u00e1s y [&hellip;]<\/p>\n","protected":false},"author":20,"featured_media":0,"comment_status":"open","ping_status":"closed","sticky":false,"template":"","format":"standard","meta":[],"categories":[3],"tags":[351,1199,1228,1543,2232,2383,2575,2837,2977,3026,3350,3360],"_links":{"self":[{"href":"https:\/\/blogs.diariosur.es\/gracias-a-dior\/wp-json\/wp\/v2\/posts\/2276"}],"collection":[{"href":"https:\/\/blogs.diariosur.es\/gracias-a-dior\/wp-json\/wp\/v2\/posts"}],"about":[{"href":"https:\/\/blogs.diariosur.es\/gracias-a-dior\/wp-json\/wp\/v2\/types\/post"}],"author":[{"embeddable":true,"href":"https:\/\/blogs.diariosur.es\/gracias-a-dior\/wp-json\/wp\/v2\/users\/20"}],"replies":[{"embeddable":true,"href":"https:\/\/blogs.diariosur.es\/gracias-a-dior\/wp-json\/wp\/v2\/comments?post=2276"}],"version-history":[{"count":0,"href":"https:\/\/blogs.diariosur.es\/gracias-a-dior\/wp-json\/wp\/v2\/posts\/2276\/revisions"}],"wp:attachment":[{"href":"https:\/\/blogs.diariosur.es\/gracias-a-dior\/wp-json\/wp\/v2\/media?parent=2276"}],"wp:term":[{"taxonomy":"category","embeddable":true,"href":"https:\/\/blogs.diariosur.es\/gracias-a-dior\/wp-json\/wp\/v2\/categories?post=2276"},{"taxonomy":"post_tag","embeddable":true,"href":"https:\/\/blogs.diariosur.es\/gracias-a-dior\/wp-json\/wp\/v2\/tags?post=2276"}],"curies":[{"name":"wp","href":"https:\/\/api.w.org\/{rel}","templated":true}]}}