{"id":2480,"date":"2013-05-22T09:33:49","date_gmt":"2013-05-22T07:33:49","guid":{"rendered":"http:\/\/blogs.diariosur.es\/gracias-a-dior\/?p=2480"},"modified":"2013-05-22T09:33:49","modified_gmt":"2013-05-22T07:33:49","slug":"los-levis-501-cumplen-140-anos","status":"publish","type":"post","link":"https:\/\/blogs.diariosur.es\/gracias-a-dior\/2013\/05\/22\/los-levis-501-cumplen-140-anos\/","title":{"rendered":"Los Levi&#039;s 501 cumplen 140 a\u00f1os"},"content":{"rendered":"<p>El post de hoy va dedicado a un cl\u00e1sico que no pasa de moda. Los <strong>Levi&#8217;s 501<\/strong>. El modelo de la marca vaquera est\u00e1 de celebraci\u00f3n y cumple la friolera de<strong> 140 a\u00f1os<\/strong>, por eso desde este <strong>blog<\/strong> queremos felicitarle mientras Levi&#8217;s sopla las <strong>velas<\/strong>.<\/p>\n<p>En estos tiempos en los que los vaqueros de corte pitillo nos han invadido, el 501 de Levis le ha cedido protagonismo y ya no es uno de nuestros preferidos. Sin embargo, no hay que olvidar que en la <strong>d\u00e9cada de los 90<\/strong> fue uno de nuestros amigos inseparables. Los ten\u00edamos de todos los colores y los combin\u00e1bamos con<strong> camisetas cortas<\/strong> que dejaban el <strong>ombligo al aire<\/strong> (s\u00ed, s\u00ed, como las que han vuelto este <strong>2013<\/strong>). Ya fuera con unos n\u00e1uticos <strong>Camper<\/strong> o con unas botas <strong>Dr. Marteens<\/strong>, los Levis 501 nos acompa\u00f1aron al instituto o en las primeras salidas con nuestro grupo de <strong>amigos<\/strong>.<\/p>\n<p>Sin embargo, el origen de los <strong>Levi&#8217;s 501<\/strong> fue el de una prenda que estaba creada para <strong>trabajar<\/strong> y con \u00e9l han vestido presidentes de gobierno, estrellas de cine, actores y empresarios, lo que ayud\u00f3 a que este modelo se convirtiera en todo un icono de la moda . &#8220;Ning\u00fan pantal\u00f3n&#8221;, dice Levi&#8217;s, ha sido tan &#8220;amado&#8221; y &#8220;reimaginado&#8221; generaci\u00f3n tras generaci\u00f3n.<\/p>\n<p>Y con este importante cumplea\u00f1os, Levi&#8217;s ha querido homenajear a sus vaqueros m\u00e1s famosos con el lanzamiento de una <strong>colecci\u00f3n &#8216;non-demin&#8217;<\/strong> de este modelo en<strong> verde caqui, azul y rojo<\/strong>.<\/p>\n<p>Adem\u00e1s, Levi&#8217;s presenta la <strong>campa\u00f1a &#8216;501 Interpretation&#8217;<\/strong> , a trav\u00e9s de la cu\u00e1l todos los fans de la firma podr\u00e1n interpretar sus <strong>jeans favoritos<\/strong> en su propio estilo.<\/p>\n<p>De esta forma, en el website de Levi&#8217;s se habilitar\u00e1 una <strong>galer\u00eda fotogr\u00e1fica<\/strong> compuesta tanto por fotos de moda como de <strong>street style<\/strong>. Los seguidores de Levi&#8217;s podr\u00e1n participar en <strong>Twitter<\/strong> e <strong>Instagram<\/strong> colgando sus fotos con el hashtag <strong>#501<\/strong> o subi\u00e9ndolas directamente a la web.<\/p>\n<p>De todas estas propuestas, Levi&#8217;s seleccionar\u00e1 las fotos que mejor representen la energ\u00eda de nuestro tiempo para que formen parte de un libro que se publicar\u00e1 en edici\u00f3n limitada y que se llamar\u00e1<strong> Book of 501<\/strong>.<\/p>\n<p>&nbsp;<\/p>\n<p><a href=\"\/gracias-a-dior\/wp-content\/uploads\/sites\/17\/2013\/05\/levis-blog.jpg\"><img loading=\"lazy\" class=\"aligncenter size-full wp-image-2481\" title=\"\" src=\"\/gracias-a-dior\/wp-content\/uploads\/sites\/17\/2013\/05\/levis-blog.jpg\" alt=\"\" width=\"400\" height=\"333\" srcset=\"https:\/\/static-blogs.diariosur.es\/wp-content\/uploads\/sites\/17\/2013\/05\/levis-blog.jpg 400w, https:\/\/static-blogs.diariosur.es\/wp-content\/uploads\/sites\/17\/2013\/05\/levis-blog-300x250.jpg 300w\" sizes=\"(max-width: 400px) 100vw, 400px\" \/><\/a><\/p>\n","protected":false},"excerpt":{"rendered":"<p>El post de hoy va dedicado a un cl\u00e1sico que no pasa de moda. Los Levi&#8217;s 501. El modelo de la marca vaquera est\u00e1 de celebraci\u00f3n y cumple la friolera de 140 a\u00f1os, por eso desde este blog queremos felicitarle mientras Levi&#8217;s sopla las velas. En estos tiempos en los que los vaqueros de corte [&hellip;]<\/p>\n","protected":false},"author":20,"featured_media":0,"comment_status":"open","ping_status":"open","sticky":false,"template":"","format":"standard","meta":[],"categories":[3],"tags":[15,66,209,274,444,770,1550,1594,1647,1836,2710,3099,3148,3193,3210],"_links":{"self":[{"href":"https:\/\/blogs.diariosur.es\/gracias-a-dior\/wp-json\/wp\/v2\/posts\/2480"}],"collection":[{"href":"https:\/\/blogs.diariosur.es\/gracias-a-dior\/wp-json\/wp\/v2\/posts"}],"about":[{"href":"https:\/\/blogs.diariosur.es\/gracias-a-dior\/wp-json\/wp\/v2\/types\/post"}],"author":[{"embeddable":true,"href":"https:\/\/blogs.diariosur.es\/gracias-a-dior\/wp-json\/wp\/v2\/users\/20"}],"replies":[{"embeddable":true,"href":"https:\/\/blogs.diariosur.es\/gracias-a-dior\/wp-json\/wp\/v2\/comments?post=2480"}],"version-history":[{"count":0,"href":"https:\/\/blogs.diariosur.es\/gracias-a-dior\/wp-json\/wp\/v2\/posts\/2480\/revisions"}],"wp:attachment":[{"href":"https:\/\/blogs.diariosur.es\/gracias-a-dior\/wp-json\/wp\/v2\/media?parent=2480"}],"wp:term":[{"taxonomy":"category","embeddable":true,"href":"https:\/\/blogs.diariosur.es\/gracias-a-dior\/wp-json\/wp\/v2\/categories?post=2480"},{"taxonomy":"post_tag","embeddable":true,"href":"https:\/\/blogs.diariosur.es\/gracias-a-dior\/wp-json\/wp\/v2\/tags?post=2480"}],"curies":[{"name":"wp","href":"https:\/\/api.w.org\/{rel}","templated":true}]}}