{"id":2504,"date":"2013-05-30T16:32:45","date_gmt":"2013-05-30T14:32:45","guid":{"rendered":"http:\/\/blogs.diariosur.es\/gracias-a-dior\/?p=2504"},"modified":"2013-05-30T16:32:45","modified_gmt":"2013-05-30T14:32:45","slug":"loewe-lanza-la-coleccion-tales-of-spain","status":"publish","type":"post","link":"https:\/\/blogs.diariosur.es\/gracias-a-dior\/2013\/05\/30\/loewe-lanza-la-coleccion-tales-of-spain\/","title":{"rendered":"Loewe lanza la colecci\u00f3n Tales of Spain"},"content":{"rendered":"<p><strong>Loewe<\/strong> sigue adelante con su objetivo de captar a un <strong>p\u00fablico joven<\/strong>. Muestra de ello es su nueva colecci\u00f3n Tales of\u00a0 Spain (Cuentos de Espa\u00f1a), donde demuestra c\u00f3mo es capaz de trabajar la <strong>piel estampada y la seda.<\/strong><\/p>\n<p>Tales of Spain es una colecci\u00f3n de complementos dise\u00f1ada por<strong> Stuart Vevers,<\/strong> el director creativo de Loewe desde el <strong>2008<\/strong>. En esta colecci\u00f3n de aire juvenil, la firma de lujo realiza una mezcla muy resultona de motivos cl\u00e1sicos y muy espa\u00f1oles, como son el <strong>mant\u00f3n de manila, las mariposas y el estilo barroco<\/strong>.<\/p>\n<p>La nueva colecci\u00f3n est\u00e1 formada por tres l\u00edneas. <strong>&#8216;Mant\u00f3n de Manila<\/strong>&#8216;, que se caracteriza por p\u00e1jaros y flores ; &#8216;<strong>Mariposas espa\u00f1olas<\/strong>&#8216; que integra insectos, y, por \u00faltimo, &#8216;<strong>Barroco<\/strong>&#8216;, donde tienen cabida artistas como<strong> Zurbar\u00e1n, Vel\u00e1zquez o Murillo<\/strong>,\u00a0 que se recuperan gracias a los archivos de Loewe de los a\u00f1os <strong>setenta y ochenta.<\/strong><\/p>\n<p>Las sedas tienen un precio que parte de los 295 euros y los bolsos se pueden adquirir desde los 990. Cualquier producto de &#8216;Tales of Spain&#8217; se podr\u00e1 comprar en los principales establecimientos que Loewe posee en todo el mundo, adem\u00e1s de en &#8220;<strong>tiendas ef\u00edmeras<\/strong>&#8221; creadas s\u00f3lo para su venta en exclusiva como la ubicada en la <strong>Galer\u00eda Loewe de Barcelona<\/strong>, que estar\u00e1 en pie hasta el pr\u00f3ximo 30 de junio.<\/p>\n<p>Adem\u00e1s, Loewe tambi\u00e9n ha creado un quiosco exterior itinerante que tambi\u00e9n estar\u00e1 ubicado en<strong> El Corte Ingl\u00e9s de la Ciudad Condal<\/strong> del 24 de mayo al 18 de junio y en el <strong>Aeropuerto de El Prat<\/strong>, del 20 de junio al 31 de julio.<\/p>\n<p>Os dejo las fotos y el v\u00eddeo promocional de Tales of Spain:<\/p>\n<p>&nbsp;<\/p>\n<p>&nbsp;<\/p>\n<p><a href=\"\/gracias-a-dior\/wp-content\/uploads\/sites\/17\/2013\/05\/91.jpg\"><img loading=\"lazy\" class=\"aligncenter size-full wp-image-2525\" title=\"\" src=\"\/gracias-a-dior\/wp-content\/uploads\/sites\/17\/2013\/05\/91.jpg\" alt=\"\" width=\"400\" height=\"266\" srcset=\"https:\/\/static-blogs.diariosur.es\/wp-content\/uploads\/sites\/17\/2013\/05\/91.jpg 400w, https:\/\/static-blogs.diariosur.es\/wp-content\/uploads\/sites\/17\/2013\/05\/91-300x200.jpg 300w\" sizes=\"(max-width: 400px) 100vw, 400px\" \/><\/a><\/p>\n<p>&nbsp;<\/p>\n<p><a href=\"\/gracias-a-dior\/wp-content\/uploads\/sites\/17\/2013\/05\/71.jpg\"><img loading=\"lazy\" class=\"aligncenter size-full wp-image-2523\" title=\"\" src=\"\/gracias-a-dior\/wp-content\/uploads\/sites\/17\/2013\/05\/71.jpg\" alt=\"\" width=\"400\" height=\"600\" srcset=\"https:\/\/static-blogs.diariosur.es\/wp-content\/uploads\/sites\/17\/2013\/05\/71.jpg 400w, https:\/\/static-blogs.diariosur.es\/wp-content\/uploads\/sites\/17\/2013\/05\/71-200x300.jpg 200w\" sizes=\"(max-width: 400px) 100vw, 400px\" \/><\/a><\/p>\n<p>&nbsp;<\/p>\n<p><a href=\"\/gracias-a-dior\/wp-content\/uploads\/sites\/17\/2013\/05\/81.jpg\"><img loading=\"lazy\" class=\"aligncenter size-full wp-image-2524\" title=\"\" src=\"\/gracias-a-dior\/wp-content\/uploads\/sites\/17\/2013\/05\/81.jpg\" alt=\"\" width=\"400\" height=\"601\" srcset=\"https:\/\/static-blogs.diariosur.es\/wp-content\/uploads\/sites\/17\/2013\/05\/81.jpg 400w, https:\/\/static-blogs.diariosur.es\/wp-content\/uploads\/sites\/17\/2013\/05\/81-200x300.jpg 200w\" sizes=\"(max-width: 400px) 100vw, 400px\" \/><\/a><\/p>\n<p>&nbsp;<\/p>\n<p><a href=\"\/gracias-a-dior\/wp-content\/uploads\/sites\/17\/2013\/05\/63.jpg\"><img loading=\"lazy\" class=\"aligncenter size-full wp-image-2522\" title=\"\" src=\"\/gracias-a-dior\/wp-content\/uploads\/sites\/17\/2013\/05\/63.jpg\" alt=\"\" width=\"400\" height=\"533\" srcset=\"https:\/\/static-blogs.diariosur.es\/wp-content\/uploads\/sites\/17\/2013\/05\/63.jpg 400w, https:\/\/static-blogs.diariosur.es\/wp-content\/uploads\/sites\/17\/2013\/05\/63-225x300.jpg 225w\" sizes=\"(max-width: 400px) 100vw, 400px\" \/><\/a><\/p>\n<p>&nbsp;<\/p>\n<p><a href=\"\/gracias-a-dior\/wp-content\/uploads\/sites\/17\/2013\/05\/44.jpg\"><img loading=\"lazy\" class=\"aligncenter size-full wp-image-2520\" title=\"\" src=\"\/gracias-a-dior\/wp-content\/uploads\/sites\/17\/2013\/05\/44.jpg\" alt=\"\" width=\"400\" height=\"533\" srcset=\"https:\/\/static-blogs.diariosur.es\/wp-content\/uploads\/sites\/17\/2013\/05\/44.jpg 400w, https:\/\/static-blogs.diariosur.es\/wp-content\/uploads\/sites\/17\/2013\/05\/44-225x300.jpg 225w\" sizes=\"(max-width: 400px) 100vw, 400px\" \/><\/a><\/p>\n<p>&nbsp;<\/p>\n<p><a href=\"\/gracias-a-dior\/wp-content\/uploads\/sites\/17\/2013\/05\/54.jpg\"><img loading=\"lazy\" class=\"aligncenter size-full wp-image-2521\" title=\"\" src=\"\/gracias-a-dior\/wp-content\/uploads\/sites\/17\/2013\/05\/54.jpg\" alt=\"\" width=\"400\" height=\"250\" srcset=\"https:\/\/static-blogs.diariosur.es\/wp-content\/uploads\/sites\/17\/2013\/05\/54.jpg 400w, https:\/\/static-blogs.diariosur.es\/wp-content\/uploads\/sites\/17\/2013\/05\/54-300x188.jpg 300w\" sizes=\"(max-width: 400px) 100vw, 400px\" \/><\/a><\/p>\n<p>&nbsp;<\/p>\n<p><a href=\"\/gracias-a-dior\/wp-content\/uploads\/sites\/17\/2013\/05\/24.jpg\"><img loading=\"lazy\" class=\"aligncenter size-full wp-image-2518\" title=\"\" src=\"\/gracias-a-dior\/wp-content\/uploads\/sites\/17\/2013\/05\/24.jpg\" alt=\"\" width=\"400\" height=\"377\" srcset=\"https:\/\/static-blogs.diariosur.es\/wp-content\/uploads\/sites\/17\/2013\/05\/24.jpg 400w, https:\/\/static-blogs.diariosur.es\/wp-content\/uploads\/sites\/17\/2013\/05\/24-300x283.jpg 300w\" sizes=\"(max-width: 400px) 100vw, 400px\" \/><\/a><\/p>\n<p>&nbsp;<\/p>\n<p><a href=\"\/gracias-a-dior\/wp-content\/uploads\/sites\/17\/2013\/05\/34.jpg\"><img loading=\"lazy\" class=\"aligncenter size-full wp-image-2519\" title=\"\" src=\"\/gracias-a-dior\/wp-content\/uploads\/sites\/17\/2013\/05\/34.jpg\" alt=\"\" width=\"400\" height=\"403\" srcset=\"https:\/\/static-blogs.diariosur.es\/wp-content\/uploads\/sites\/17\/2013\/05\/34.jpg 400w, https:\/\/static-blogs.diariosur.es\/wp-content\/uploads\/sites\/17\/2013\/05\/34-150x150.jpg 150w, https:\/\/static-blogs.diariosur.es\/wp-content\/uploads\/sites\/17\/2013\/05\/34-298x300.jpg 298w\" sizes=\"(max-width: 400px) 100vw, 400px\" \/><\/a><\/p>\n<p><object id=\"flashObj\" width=\"590\" height=\"336\" classid=\"clsid:d27cdb6e-ae6d-11cf-96b8-444553540000\" codebase=\"http:\/\/download.macromedia.com\/pub\/shockwave\/cabs\/flash\/swflash.cab#version=6,0,40,0\"><param name=\"flashVars\" value=\"@videoPlayer=2416853743001&#038;playerID=676510367001&#038;playerKey=AQ~~,AAAAE_Nrlok~,_Cvi-4rvLA6X--B7PPDC_4gZVVejhp2P&#038;domain=embed&#038;dynamicStreaming=true\" \/><param name=\"base\" value=\"http:\/\/admin.brightcove.com\" \/><param name=\"seamlesstabbing\" value=\"false\" \/><param name=\"allowFullScreen\" value=\"true\" \/><param name=\"swLiveConnect\" value=\"true\" \/><param name=\"allowScriptAccess\" value=\"always\" \/><param name=\"src\" value=\"http:\/\/c.brightcove.com\/services\/viewer\/federated_f9?isVid=1&#038;isUI=1\" \/><param name=\"flashvars\" value=\"@videoPlayer=2416853743001&#038;playerID=676510367001&#038;playerKey=AQ~~,AAAAE_Nrlok~,_Cvi-4rvLA6X--B7PPDC_4gZVVejhp2P&#038;domain=embed&#038;dynamicStreaming=true\" \/><param name=\"allowfullscreen\" value=\"true\" \/><param name=\"allowscriptaccess\" value=\"always\" \/><param name=\"swliveconnect\" value=\"true\" \/><param name=\"pluginspage\" value=\"http:\/\/www.macromedia.com\/shockwave\/download\/index.cgi?P1_Prod_Version=ShockwaveFlash\" \/><embed id=\"flashObj\" width=\"590\" height=\"336\" type=\"application\/x-shockwave-flash\" src=\"\/\/c.brightcove.com\/services\/viewer\/federated_f9?isVid=1&#038;isUI=1\" flashVars=\"@videoPlayer=2416853743001&#038;playerID=676510367001&#038;playerKey=AQ~~,AAAAE_Nrlok~,_Cvi-4rvLA6X--B7PPDC_4gZVVejhp2P&#038;domain=embed&#038;dynamicStreaming=true\" base=\"http:\/\/admin.brightcove.com\" seamlesstabbing=\"false\" allowFullScreen=\"true\" swLiveConnect=\"true\" allowScriptAccess=\"always\" flashvars=\"@videoPlayer=2416853743001&#038;playerID=676510367001&#038;playerKey=AQ~~,AAAAE_Nrlok~,_Cvi-4rvLA6X--B7PPDC_4gZVVejhp2P&#038;domain=embed&#038;dynamicStreaming=true\" allowfullscreen=\"true\" allowscriptaccess=\"always\" swliveconnect=\"true\" pluginspage=\"http:\/\/www.macromedia.com\/shockwave\/download\/index.cgi?P1_Prod_Version=ShockwaveFlash\" \/><\/object><\/p>\n","protected":false},"excerpt":{"rendered":"<p>Loewe sigue adelante con su objetivo de captar a un p\u00fablico joven. Muestra de ello es su nueva colecci\u00f3n Tales of\u00a0 Spain (Cuentos de Espa\u00f1a), donde demuestra c\u00f3mo es capaz de trabajar la piel estampada y la seda. Tales of Spain es una colecci\u00f3n de complementos dise\u00f1ada por Stuart Vevers, el director creativo de Loewe [&hellip;]<\/p>\n","protected":false},"author":20,"featured_media":0,"comment_status":"open","ping_status":"open","sticky":false,"template":"","format":"standard","meta":[],"categories":[3],"tags":[114,309,315,718,1101,1411,1590,1878,1972,2009,2203,2481,2797,2984,3197,3365],"_links":{"self":[{"href":"https:\/\/blogs.diariosur.es\/gracias-a-dior\/wp-json\/wp\/v2\/posts\/2504"}],"collection":[{"href":"https:\/\/blogs.diariosur.es\/gracias-a-dior\/wp-json\/wp\/v2\/posts"}],"about":[{"href":"https:\/\/blogs.diariosur.es\/gracias-a-dior\/wp-json\/wp\/v2\/types\/post"}],"author":[{"embeddable":true,"href":"https:\/\/blogs.diariosur.es\/gracias-a-dior\/wp-json\/wp\/v2\/users\/20"}],"replies":[{"embeddable":true,"href":"https:\/\/blogs.diariosur.es\/gracias-a-dior\/wp-json\/wp\/v2\/comments?post=2504"}],"version-history":[{"count":0,"href":"https:\/\/blogs.diariosur.es\/gracias-a-dior\/wp-json\/wp\/v2\/posts\/2504\/revisions"}],"wp:attachment":[{"href":"https:\/\/blogs.diariosur.es\/gracias-a-dior\/wp-json\/wp\/v2\/media?parent=2504"}],"wp:term":[{"taxonomy":"category","embeddable":true,"href":"https:\/\/blogs.diariosur.es\/gracias-a-dior\/wp-json\/wp\/v2\/categories?post=2504"},{"taxonomy":"post_tag","embeddable":true,"href":"https:\/\/blogs.diariosur.es\/gracias-a-dior\/wp-json\/wp\/v2\/tags?post=2504"}],"curies":[{"name":"wp","href":"https:\/\/api.w.org\/{rel}","templated":true}]}}