{"id":3241,"date":"2013-12-11T09:07:20","date_gmt":"2013-12-11T08:07:20","guid":{"rendered":"http:\/\/blogs.diariosur.es\/gracias-a-dior\/?p=3241"},"modified":"2013-12-11T09:07:20","modified_gmt":"2013-12-11T08:07:20","slug":"mango-tendra-tallas-grandes","status":"publish","type":"post","link":"https:\/\/blogs.diariosur.es\/gracias-a-dior\/2013\/12\/11\/mango-tendra-tallas-grandes\/","title":{"rendered":"Mango tendr\u00e1 tallas grandes"},"content":{"rendered":"<p>Buenas noticias para las <strong>mujeres<\/strong> que est\u00e9n m\u00e1s <strong>rellenitas<\/strong>. <strong>Mango<\/strong>, una de las principales tiendas de moda de <strong>Espa\u00f1a<\/strong>, tendr\u00e1 tallas grandes. Y es que, evidentemente, estar m\u00e1s <strong>gordita<\/strong> no significa no poder<strong> ir a la \u00faltima y bien vestida<\/strong>. Por ello, Mango no quiere marginar a nadie y en sus nuevas miras de ampliar su mercado ha creado la <strong>l\u00ednea Violeta<\/strong>, un nombre con el que la firma abarcar\u00e1 las<strong> tallas que van de la 40 a la 52<\/strong>.<\/p>\n<p>Violeta ser\u00e1 una l\u00ednea que tendr\u00e1 un gran <strong>mimo<\/strong> a la hora de realizar sus <strong>patrones<\/strong>, para que el resultado final sea el de una <strong>colecci\u00f3n<\/strong> muy <strong>cuidada<\/strong>, sobre todo, porque todos sabemos que mientras que las tallas peque\u00f1as tienen m\u00e1s facilidad a la hora de <strong>disimular<\/strong> la <strong>calidad<\/strong> de las <strong>prendas<\/strong>, las piezas de<strong> mayor tallaje<\/strong> si no son de cierto nivel enseguida &#8216;cantan&#8217;.<\/p>\n<p>Con el<strong> lema &#8216;Me queda bien y me gusta&#8217;<\/strong>, Mango ha querido que Violeta vaya dirigida a una mujer actual, exigente y que quiere ir a la moda sin caer en lo vulgar.<\/p>\n<p>La primera <strong>colecci\u00f3n de Violeta by Mango<\/strong> llegar\u00e1 a las tiendas en el 17 de <strong>enero<\/strong> coincidiendo con la llegada de la <strong>temporada Primavera-Verano 2014<\/strong> y estar\u00e1 formada por m\u00e1s de<strong> 400 modelos diferentes<\/strong>, a los que se le sumar\u00e1n cada mes prendas nuevas, que<strong> compartir\u00e1n espacio<\/strong> en las tiendas con las otras colecciones de Mango y que tambi\u00e9n podr\u00e1n verse en tiendas<strong> stand alone (el 15 de enero).<\/strong><\/p>\n<p>Violeta by Mango comenzar\u00e1 este nuevo viaje por<strong> Francia, Alemania, Italia, Pa\u00edses Bajos, Turqu\u00eda, Rusia y Espa\u00f1a,<\/strong> adem\u00e1s,\u00a0 estar\u00e1 disponible en las <strong>tiendas online de Europa.<\/strong> Toda una gran iniciativa que se expander\u00e1 por todo el mundo hasta alcanzar los <strong>100 establecimientos<\/strong> a<strong> fines del 2014.<\/strong><\/p>\n<p>&nbsp;<\/p>\n<div id=\"attachment_3242\" style=\"width: 462px\" class=\"wp-caption aligncenter\"><a href=\"\/gracias-a-dior\/wp-content\/uploads\/sites\/17\/2013\/12\/mango-tallas-grandes.jpg\"><img aria-describedby=\"caption-attachment-3242\" loading=\"lazy\" class=\"size-full wp-image-3242\" title=\"Imagen promocional de Violeta by Mango\" src=\"\/gracias-a-dior\/wp-content\/uploads\/sites\/17\/2013\/12\/mango-tallas-grandes.jpg\" alt=\"Imagen promocional de Violeta by Mango\" width=\"452\" height=\"598\" srcset=\"https:\/\/static-blogs.diariosur.es\/wp-content\/uploads\/sites\/17\/2013\/12\/mango-tallas-grandes.jpg 452w, https:\/\/static-blogs.diariosur.es\/wp-content\/uploads\/sites\/17\/2013\/12\/mango-tallas-grandes-227x300.jpg 227w\" sizes=\"(max-width: 452px) 100vw, 452px\" \/><\/a><p id=\"caption-attachment-3242\" class=\"wp-caption-text\">Imagen promocional de Violeta by Mango<\/p><\/div>\n<p>&nbsp;<\/p>\n<p>&nbsp;<\/p>\n<p><a href=\"\/gracias-a-dior\/wp-content\/uploads\/sites\/17\/2013\/12\/mango1.jpg\"><img loading=\"lazy\" class=\"aligncenter size-full wp-image-3246\" title=\"\" src=\"\/gracias-a-dior\/wp-content\/uploads\/sites\/17\/2013\/12\/mango1.jpg\" alt=\"\" width=\"500\" height=\"279\" srcset=\"https:\/\/static-blogs.diariosur.es\/wp-content\/uploads\/sites\/17\/2013\/12\/mango1.jpg 500w, https:\/\/static-blogs.diariosur.es\/wp-content\/uploads\/sites\/17\/2013\/12\/mango1-300x167.jpg 300w\" sizes=\"(max-width: 500px) 100vw, 500px\" \/><\/a><\/p>\n<p>&nbsp;<\/p>\n<p><a href=\"\/gracias-a-dior\/wp-content\/uploads\/sites\/17\/2013\/12\/mango2.jpg\"><img loading=\"lazy\" class=\"aligncenter size-full wp-image-3247\" title=\"\" src=\"\/gracias-a-dior\/wp-content\/uploads\/sites\/17\/2013\/12\/mango2.jpg\" alt=\"\" width=\"500\" height=\"254\" srcset=\"https:\/\/static-blogs.diariosur.es\/wp-content\/uploads\/sites\/17\/2013\/12\/mango2.jpg 500w, https:\/\/static-blogs.diariosur.es\/wp-content\/uploads\/sites\/17\/2013\/12\/mango2-300x152.jpg 300w\" sizes=\"(max-width: 500px) 100vw, 500px\" \/><\/a><\/p>\n","protected":false},"excerpt":{"rendered":"<p>Buenas noticias para las mujeres que est\u00e9n m\u00e1s rellenitas. Mango, una de las principales tiendas de moda de Espa\u00f1a, tendr\u00e1 tallas grandes. Y es que, evidentemente, estar m\u00e1s gordita no significa no poder ir a la \u00faltima y bien vestida. Por ello, Mango no quiere marginar a nadie y en sus nuevas miras de ampliar [&hellip;]<\/p>\n","protected":false},"author":20,"featured_media":0,"comment_status":"open","ping_status":"open","sticky":false,"template":"","format":"standard","meta":[],"categories":[3],"tags":[59,785,1960,2055,2987,3273],"_links":{"self":[{"href":"https:\/\/blogs.diariosur.es\/gracias-a-dior\/wp-json\/wp\/v2\/posts\/3241"}],"collection":[{"href":"https:\/\/blogs.diariosur.es\/gracias-a-dior\/wp-json\/wp\/v2\/posts"}],"about":[{"href":"https:\/\/blogs.diariosur.es\/gracias-a-dior\/wp-json\/wp\/v2\/types\/post"}],"author":[{"embeddable":true,"href":"https:\/\/blogs.diariosur.es\/gracias-a-dior\/wp-json\/wp\/v2\/users\/20"}],"replies":[{"embeddable":true,"href":"https:\/\/blogs.diariosur.es\/gracias-a-dior\/wp-json\/wp\/v2\/comments?post=3241"}],"version-history":[{"count":0,"href":"https:\/\/blogs.diariosur.es\/gracias-a-dior\/wp-json\/wp\/v2\/posts\/3241\/revisions"}],"wp:attachment":[{"href":"https:\/\/blogs.diariosur.es\/gracias-a-dior\/wp-json\/wp\/v2\/media?parent=3241"}],"wp:term":[{"taxonomy":"category","embeddable":true,"href":"https:\/\/blogs.diariosur.es\/gracias-a-dior\/wp-json\/wp\/v2\/categories?post=3241"},{"taxonomy":"post_tag","embeddable":true,"href":"https:\/\/blogs.diariosur.es\/gracias-a-dior\/wp-json\/wp\/v2\/tags?post=3241"}],"curies":[{"name":"wp","href":"https:\/\/api.w.org\/{rel}","templated":true}]}}