{"id":3251,"date":"2013-12-14T09:00:40","date_gmt":"2013-12-14T08:00:40","guid":{"rendered":"http:\/\/blogs.diariosur.es\/gracias-a-dior\/?p=3251"},"modified":"2013-12-14T09:00:40","modified_gmt":"2013-12-14T08:00:40","slug":"la-bufanda-tartan-el-acceosorio-estrella-del-invierno","status":"publish","type":"post","link":"https:\/\/blogs.diariosur.es\/gracias-a-dior\/2013\/12\/14\/la-bufanda-tartan-el-acceosorio-estrella-del-invierno\/","title":{"rendered":"La bufanda tart\u00e1n, el acceosorio estrella del invierno"},"content":{"rendered":"<p>Al <strong>fr\u00edo<\/strong> parece que le est\u00e1 costando llegar este a\u00f1o, pero esta semana ya ha comenzado a hacer acto de presencia, como han reflejado los <strong>term\u00f3metros<\/strong> que han registrado unos valores que para M\u00e1laga son temperaturas invernales.\u00a0 El <strong>invierno<\/strong> no es mi \u00e9poca preferida (todo sea dicho), pero tengo que reconocer que durante esta <strong>estaci\u00f3n<\/strong> aprovecho para lucir uno de mis <strong>complementos<\/strong> favoritos: las <strong>pashminas y las bufandas.<\/strong><\/p>\n<p>Este <strong>accesorio<\/strong> es fabuloso y me encanta que tengan bastante tela para que el cuello quede totalmente oculto en texturas suavitas y calentitas. Todos los a\u00f1os miro y repaso todas las nuevas remesas de <strong>bufandas<\/strong> y, evidentemente, siempre caen algunas nuevas. Esta temporada he fichado una nueva bufanda fichada que cumple mi requisito de que tenga un <strong>tama\u00f1o XL<\/strong> y no s\u00e9 por qu\u00e9 extra\u00f1o motivo o raz\u00f3n todav\u00eda no la tengo en mi poder y eso que he tenido varias, por no decir muchas oportunidades de compr\u00e1rmela. Se trata de una<strong> bufanda de cuadros<\/strong>. Y, es que el <strong>estampado tart\u00e1n<\/strong> ha acaparado todos los sectores de la moda , incluyendo el de los <strong>complementos<\/strong>.<\/p>\n<p>Las bufandas a cuadros est\u00e1n por todos lados y se suceden en infinidad de colores que quedan <strong>combinados<\/strong> espectacularmente. Menci\u00f3n especial merecen lo<strong>s modelos de Zara<\/strong>, uno de c<strong>uadritos en blanco y negro<\/strong>, y otro en el que el <strong>color beige, el rojo y el verde<\/strong> se funden en una bufanda que enamora a primera vista y que ha sido todo un <strong>\u00e9xito<\/strong>, como prueba el hecho de que es <strong>imposible encontrarla en Zara<\/strong>.<\/p>\n<p><strong>El tejido, el tacto y el dise\u00f1o<\/strong> son el <strong>tridente<\/strong> de <strong>elementos<\/strong> que hacen que estas <strong>piezas<\/strong> de la hermana mayor de <strong>Inditex<\/strong> (si no me contengo y me la compro antes) est\u00e9 en el<strong> top 5<\/strong> de mi <strong>carta de Reyes Magos<\/strong> o de <strong>Pap\u00e1 Noel<\/strong> que siempre deja alg\u00fan detalle el hombre.<\/p>\n<p>As\u00ed que ya sabes que la tendencia de este invierno en cuanto a complementos son las<strong> maxi bufandas a cuadros<\/strong>. Una prenda que te dar\u00e1 la sensaci\u00f3n de llevar una <strong>manta al cuello<\/strong> y que en cuanto la pruebes no te querr\u00e1s separar de ella y dir\u00e1s eso de \u00a1viva el fr\u00edo!.<\/p>\n<p>&nbsp;<\/p>\n<div id=\"attachment_3257\" style=\"width: 660px\" class=\"wp-caption aligncenter\"><a href=\"\/gracias-a-dior\/wp-content\/uploads\/sites\/17\/2013\/12\/zara-bufandas.jpg\"><img aria-describedby=\"caption-attachment-3257\" loading=\"lazy\" class=\"size-full wp-image-3257\" title=\"Diferentes modelos de Zara\" src=\"\/gracias-a-dior\/wp-content\/uploads\/sites\/17\/2013\/12\/zara-bufandas.jpg\" alt=\"Diferentes modelos de Zara\" width=\"650\" height=\"311\" srcset=\"https:\/\/static-blogs.diariosur.es\/wp-content\/uploads\/sites\/17\/2013\/12\/zara-bufandas.jpg 650w, https:\/\/static-blogs.diariosur.es\/wp-content\/uploads\/sites\/17\/2013\/12\/zara-bufandas-300x144.jpg 300w\" sizes=\"(max-width: 650px) 100vw, 650px\" \/><\/a><p id=\"caption-attachment-3257\" class=\"wp-caption-text\">Diferentes modelos de Zara<\/p><\/div>\n<p>&nbsp;<\/p>\n<div id=\"attachment_3253\" style=\"width: 660px\" class=\"wp-caption aligncenter\"><a href=\"\/gracias-a-dior\/wp-content\/uploads\/sites\/17\/2013\/12\/follow-me-around.jpg\"><img aria-describedby=\"caption-attachment-3253\" loading=\"lazy\" class=\"size-full wp-image-3253\" title=\"Follow me around con una bufanda de cuadros\" src=\"\/gracias-a-dior\/wp-content\/uploads\/sites\/17\/2013\/12\/follow-me-around.jpg\" alt=\"Follow me around con una bufanda de cuadros\" width=\"650\" height=\"435\" srcset=\"https:\/\/static-blogs.diariosur.es\/wp-content\/uploads\/sites\/17\/2013\/12\/follow-me-around.jpg 650w, https:\/\/static-blogs.diariosur.es\/wp-content\/uploads\/sites\/17\/2013\/12\/follow-me-around-300x201.jpg 300w\" sizes=\"(max-width: 650px) 100vw, 650px\" \/><\/a><p id=\"caption-attachment-3253\" class=\"wp-caption-text\">Follow me around con una bufanda de cuadros<\/p><\/div>\n<p>&nbsp;<\/p>\n<div id=\"attachment_3252\" style=\"width: 660px\" class=\"wp-caption aligncenter\"><a href=\"\/gracias-a-dior\/wp-content\/uploads\/sites\/17\/2013\/12\/fashion-agony.jpg\"><img aria-describedby=\"caption-attachment-3252\" loading=\"lazy\" class=\"size-full wp-image-3252\" title=\"Fashion Agony tambi\u00e9n apuesta por este tiop de pashminas\" src=\"\/gracias-a-dior\/wp-content\/uploads\/sites\/17\/2013\/12\/fashion-agony.jpg\" alt=\"Fashion Agony tambi\u00e9n apuesta por este tiop de pashminas\" width=\"650\" height=\"433\" srcset=\"https:\/\/static-blogs.diariosur.es\/wp-content\/uploads\/sites\/17\/2013\/12\/fashion-agony.jpg 650w, https:\/\/static-blogs.diariosur.es\/wp-content\/uploads\/sites\/17\/2013\/12\/fashion-agony-300x200.jpg 300w\" sizes=\"(max-width: 650px) 100vw, 650px\" \/><\/a><p id=\"caption-attachment-3252\" class=\"wp-caption-text\">Fashion Agony tambi\u00e9n apuesta por este tiop de pashminas<\/p><\/div>\n<div id=\"attachment_3258\" style=\"width: 660px\" class=\"wp-caption aligncenter\"><a href=\"\/gracias-a-dior\/wp-content\/uploads\/sites\/17\/2013\/12\/bufanda-trendencias.jpg\"><img aria-describedby=\"caption-attachment-3258\" loading=\"lazy\" class=\"size-full wp-image-3258\" title=\"Es cuesti\u00f3n de estilo con el modelo que ha arrasado en Zara\" src=\"\/gracias-a-dior\/wp-content\/uploads\/sites\/17\/2013\/12\/bufanda-trendencias.jpg\" alt=\"Es cuesti\u00f3n de estilo con el modelo que ha arrasado en Zara\" width=\"650\" height=\"465\" srcset=\"https:\/\/static-blogs.diariosur.es\/wp-content\/uploads\/sites\/17\/2013\/12\/bufanda-trendencias.jpg 650w, https:\/\/static-blogs.diariosur.es\/wp-content\/uploads\/sites\/17\/2013\/12\/bufanda-trendencias-300x215.jpg 300w\" sizes=\"(max-width: 650px) 100vw, 650px\" \/><\/a><p id=\"caption-attachment-3258\" class=\"wp-caption-text\">Es cuesti\u00f3n de estilo con el modelo que ha arrasado en Zara<\/p><\/div>\n<p>&nbsp;<\/p>\n<div id=\"attachment_3254\" style=\"width: 660px\" class=\"wp-caption aligncenter\"><a href=\"\/gracias-a-dior\/wp-content\/uploads\/sites\/17\/2013\/12\/stradivarius.jpg\"><img aria-describedby=\"caption-attachment-3254\" loading=\"lazy\" class=\"size-full wp-image-3254\" title=\"Modelo en el cl\u00e1sico color rojo de Stradivarius\" src=\"\/gracias-a-dior\/wp-content\/uploads\/sites\/17\/2013\/12\/stradivarius.jpg\" alt=\"Modelo en el cl\u00e1sico color rojo de Stradivarius\" width=\"650\" height=\"836\" srcset=\"https:\/\/static-blogs.diariosur.es\/wp-content\/uploads\/sites\/17\/2013\/12\/stradivarius.jpg 650w, https:\/\/static-blogs.diariosur.es\/wp-content\/uploads\/sites\/17\/2013\/12\/stradivarius-233x300.jpg 233w\" sizes=\"(max-width: 650px) 100vw, 650px\" \/><\/a><p id=\"caption-attachment-3254\" class=\"wp-caption-text\">Modelo en el cl\u00e1sico color rojo de Stradivarius<\/p><\/div>\n<p>&nbsp;<\/p>\n<div id=\"attachment_3255\" style=\"width: 660px\" class=\"wp-caption aligncenter\"><a href=\"\/gracias-a-dior\/wp-content\/uploads\/sites\/17\/2013\/12\/stradivarius2.jpg\"><img aria-describedby=\"caption-attachment-3255\" loading=\"lazy\" class=\"size-full wp-image-3255\" title=\"Versi\u00f3n en color verde de Stradivarius\" src=\"\/gracias-a-dior\/wp-content\/uploads\/sites\/17\/2013\/12\/stradivarius2.jpg\" alt=\"Versi\u00f3n en color verde de Stradivarius\" width=\"650\" height=\"888\" srcset=\"https:\/\/static-blogs.diariosur.es\/wp-content\/uploads\/sites\/17\/2013\/12\/stradivarius2.jpg 650w, https:\/\/static-blogs.diariosur.es\/wp-content\/uploads\/sites\/17\/2013\/12\/stradivarius2-220x300.jpg 220w\" sizes=\"(max-width: 650px) 100vw, 650px\" \/><\/a><p id=\"caption-attachment-3255\" class=\"wp-caption-text\">Versi\u00f3n en color verde de Stradivarius<\/p><\/div>\n<p>&nbsp;<\/p>\n<div id=\"attachment_3256\" style=\"width: 660px\" class=\"wp-caption aligncenter\"><a href=\"\/gracias-a-dior\/wp-content\/uploads\/sites\/17\/2013\/12\/stradivarius3.jpg\"><img aria-describedby=\"caption-attachment-3256\" loading=\"lazy\" class=\"size-full wp-image-3256\" title=\"En color gris de Stradivarius\" src=\"\/gracias-a-dior\/wp-content\/uploads\/sites\/17\/2013\/12\/stradivarius3.jpg\" alt=\"En color gris de Stradivarius\" width=\"650\" height=\"843\" srcset=\"https:\/\/static-blogs.diariosur.es\/wp-content\/uploads\/sites\/17\/2013\/12\/stradivarius3.jpg 650w, https:\/\/static-blogs.diariosur.es\/wp-content\/uploads\/sites\/17\/2013\/12\/stradivarius3-231x300.jpg 231w\" sizes=\"(max-width: 650px) 100vw, 650px\" \/><\/a><p id=\"caption-attachment-3256\" class=\"wp-caption-text\">En color gris de Stradivarius<\/p><\/div>\n","protected":false},"excerpt":{"rendered":"<p>Al fr\u00edo parece que le est\u00e1 costando llegar este a\u00f1o, pero esta semana ya ha comenzado a hacer acto de presencia, como han reflejado los term\u00f3metros que han registrado unos valores que para M\u00e1laga son temperaturas invernales.\u00a0 El invierno no es mi \u00e9poca preferida (todo sea dicho), pero tengo que reconocer que durante esta estaci\u00f3n [&hellip;]<\/p>\n","protected":false},"author":20,"featured_media":0,"comment_status":"open","ping_status":"open","sticky":false,"template":"","format":"standard","meta":[],"categories":[3],"tags":[95,509,839,921,2927,2997,3021,3360],"_links":{"self":[{"href":"https:\/\/blogs.diariosur.es\/gracias-a-dior\/wp-json\/wp\/v2\/posts\/3251"}],"collection":[{"href":"https:\/\/blogs.diariosur.es\/gracias-a-dior\/wp-json\/wp\/v2\/posts"}],"about":[{"href":"https:\/\/blogs.diariosur.es\/gracias-a-dior\/wp-json\/wp\/v2\/types\/post"}],"author":[{"embeddable":true,"href":"https:\/\/blogs.diariosur.es\/gracias-a-dior\/wp-json\/wp\/v2\/users\/20"}],"replies":[{"embeddable":true,"href":"https:\/\/blogs.diariosur.es\/gracias-a-dior\/wp-json\/wp\/v2\/comments?post=3251"}],"version-history":[{"count":0,"href":"https:\/\/blogs.diariosur.es\/gracias-a-dior\/wp-json\/wp\/v2\/posts\/3251\/revisions"}],"wp:attachment":[{"href":"https:\/\/blogs.diariosur.es\/gracias-a-dior\/wp-json\/wp\/v2\/media?parent=3251"}],"wp:term":[{"taxonomy":"category","embeddable":true,"href":"https:\/\/blogs.diariosur.es\/gracias-a-dior\/wp-json\/wp\/v2\/categories?post=3251"},{"taxonomy":"post_tag","embeddable":true,"href":"https:\/\/blogs.diariosur.es\/gracias-a-dior\/wp-json\/wp\/v2\/tags?post=3251"}],"curies":[{"name":"wp","href":"https:\/\/api.w.org\/{rel}","templated":true}]}}