{"id":3304,"date":"2013-12-27T07:59:31","date_gmt":"2013-12-27T06:59:31","guid":{"rendered":"http:\/\/blogs.diariosur.es\/gracias-a-dior\/?p=3304"},"modified":"2013-12-27T07:59:31","modified_gmt":"2013-12-27T06:59:31","slug":"blanca-suarez-imagen-de-happiness-by-tous","status":"publish","type":"post","link":"https:\/\/blogs.diariosur.es\/gracias-a-dior\/2013\/12\/27\/blanca-suarez-imagen-de-happiness-by-tous\/","title":{"rendered":"Blanca Su\u00e1rez, imagen de Happiness by Tous"},"content":{"rendered":"<p>La actriz <strong>Blanca Su\u00e1rez<\/strong> va a cerrar un<strong> magn\u00edfico a\u00f1o 2013<\/strong>. La <strong>actriz<\/strong>, que es una de las m\u00e1s conocidas de nuestro pa\u00eds y una de las habituales en las <strong>alfombras rojas<\/strong>, despu\u00e9s de colaborar como imagen de la marca de lencer\u00eda Intimissimi ha decidido volver a poner el rostro a una firma, aunque en esta ocasi\u00f3n ser\u00e1 espa\u00f1ola. Blanca Su\u00e1rez ser\u00e1 la imagen de <strong>Tous<\/strong> para su pr\u00f3xima <strong>campa\u00f1a de primavera<\/strong> <strong>Happiness by Tous.<\/strong><\/p>\n<p>As\u00ed, la bella Blanca Su\u00e1rez acompa\u00f1ar\u00e1 a las<strong> joyas, bolsos y complementos<\/strong> de Tous en <strong>2014<\/strong>. Las fotos de la campa\u00f1a ya han sido realizadas en el parque de atracciones del <strong>Tibidabo<\/strong> en <strong>Barcelona<\/strong>. All\u00ed, Blanca Su\u00e1rez pos\u00f3 para el objetivo de la conocida fot\u00f3grafa alemana <strong>Frederike Helwig<\/strong> (ha trabajado para <strong>Teen Vogue, Vogue Am\u00e9rica y The Face<\/strong>, entre otras), dando como resultado unas <strong>im\u00e1genes frescas, divertidas y muy juveniles<\/strong>.<\/p>\n<p>La primera foto de esta uni\u00f3n que se pudo ver la colg\u00f3 Blanca Su\u00e1rez en su cuenta de <strong>Instagram<\/strong>, donde la actriz aparece junto a <strong>Rosa Tous y su hija Rosa Oriol<\/strong>, mano derecha en la empresa. Sin embargo, Internet nos ha posibilitado ver algunos bocetos m\u00e1s de lo que ser\u00e1 el<strong> cat\u00e1logo de Happiness by Tous<\/strong>.<\/p>\n<div id=\"attachment_3323\" style=\"width: 630px\" class=\"wp-caption aligncenter\"><a href=\"\/gracias-a-dior\/wp-content\/uploads\/sites\/17\/2013\/12\/blanca4.jpg\"><img aria-describedby=\"caption-attachment-3323\" loading=\"lazy\" class=\"size-full wp-image-3323\" title=\"Imagen que colg\u00f3 Blanca Su\u00e1rez en su cuenta de Instagram\" src=\"\/gracias-a-dior\/wp-content\/uploads\/sites\/17\/2013\/12\/blanca4.jpg\" alt=\"Imagen que colg\u00f3 Blanca Su\u00e1rez en su cuenta de Instagram\" width=\"620\" height=\"465\" srcset=\"https:\/\/static-blogs.diariosur.es\/wp-content\/uploads\/sites\/17\/2013\/12\/blanca4.jpg 620w, https:\/\/static-blogs.diariosur.es\/wp-content\/uploads\/sites\/17\/2013\/12\/blanca4-300x225.jpg 300w\" sizes=\"(max-width: 620px) 100vw, 620px\" \/><\/a><p id=\"caption-attachment-3323\" class=\"wp-caption-text\">Imagen que colg\u00f3 Blanca Su\u00e1rez en su cuenta de Instagram<\/p><\/div>\n<p>Acerca de esta colaboraci\u00f3n, Blanca Su\u00e1rez\u00a0 ha confesado estar &#8220;muy <strong>feliz<\/strong>&#8221; participando en un proyecto que ha creado una familia &#8220;con el esfuerzo de todos sus miembros, un castillo con unos cimientos que nacen desde el coraz\u00f3n y desde la sangre que corre por las venas&#8230; Pasi\u00f3n, amor y mucho, mucho trabajo&#8221;. Mientras que <strong>Rosa Tous<\/strong>, directora de relaciones internacionales de la marca, tambi\u00e9n se ha mostrado\u00a0 encantada con el resultado de la campa\u00f1a y se ha deshecho en <strong>halagos<\/strong> hacia Blanca de la que ha dicho que &#8220;adem\u00e1s de guapa, transmite a la perfecci\u00f3n nuestra identidad: es joven, fresca, divertida y muy femenina. Trabajar con ella ha sido genial, \u00a1nos hemos divertido mucho!&#8221;.<\/p>\n<p><a href=\"\/gracias-a-dior\/wp-content\/uploads\/sites\/17\/2013\/12\/blanca3.jpg\"><img loading=\"lazy\" class=\"aligncenter size-full wp-image-3305\" title=\"blanca3\" src=\"\/gracias-a-dior\/wp-content\/uploads\/sites\/17\/2013\/12\/blanca3.jpg\" alt=\"\" width=\"620\" height=\"477\" srcset=\"https:\/\/static-blogs.diariosur.es\/wp-content\/uploads\/sites\/17\/2013\/12\/blanca3.jpg 620w, https:\/\/static-blogs.diariosur.es\/wp-content\/uploads\/sites\/17\/2013\/12\/blanca3-300x231.jpg 300w\" sizes=\"(max-width: 620px) 100vw, 620px\" \/><\/a><\/p>\n<p>&nbsp;<\/p>\n<p><a href=\"\/gracias-a-dior\/wp-content\/uploads\/sites\/17\/2013\/12\/blanca1.jpg\"><img loading=\"lazy\" class=\"aligncenter size-full wp-image-3306\" title=\"blanca1\" src=\"\/gracias-a-dior\/wp-content\/uploads\/sites\/17\/2013\/12\/blanca1.jpg\" alt=\"\" width=\"620\" height=\"858\" srcset=\"https:\/\/static-blogs.diariosur.es\/wp-content\/uploads\/sites\/17\/2013\/12\/blanca1.jpg 620w, https:\/\/static-blogs.diariosur.es\/wp-content\/uploads\/sites\/17\/2013\/12\/blanca1-217x300.jpg 217w\" sizes=\"(max-width: 620px) 100vw, 620px\" \/><\/a><\/p>\n<p>&nbsp;<\/p>\n<p><a href=\"\/gracias-a-dior\/wp-content\/uploads\/sites\/17\/2013\/12\/blanca2.jpg\"><img loading=\"lazy\" class=\"aligncenter size-full wp-image-3307\" title=\"blanca2\" src=\"\/gracias-a-dior\/wp-content\/uploads\/sites\/17\/2013\/12\/blanca2.jpg\" alt=\"\" width=\"620\" height=\"477\" srcset=\"https:\/\/static-blogs.diariosur.es\/wp-content\/uploads\/sites\/17\/2013\/12\/blanca2.jpg 620w, https:\/\/static-blogs.diariosur.es\/wp-content\/uploads\/sites\/17\/2013\/12\/blanca2-300x231.jpg 300w\" sizes=\"(max-width: 620px) 100vw, 620px\" \/><\/a><\/p>\n<p>&nbsp;<\/p>\n<p><a href=\"\/gracias-a-dior\/wp-content\/uploads\/sites\/17\/2013\/12\/blanca5.jpg\"><img loading=\"lazy\" class=\"aligncenter size-full wp-image-3324\" title=\"blanca5\" src=\"\/gracias-a-dior\/wp-content\/uploads\/sites\/17\/2013\/12\/blanca5.jpg\" alt=\"\" width=\"620\" height=\"798\" srcset=\"https:\/\/static-blogs.diariosur.es\/wp-content\/uploads\/sites\/17\/2013\/12\/blanca5.jpg 620w, https:\/\/static-blogs.diariosur.es\/wp-content\/uploads\/sites\/17\/2013\/12\/blanca5-233x300.jpg 233w\" sizes=\"(max-width: 620px) 100vw, 620px\" \/><\/a><\/p>\n<p>&nbsp;<\/p>\n<p><a href=\"\/gracias-a-dior\/wp-content\/uploads\/sites\/17\/2013\/12\/blanca6.jpg\"><img loading=\"lazy\" class=\"aligncenter size-full wp-image-3322\" title=\"blanca6\" src=\"\/gracias-a-dior\/wp-content\/uploads\/sites\/17\/2013\/12\/blanca6.jpg\" alt=\"\" width=\"620\" height=\"798\" srcset=\"https:\/\/static-blogs.diariosur.es\/wp-content\/uploads\/sites\/17\/2013\/12\/blanca6.jpg 620w, https:\/\/static-blogs.diariosur.es\/wp-content\/uploads\/sites\/17\/2013\/12\/blanca6-233x300.jpg 233w\" sizes=\"(max-width: 620px) 100vw, 620px\" \/><\/a><\/p>\n","protected":false},"excerpt":{"rendered":"<p>La actriz Blanca Su\u00e1rez va a cerrar un magn\u00edfico a\u00f1o 2013. La actriz, que es una de las m\u00e1s conocidas de nuestro pa\u00eds y una de las habituales en las alfombras rojas, despu\u00e9s de colaborar como imagen de la marca de lencer\u00eda Intimissimi ha decidido volver a poner el rostro a una firma, aunque en [&hellip;]<\/p>\n","protected":false},"author":20,"featured_media":0,"comment_status":"open","ping_status":"open","sticky":false,"template":"","format":"standard","meta":[],"categories":[3],"tags":[309,383,565,1369,1511,2410,2739,2741,3007,3039,3043,3096,3285],"_links":{"self":[{"href":"https:\/\/blogs.diariosur.es\/gracias-a-dior\/wp-json\/wp\/v2\/posts\/3304"}],"collection":[{"href":"https:\/\/blogs.diariosur.es\/gracias-a-dior\/wp-json\/wp\/v2\/posts"}],"about":[{"href":"https:\/\/blogs.diariosur.es\/gracias-a-dior\/wp-json\/wp\/v2\/types\/post"}],"author":[{"embeddable":true,"href":"https:\/\/blogs.diariosur.es\/gracias-a-dior\/wp-json\/wp\/v2\/users\/20"}],"replies":[{"embeddable":true,"href":"https:\/\/blogs.diariosur.es\/gracias-a-dior\/wp-json\/wp\/v2\/comments?post=3304"}],"version-history":[{"count":0,"href":"https:\/\/blogs.diariosur.es\/gracias-a-dior\/wp-json\/wp\/v2\/posts\/3304\/revisions"}],"wp:attachment":[{"href":"https:\/\/blogs.diariosur.es\/gracias-a-dior\/wp-json\/wp\/v2\/media?parent=3304"}],"wp:term":[{"taxonomy":"category","embeddable":true,"href":"https:\/\/blogs.diariosur.es\/gracias-a-dior\/wp-json\/wp\/v2\/categories?post=3304"},{"taxonomy":"post_tag","embeddable":true,"href":"https:\/\/blogs.diariosur.es\/gracias-a-dior\/wp-json\/wp\/v2\/tags?post=3304"}],"curies":[{"name":"wp","href":"https:\/\/api.w.org\/{rel}","templated":true}]}}