{"id":3470,"date":"2014-02-01T09:00:15","date_gmt":"2014-02-01T08:00:15","guid":{"rendered":"http:\/\/blogs.diariosur.es\/gracias-a-dior\/?p=3470"},"modified":"2014-02-01T09:00:15","modified_gmt":"2014-02-01T08:00:15","slug":"el-color-del-ano-el-orquidea-radiante-florece-en-primavera","status":"publish","type":"post","link":"https:\/\/blogs.diariosur.es\/gracias-a-dior\/2014\/02\/01\/el-color-del-ano-el-orquidea-radiante-florece-en-primavera\/","title":{"rendered":"El color del a\u00f1o, el orqu\u00eddea radiante, florece en primavera"},"content":{"rendered":"<p>Si el<strong> a\u00f1o pasado<\/strong> el<strong> color de la temporada fue el verde esmeralda<\/strong> , en este <strong>2014<\/strong> le ha tocado el turno al <strong>orqu\u00eddea radiante,<\/strong> un tono muy <strong>favorecedor<\/strong> y <strong>elegante<\/strong> que comvertir\u00e1 a la <strong>prenda<\/strong> o <strong>complemento<\/strong> que toque en una pieza\u00a0 de un <strong>gusto exquisito<\/strong>. Cuando a finales del a\u00f1o pasado, principios de este los e<strong>xpertos del Pantone Color Institute<\/strong>, el consejo de sabios en todo lo que se refiere a los colores, dictamin\u00f3 que el orqu\u00eddea radiante ser\u00eda el <strong>color de 2014<\/strong> nada hac\u00eda presagiar que lo ver\u00edamos en <strong>tiendas de ropa o de decoraci\u00f3n<\/strong>, m\u00e1s que nada porque a medida que pasaban las semanas poco se observaba en las <strong>tiendas<\/strong> que estuviera <strong>coloreado<\/strong> de este<strong> espectacular tono, <\/strong>pero aunque se ha hecho de rogar ya ha llegado y tiene toda la pinta que va a triunfar<strong>.<\/strong><\/p>\n<p>Para aquellos que todav\u00eda no sepan cu\u00e1l es el orqu\u00eddea radiante, deciros que es un tono que enamora a primera vista y que es una<strong> mezcla de fucsia, morado, berenjena<\/strong> y con<strong> leves toques rosados<\/strong>. Junto a este, le acompa\u00f1an una <strong>paleta de cinco colores fr\u00edos, dos neutros y tres c\u00e1lidos.<\/strong><\/p>\n<div>En la <strong>pasarela<\/strong> ya lo han usado <strong>grandes nombres de la moda<\/strong> como<strong> Lanvin o Pucci<\/strong> y, poco a poco, est\u00e1 arrancando tanto en<strong> firmas locales<\/strong> como la malague\u00f1a<strong> No me llames Mu\u00f1eca<\/strong> <strong>(<a href=\"https:\/\/www.facebook.com\/pages\/No-me-llames-mu%C3%B1eca\/126552460800488\" rel=\"external nofollow\">echad un vistazo a sus complementos porque os aseguro que cuando los ve\u00e1is, no os podr\u00e9is resistir y caer\u00e9is en la tentaci\u00f3n de haceros con uno<\/a>)<\/strong>, como en las tiendas<strong>\u00a0 low cost<\/strong> <strong>tipo Zara, Mango, Massimo Dutti, Asos o H&#038;M<\/strong>, lo que desde este blog se agradece, puesto que el <strong>orqu\u00eddea radiante<\/strong> es un tono que <strong>transmite alegr\u00eda<\/strong> y que favorece a todos los tipos de mujeres, es decir, que tanto si eres <strong>rubia<\/strong>, como <strong>casta\u00f1a<\/strong> o <strong>morena<\/strong> si quieres que se te <strong>suba el guapo<\/strong> no tendr\u00e1s\u00a0 m\u00e1s elecci\u00f3n que decantarte por este color.<\/div>\n<div><\/div>\n<div>Adem\u00e1s, el orqu\u00eddea radiante tiene otras <strong>ventajas<\/strong> como que es<strong> f\u00e1cilmente combinable<\/strong>, aunque en principio puedas pensar lo contrario, y casa la mar de bien con<strong> colores neutros como el gris<\/strong> (un <strong>mix<\/strong> que <strong>resaltar\u00e1<\/strong> m\u00e1s la <strong>pieza<\/strong> que lleves en el<strong> tono de 2014<\/strong>) o con otros<strong> colores m\u00e1s el\u00e9ctricos<\/strong> como el<strong> amarillo o el azul Klein<\/strong>, que conseguir\u00e1n que tu <strong>look<\/strong> sea de lo m\u00e1s <strong>arrebatador<\/strong>.<\/div>\n<p>A continuaci\u00f3n, os dejo una peque\u00f1a selecci\u00f3n de prendas realizadas en el precioso color orqu\u00eddea radiante:<\/p>\n<div id=\"attachment_3471\" style=\"width: 610px\" class=\"wp-caption aligncenter\"><a href=\"\/gracias-a-dior\/wp-content\/uploads\/sites\/17\/2014\/01\/orquidea-radiante-pantone.jpg\"><img aria-describedby=\"caption-attachment-3471\" loading=\"lazy\" class=\"size-full wp-image-3471\" title=\"Imagen del pantone del Orqu\u00eddea  Radiante\" src=\"\/gracias-a-dior\/wp-content\/uploads\/sites\/17\/2014\/01\/orquidea-radiante-pantone.jpg\" alt=\"Imagen del pantone del Orqu\u00eddea  Radiante\" width=\"600\" height=\"918\" srcset=\"https:\/\/static-blogs.diariosur.es\/wp-content\/uploads\/sites\/17\/2014\/01\/orquidea-radiante-pantone.jpg 600w, https:\/\/static-blogs.diariosur.es\/wp-content\/uploads\/sites\/17\/2014\/01\/orquidea-radiante-pantone-196x300.jpg 196w\" sizes=\"(max-width: 600px) 100vw, 600px\" \/><\/a><p id=\"caption-attachment-3471\" class=\"wp-caption-text\">Imagen del pantone del Orqu\u00eddea Radiante<\/p><\/div>\n<p>&nbsp;<\/p>\n<div id=\"attachment_3472\" style=\"width: 610px\" class=\"wp-caption aligncenter\"><a href=\"\/gracias-a-dior\/wp-content\/uploads\/sites\/17\/2014\/01\/lanvin.jpg\"><img aria-describedby=\"caption-attachment-3472\" loading=\"lazy\" class=\"size-full wp-image-3472\" title=\"Dise\u00f1o de Lanvin\" src=\"\/gracias-a-dior\/wp-content\/uploads\/sites\/17\/2014\/01\/lanvin.jpg\" alt=\"Dise\u00f1o de Lanvin\" width=\"600\" height=\"896\" srcset=\"https:\/\/static-blogs.diariosur.es\/wp-content\/uploads\/sites\/17\/2014\/01\/lanvin.jpg 600w, https:\/\/static-blogs.diariosur.es\/wp-content\/uploads\/sites\/17\/2014\/01\/lanvin-201x300.jpg 201w\" sizes=\"(max-width: 600px) 100vw, 600px\" \/><\/a><p id=\"caption-attachment-3472\" class=\"wp-caption-text\">Dise\u00f1o de Lanvin<\/p><\/div>\n<p>&nbsp;<\/p>\n<div id=\"attachment_3473\" style=\"width: 610px\" class=\"wp-caption aligncenter\"><a href=\"\/gracias-a-dior\/wp-content\/uploads\/sites\/17\/2014\/01\/pucci.jpg\"><img aria-describedby=\"caption-attachment-3473\" loading=\"lazy\" class=\"size-full wp-image-3473\" title=\"Shorts de Pucci\" src=\"\/gracias-a-dior\/wp-content\/uploads\/sites\/17\/2014\/01\/pucci.jpg\" alt=\"Shorts de Pucci\" width=\"600\" height=\"907\" srcset=\"https:\/\/static-blogs.diariosur.es\/wp-content\/uploads\/sites\/17\/2014\/01\/pucci.jpg 600w, https:\/\/static-blogs.diariosur.es\/wp-content\/uploads\/sites\/17\/2014\/01\/pucci-198x300.jpg 198w\" sizes=\"(max-width: 600px) 100vw, 600px\" \/><\/a><p id=\"caption-attachment-3473\" class=\"wp-caption-text\">Shorts de Pucci<\/p><\/div>\n<p>&nbsp;<\/p>\n<div id=\"attachment_3482\" style=\"width: 610px\" class=\"wp-caption aligncenter\"><a href=\"\/gracias-a-dior\/wp-content\/uploads\/sites\/17\/2014\/01\/ralph-lauren.jpg\"><img aria-describedby=\"caption-attachment-3482\" loading=\"lazy\" class=\"size-full wp-image-3482\" title=\"Ralph Lauren para Zalando\" src=\"\/gracias-a-dior\/wp-content\/uploads\/sites\/17\/2014\/01\/ralph-lauren.jpg\" alt=\"Ralph Lauren para Zalando\" width=\"600\" height=\"699\" srcset=\"https:\/\/static-blogs.diariosur.es\/wp-content\/uploads\/sites\/17\/2014\/01\/ralph-lauren.jpg 600w, https:\/\/static-blogs.diariosur.es\/wp-content\/uploads\/sites\/17\/2014\/01\/ralph-lauren-258x300.jpg 258w\" sizes=\"(max-width: 600px) 100vw, 600px\" \/><\/a><p id=\"caption-attachment-3482\" class=\"wp-caption-text\">Ralph Lauren para Zalando<\/p><\/div>\n<p>&nbsp;<\/p>\n<div id=\"attachment_3483\" style=\"width: 610px\" class=\"wp-caption aligncenter\"><a href=\"\/gracias-a-dior\/wp-content\/uploads\/sites\/17\/2014\/01\/etam.jpg\"><img aria-describedby=\"caption-attachment-3483\" loading=\"lazy\" class=\"size-full wp-image-3483\" title=\"El orqu\u00eddea radiante ha llegado a la lencer\u00eda, como este conjunto de Etam\" src=\"\/gracias-a-dior\/wp-content\/uploads\/sites\/17\/2014\/01\/etam.jpg\" alt=\"El orqu\u00eddea radiante ha llegado a la lencer\u00eda, como este conjunto de Etam\" width=\"600\" height=\"594\" srcset=\"https:\/\/static-blogs.diariosur.es\/wp-content\/uploads\/sites\/17\/2014\/01\/etam.jpg 600w, https:\/\/static-blogs.diariosur.es\/wp-content\/uploads\/sites\/17\/2014\/01\/etam-150x150.jpg 150w, https:\/\/static-blogs.diariosur.es\/wp-content\/uploads\/sites\/17\/2014\/01\/etam-300x297.jpg 300w\" sizes=\"(max-width: 600px) 100vw, 600px\" \/><\/a><p id=\"caption-attachment-3483\" class=\"wp-caption-text\">El orqu\u00eddea radiante ha llegado a la lencer\u00eda, como este conjunto de Etam<\/p><\/div>\n<p>&nbsp;<\/p>\n<div id=\"attachment_3474\" style=\"width: 610px\" class=\"wp-caption aligncenter\"><a href=\"\/gracias-a-dior\/wp-content\/uploads\/sites\/17\/2014\/01\/blusa-zara.jpg\"><img aria-describedby=\"caption-attachment-3474\" loading=\"lazy\" class=\"size-full wp-image-3474\" title=\"Blusa de gran escote por la espalda de Zara\" src=\"\/gracias-a-dior\/wp-content\/uploads\/sites\/17\/2014\/01\/blusa-zara.jpg\" alt=\"Blusa de gran escote por la espalda de Zara\" width=\"600\" height=\"744\" srcset=\"https:\/\/static-blogs.diariosur.es\/wp-content\/uploads\/sites\/17\/2014\/01\/blusa-zara.jpg 600w, https:\/\/static-blogs.diariosur.es\/wp-content\/uploads\/sites\/17\/2014\/01\/blusa-zara-242x300.jpg 242w\" sizes=\"(max-width: 600px) 100vw, 600px\" \/><\/a><p id=\"caption-attachment-3474\" class=\"wp-caption-text\">Blusa de gran escote por la espalda de Zara<\/p><\/div>\n<p>&nbsp;<\/p>\n<div id=\"attachment_3485\" style=\"width: 610px\" class=\"wp-caption aligncenter\"><a href=\"\/gracias-a-dior\/wp-content\/uploads\/sites\/17\/2014\/02\/no-me-llames.jpg\"><img aria-describedby=\"caption-attachment-3485\" loading=\"lazy\" class=\"size-full wp-image-3485\" title=\"Collar de la firma malague\u00f1a No me llames Mu\u00f1eca\" src=\"\/gracias-a-dior\/wp-content\/uploads\/sites\/17\/2014\/02\/no-me-llames.jpg\" alt=\"Collar de la firma malague\u00f1a No me llames Mu\u00f1eca\" width=\"600\" height=\"448\" srcset=\"https:\/\/static-blogs.diariosur.es\/wp-content\/uploads\/sites\/17\/2014\/02\/no-me-llames.jpg 600w, https:\/\/static-blogs.diariosur.es\/wp-content\/uploads\/sites\/17\/2014\/02\/no-me-llames-300x224.jpg 300w\" sizes=\"(max-width: 600px) 100vw, 600px\" \/><\/a><p id=\"caption-attachment-3485\" class=\"wp-caption-text\">Collar de la firma malague\u00f1a No me llames Mu\u00f1eca<\/p><\/div>\n<p>&nbsp;<\/p>\n<div id=\"attachment_3475\" style=\"width: 610px\" class=\"wp-caption aligncenter\"><a href=\"\/gracias-a-dior\/wp-content\/uploads\/sites\/17\/2014\/01\/falda-hm.jpg\"><img aria-describedby=\"caption-attachment-3475\" loading=\"lazy\" class=\"size-full wp-image-3475\" title=\"Falda de H&#038;M\" src=\"\/gracias-a-dior\/wp-content\/uploads\/sites\/17\/2014\/01\/falda-hm.jpg\" alt=\"Falda de H&#038;M\" width=\"600\" height=\"702\" srcset=\"https:\/\/static-blogs.diariosur.es\/wp-content\/uploads\/sites\/17\/2014\/01\/falda-hm.jpg 600w, https:\/\/static-blogs.diariosur.es\/wp-content\/uploads\/sites\/17\/2014\/01\/falda-hm-256x300.jpg 256w\" sizes=\"(max-width: 600px) 100vw, 600px\" \/><\/a><p id=\"caption-attachment-3475\" class=\"wp-caption-text\">Falda de H&M<\/p><\/div>\n<p>&nbsp;<\/p>\n<div id=\"attachment_3476\" style=\"width: 610px\" class=\"wp-caption aligncenter\"><a href=\"\/gracias-a-dior\/wp-content\/uploads\/sites\/17\/2014\/01\/falda-mango.jpg\"><img aria-describedby=\"caption-attachment-3476\" loading=\"lazy\" class=\"size-full wp-image-3476\" title=\"Falda larga de Mango\" src=\"\/gracias-a-dior\/wp-content\/uploads\/sites\/17\/2014\/01\/falda-mango.jpg\" alt=\"Falda larga de Mango\" width=\"600\" height=\"839\" srcset=\"https:\/\/static-blogs.diariosur.es\/wp-content\/uploads\/sites\/17\/2014\/01\/falda-mango.jpg 600w, https:\/\/static-blogs.diariosur.es\/wp-content\/uploads\/sites\/17\/2014\/01\/falda-mango-215x300.jpg 215w\" sizes=\"(max-width: 600px) 100vw, 600px\" \/><\/a><p id=\"caption-attachment-3476\" class=\"wp-caption-text\">Falda larga de Mango<\/p><\/div>\n<p>&nbsp;<\/p>\n<div id=\"attachment_3477\" style=\"width: 610px\" class=\"wp-caption aligncenter\"><a href=\"\/gracias-a-dior\/wp-content\/uploads\/sites\/17\/2014\/01\/mango-vestido.jpg\"><img aria-describedby=\"caption-attachment-3477\" loading=\"lazy\" class=\"size-full wp-image-3477\" title=\"Mango tambi\u00e9n elige el orqu\u00eddea radiante para este vestido largo\" src=\"\/gracias-a-dior\/wp-content\/uploads\/sites\/17\/2014\/01\/mango-vestido.jpg\" alt=\"Mango tambi\u00e9n elige el orqu\u00eddea radiante para este vestido largo\" width=\"600\" height=\"839\" srcset=\"https:\/\/static-blogs.diariosur.es\/wp-content\/uploads\/sites\/17\/2014\/01\/mango-vestido.jpg 600w, https:\/\/static-blogs.diariosur.es\/wp-content\/uploads\/sites\/17\/2014\/01\/mango-vestido-215x300.jpg 215w\" sizes=\"(max-width: 600px) 100vw, 600px\" \/><\/a><p id=\"caption-attachment-3477\" class=\"wp-caption-text\">Mango tambi\u00e9n elige el orqu\u00eddea radiante para este vestido largo<\/p><\/div>\n<p>&nbsp;<\/p>\n<div id=\"attachment_3481\" style=\"width: 610px\" class=\"wp-caption aligncenter\"><a href=\"\/gracias-a-dior\/wp-content\/uploads\/sites\/17\/2014\/01\/maasimook.jpg\"><img aria-describedby=\"caption-attachment-3481\" loading=\"lazy\" class=\"size-full wp-image-3481\" title=\"Massimo Dutti usa la tonalidad del a\u00f1o en esta blusa oversize\" src=\"\/gracias-a-dior\/wp-content\/uploads\/sites\/17\/2014\/01\/maasimook.jpg\" alt=\"Massimo Dutti usa la tonalidad del a\u00f1o en esta blusa oversize\" width=\"600\" height=\"302\" srcset=\"https:\/\/static-blogs.diariosur.es\/wp-content\/uploads\/sites\/17\/2014\/01\/maasimook.jpg 600w, https:\/\/static-blogs.diariosur.es\/wp-content\/uploads\/sites\/17\/2014\/01\/maasimook-300x151.jpg 300w\" sizes=\"(max-width: 600px) 100vw, 600px\" \/><\/a><p id=\"caption-attachment-3481\" class=\"wp-caption-text\">Massimo Dutti usa la tonalidad del a\u00f1o en esta blusa oversize<\/p><\/div>\n<p>&nbsp;<\/p>\n<div id=\"attachment_3479\" style=\"width: 610px\" class=\"wp-caption aligncenter\"><a href=\"\/gracias-a-dior\/wp-content\/uploads\/sites\/17\/2014\/01\/vestido-asos.jpg\"><img aria-describedby=\"caption-attachment-3479\" loading=\"lazy\" class=\"size-full wp-image-3479\" title=\"Vestido de la marca Asos\" src=\"\/gracias-a-dior\/wp-content\/uploads\/sites\/17\/2014\/01\/vestido-asos.jpg\" alt=\"Vestido de la marca Asos\" width=\"600\" height=\"766\" srcset=\"https:\/\/static-blogs.diariosur.es\/wp-content\/uploads\/sites\/17\/2014\/01\/vestido-asos.jpg 600w, https:\/\/static-blogs.diariosur.es\/wp-content\/uploads\/sites\/17\/2014\/01\/vestido-asos-235x300.jpg 235w\" sizes=\"(max-width: 600px) 100vw, 600px\" \/><\/a><p id=\"caption-attachment-3479\" class=\"wp-caption-text\">Vestido de la marca Asos<\/p><\/div>\n<p>&nbsp;<\/p>\n<div id=\"attachment_3480\" style=\"width: 610px\" class=\"wp-caption aligncenter\"><a href=\"\/gracias-a-dior\/wp-content\/uploads\/sites\/17\/2014\/01\/zapatos-ninewest.jpg\"><img aria-describedby=\"caption-attachment-3480\" loading=\"lazy\" class=\"size-full wp-image-3480\" title=\"Peep Toes de Nine West\" src=\"\/gracias-a-dior\/wp-content\/uploads\/sites\/17\/2014\/01\/zapatos-ninewest.jpg\" alt=\"Peep Toes de Nine West\" width=\"600\" height=\"600\" srcset=\"https:\/\/static-blogs.diariosur.es\/wp-content\/uploads\/sites\/17\/2014\/01\/zapatos-ninewest.jpg 600w, https:\/\/static-blogs.diariosur.es\/wp-content\/uploads\/sites\/17\/2014\/01\/zapatos-ninewest-150x150.jpg 150w, https:\/\/static-blogs.diariosur.es\/wp-content\/uploads\/sites\/17\/2014\/01\/zapatos-ninewest-300x300.jpg 300w\" sizes=\"(max-width: 600px) 100vw, 600px\" \/><\/a><p id=\"caption-attachment-3480\" class=\"wp-caption-text\">Peep Toes de Nine West<\/p><\/div>\n","protected":false},"excerpt":{"rendered":"<p>Si el a\u00f1o pasado el color de la temporada fue el verde esmeralda , en este 2014 le ha tocado el turno al orqu\u00eddea radiante, un tono muy favorecedor y elegante que comvertir\u00e1 a la prenda o complemento que toque en una pieza\u00a0 de un gusto exquisito. Cuando a finales del a\u00f1o pasado, principios de [&hellip;]<\/p>\n","protected":false},"author":20,"featured_media":0,"comment_status":"open","ping_status":"open","sticky":false,"template":"","format":"standard","meta":[],"categories":[3],"tags":[],"_links":{"self":[{"href":"https:\/\/blogs.diariosur.es\/gracias-a-dior\/wp-json\/wp\/v2\/posts\/3470"}],"collection":[{"href":"https:\/\/blogs.diariosur.es\/gracias-a-dior\/wp-json\/wp\/v2\/posts"}],"about":[{"href":"https:\/\/blogs.diariosur.es\/gracias-a-dior\/wp-json\/wp\/v2\/types\/post"}],"author":[{"embeddable":true,"href":"https:\/\/blogs.diariosur.es\/gracias-a-dior\/wp-json\/wp\/v2\/users\/20"}],"replies":[{"embeddable":true,"href":"https:\/\/blogs.diariosur.es\/gracias-a-dior\/wp-json\/wp\/v2\/comments?post=3470"}],"version-history":[{"count":0,"href":"https:\/\/blogs.diariosur.es\/gracias-a-dior\/wp-json\/wp\/v2\/posts\/3470\/revisions"}],"wp:attachment":[{"href":"https:\/\/blogs.diariosur.es\/gracias-a-dior\/wp-json\/wp\/v2\/media?parent=3470"}],"wp:term":[{"taxonomy":"category","embeddable":true,"href":"https:\/\/blogs.diariosur.es\/gracias-a-dior\/wp-json\/wp\/v2\/categories?post=3470"},{"taxonomy":"post_tag","embeddable":true,"href":"https:\/\/blogs.diariosur.es\/gracias-a-dior\/wp-json\/wp\/v2\/tags?post=3470"}],"curies":[{"name":"wp","href":"https:\/\/api.w.org\/{rel}","templated":true}]}}