{"id":3526,"date":"2014-02-10T09:20:39","date_gmt":"2014-02-10T08:20:39","guid":{"rendered":"http:\/\/blogs.diariosur.es\/gracias-a-dior\/?p=3526"},"modified":"2014-02-10T09:20:39","modified_gmt":"2014-02-10T08:20:39","slug":"miranda-kerr-es-la-nueva-imagen-de-hm","status":"publish","type":"post","link":"https:\/\/blogs.diariosur.es\/gracias-a-dior\/2014\/02\/10\/miranda-kerr-es-la-nueva-imagen-de-hm\/","title":{"rendered":"Miranda Kerr es la nueva imagen de H&#038;M"},"content":{"rendered":"<p>Si hace unos meses<strong> Miranda Kerr<\/strong> se divorciaba de <strong>Mango<\/strong>, la modelo acaba de encontrar una nueva firma de moda a la que poner su imagen. En esta ocasi\u00f3n la marca que tendr\u00e1 el gusto de contar con Miranda Kerr para su campa\u00f1a de primavera-verano es H&#038;M que dio a conocer la noticia la semana pasada.<\/p>\n<p>Para hacer el anuncio, <strong>H&#038;M<\/strong> quiso jugar primero con sus clientes y les retaron a que adivinasen qui\u00e9n ser\u00eda el nuevo rostro, a trav\u00e9s de la cuenta de <strong>Instagram<\/strong> de H&#038;M. Tras un tiempo de participaci\u00f3n la propia Miranda Kerr fue quien dio la noticia mediante un video muy corto: &#8220;Hola seguidores de H&#038;M, soy Miranda Kerr y soy la nueva cara para la campa\u00f1a de primavera para H&#038;M. Sigan en sinton\u00eda&#8221;. Una uni\u00f3n de la que no se sabr\u00e1 nada hasta <strong>marzo<\/strong>, mes en el que ya se podr\u00e1 ver a Miranda Kerr posando y luciendo la nueva colecci\u00f3n de H&#038;M.<\/p>\n<p>Con esta nueva colaboraci\u00f3n, H&#038;M puede presumir de contar con los rostros m\u00e1s bellos del star system<strong>, Giselle B\u00fcndchen, Beyonc\u00e9 o David Beckham<\/strong> han sido tan solo algunas celebrities que han mostrado las colecciones de la firma sueca.<\/p>\n<div id=\"attachment_3532\" style=\"width: 610px\" class=\"wp-caption aligncenter\"><a href=\"\/gracias-a-dior\/wp-content\/uploads\/sites\/17\/2014\/02\/miranda-kerr.jpg\"><img aria-describedby=\"caption-attachment-3532\" loading=\"lazy\" class=\"size-full wp-image-3532\" title=\"Miranda Kerr\" src=\"\/gracias-a-dior\/wp-content\/uploads\/sites\/17\/2014\/02\/miranda-kerr.jpg\" alt=\"Miranda Kerr\" width=\"600\" height=\"384\" srcset=\"https:\/\/static-blogs.diariosur.es\/wp-content\/uploads\/sites\/17\/2014\/02\/miranda-kerr.jpg 600w, https:\/\/static-blogs.diariosur.es\/wp-content\/uploads\/sites\/17\/2014\/02\/miranda-kerr-300x192.jpg 300w\" sizes=\"(max-width: 600px) 100vw, 600px\" \/><\/a><p id=\"caption-attachment-3532\" class=\"wp-caption-text\">Miranda Kerr<\/p><\/div>\n","protected":false},"excerpt":{"rendered":"<p>Si hace unos meses Miranda Kerr se divorciaba de Mango, la modelo acaba de encontrar una nueva firma de moda a la que poner su imagen. En esta ocasi\u00f3n la marca que tendr\u00e1 el gusto de contar con Miranda Kerr para su campa\u00f1a de primavera-verano es H&#038;M que dio a conocer la noticia la semana [&hellip;]<\/p>\n","protected":false},"author":20,"featured_media":0,"comment_status":"open","ping_status":"open","sticky":false,"template":"","format":"standard","meta":[],"categories":[3],"tags":[1543,1579,2123],"_links":{"self":[{"href":"https:\/\/blogs.diariosur.es\/gracias-a-dior\/wp-json\/wp\/v2\/posts\/3526"}],"collection":[{"href":"https:\/\/blogs.diariosur.es\/gracias-a-dior\/wp-json\/wp\/v2\/posts"}],"about":[{"href":"https:\/\/blogs.diariosur.es\/gracias-a-dior\/wp-json\/wp\/v2\/types\/post"}],"author":[{"embeddable":true,"href":"https:\/\/blogs.diariosur.es\/gracias-a-dior\/wp-json\/wp\/v2\/users\/20"}],"replies":[{"embeddable":true,"href":"https:\/\/blogs.diariosur.es\/gracias-a-dior\/wp-json\/wp\/v2\/comments?post=3526"}],"version-history":[{"count":0,"href":"https:\/\/blogs.diariosur.es\/gracias-a-dior\/wp-json\/wp\/v2\/posts\/3526\/revisions"}],"wp:attachment":[{"href":"https:\/\/blogs.diariosur.es\/gracias-a-dior\/wp-json\/wp\/v2\/media?parent=3526"}],"wp:term":[{"taxonomy":"category","embeddable":true,"href":"https:\/\/blogs.diariosur.es\/gracias-a-dior\/wp-json\/wp\/v2\/categories?post=3526"},{"taxonomy":"post_tag","embeddable":true,"href":"https:\/\/blogs.diariosur.es\/gracias-a-dior\/wp-json\/wp\/v2\/tags?post=3526"}],"curies":[{"name":"wp","href":"https:\/\/api.w.org\/{rel}","templated":true}]}}