{"id":3826,"date":"2014-05-05T07:51:43","date_gmt":"2014-05-05T05:51:43","guid":{"rendered":"http:\/\/blogs.diariosur.es\/gracias-a-dior\/?p=3826"},"modified":"2014-05-05T07:51:43","modified_gmt":"2014-05-05T05:51:43","slug":"louis-vuitton-comienza-abrigarse-para-el-otono-con-su-coleccion-pre-fall-2014","status":"publish","type":"post","link":"https:\/\/blogs.diariosur.es\/gracias-a-dior\/2014\/05\/05\/louis-vuitton-comienza-abrigarse-para-el-otono-con-su-coleccion-pre-fall-2014\/","title":{"rendered":"Louis Vuitton comienza a abrigarse para el oto\u00f1o con su colecci\u00f3n Pre-Fall 2014"},"content":{"rendered":"<p>Comienza una nueva semana y hoy quiero que os abrigu\u00e9is por unos breves momentos mientras le\u00e9is el post de hoy. Y es que para este lunes he querido presentaros la<strong> colecci\u00f3n Pre-Fall 2014<\/strong> de una de las grandes <strong>marcas de lujo<\/strong>, <strong>Louis Vuitton.<\/strong><\/p>\n<p>Para el pr\u00f3ximo <strong>oto\u00f1o<\/strong>, Louis Vuitton apuesta por las <strong>prendas cl\u00e1sicas<\/strong>, esas por las que el tiempo no pasa y siempre quedan maravillosamente bien.\u00a0 Desde la casa francesa la idea era la de dise\u00f1ar una colecci\u00f3n en la que los <strong>trajes de chaqueta<\/strong> se renovar\u00e1n y ofreceran una cara distinta a la que normalmente nos tienen <strong>acostumbrados<\/strong>. Y para ello, Louis Vuitton ha combinado en sus piezas\u00a0<strong>texturas<\/strong> y a estas las dota de <strong>volumen<\/strong> para que estos tengan un aire m\u00e1s sport y menos serio. Es el caso\u00a0 de la modelo que luce l<strong>a parka militar<\/strong> y que combina m\u00e1s que bien con una<strong> falda l\u00e1piz.<\/strong><\/p>\n<p>De hecho, las <strong>propuestas<\/strong> son m\u00e1s que <strong>atractivas<\/strong> y si el bolsillo lo<strong> permitiera o permitiese<\/strong> m\u00e1s de uno de los looks que ofrece<strong> Louis Vuitton<\/strong> en su <strong>cat\u00e1logo<\/strong> estar\u00edan m\u00e1s que &#8216;requetefichados&#8217;, eso s\u00ed, siempre nos quedar\u00e1 la esperanza de los <strong>clones<\/strong>. Es m\u00e1s, desde aqu\u00ed queremos instar a alguna tienda<strong> low cost<\/strong> que clone la<strong> bomber de tweed<\/strong> y <strong>mangas<\/strong> de <strong>piel<\/strong> en <strong>verde caqui.<\/strong><\/p>\n<p>En este avance de oto\u00f1o, Louis Vuitton apuesta por una gama de <strong>tonos oscuros<\/strong> como el mencionad<strong>o verde militar, el negro, el burdeos o el gris<\/strong>. Colores que de vez en cuando mezcla con rojos y fucsias.<\/p>\n<p>Por otra parte, para Louis Vuitton los a<strong>ccesorios y complementos<\/strong> ser\u00e1n la clave de esta la pr\u00f3xima temporada y ser\u00e1n los responsables de darle una<strong> personalidad diferente<\/strong> a nuestros estilismos. En cuanto a complementos, la casa francesa apuesta por<strong> gafas de sol retro, una caperuza con cremallera en piel con forro, unas manoplas y un cuello en punto de lana y cachemira con ribetes de piel de zorro.<\/strong><\/p>\n<p>Para los pies, Louis Vuitton dicta que las<strong> botas leggings<\/strong> ser\u00e1n la mejor opci\u00f3n para ser la chica m\u00e1s sexy de la fiesta, aunque si prefieres ir c\u00f3moda, las <strong>slippers<\/strong> de leopardo ser\u00e1n lo m\u00e1s.<\/p>\n<div id=\"attachment_3827\" style=\"width: 660px\" class=\"wp-caption aligncenter\"><a href=\"\/gracias-a-dior\/wp-content\/uploads\/sites\/17\/2014\/05\/lv1.jpg\"><img aria-describedby=\"caption-attachment-3827\" loading=\"lazy\" class=\"size-full wp-image-3827\" title=\"lv1\" src=\"\/gracias-a-dior\/wp-content\/uploads\/sites\/17\/2014\/05\/lv1.jpg\" alt=\"lv1\" width=\"650\" height=\"974\" srcset=\"https:\/\/static-blogs.diariosur.es\/wp-content\/uploads\/sites\/17\/2014\/05\/lv1.jpg 650w, https:\/\/static-blogs.diariosur.es\/wp-content\/uploads\/sites\/17\/2014\/05\/lv1-200x300.jpg 200w\" sizes=\"(max-width: 650px) 100vw, 650px\" \/><\/a><p id=\"caption-attachment-3827\" class=\"wp-caption-text\">Modelo con botas leggins y bomber de tweed y mangas de piel<\/p><\/div>\n<p>&nbsp;<\/p>\n<div id=\"attachment_3828\" style=\"width: 660px\" class=\"wp-caption aligncenter\"><a href=\"\/gracias-a-dior\/wp-content\/uploads\/sites\/17\/2014\/05\/lv2.jpg\"><img aria-describedby=\"caption-attachment-3828\" loading=\"lazy\" class=\"size-full wp-image-3828\" title=\"lv2\" src=\"\/gracias-a-dior\/wp-content\/uploads\/sites\/17\/2014\/05\/lv2.jpg\" alt=\"lv2\" width=\"650\" height=\"974\" srcset=\"https:\/\/static-blogs.diariosur.es\/wp-content\/uploads\/sites\/17\/2014\/05\/lv2.jpg 650w, https:\/\/static-blogs.diariosur.es\/wp-content\/uploads\/sites\/17\/2014\/05\/lv2-200x300.jpg 200w\" sizes=\"(max-width: 650px) 100vw, 650px\" \/><\/a><p id=\"caption-attachment-3828\" class=\"wp-caption-text\">El burdeos ser\u00e1 uno de los colores de la temporada para Louis Vuitton<\/p><\/div>\n<p>&nbsp;<\/p>\n<div id=\"attachment_3829\" style=\"width: 660px\" class=\"wp-caption aligncenter\"><a href=\"\/gracias-a-dior\/wp-content\/uploads\/sites\/17\/2014\/05\/lv3.jpg\"><img aria-describedby=\"caption-attachment-3829\" loading=\"lazy\" class=\"size-full wp-image-3829\" title=\"lv3\" src=\"\/gracias-a-dior\/wp-content\/uploads\/sites\/17\/2014\/05\/lv3.jpg\" alt=\"lv3\" width=\"650\" height=\"974\" srcset=\"https:\/\/static-blogs.diariosur.es\/wp-content\/uploads\/sites\/17\/2014\/05\/lv3.jpg 650w, https:\/\/static-blogs.diariosur.es\/wp-content\/uploads\/sites\/17\/2014\/05\/lv3-200x300.jpg 200w\" sizes=\"(max-width: 650px) 100vw, 650px\" \/><\/a><p id=\"caption-attachment-3829\" class=\"wp-caption-text\">Vestido de pailletes, para las citas m\u00e1s elegantes<\/p><\/div>\n<p>&nbsp;<\/p>\n<div id=\"attachment_3830\" style=\"width: 660px\" class=\"wp-caption aligncenter\"><a href=\"\/gracias-a-dior\/wp-content\/uploads\/sites\/17\/2014\/05\/lv4.jpg\"><img aria-describedby=\"caption-attachment-3830\" loading=\"lazy\" class=\"size-full wp-image-3830\" title=\"lv4\" src=\"\/gracias-a-dior\/wp-content\/uploads\/sites\/17\/2014\/05\/lv4.jpg\" alt=\"lv4\" width=\"650\" height=\"974\" srcset=\"https:\/\/static-blogs.diariosur.es\/wp-content\/uploads\/sites\/17\/2014\/05\/lv4.jpg 650w, https:\/\/static-blogs.diariosur.es\/wp-content\/uploads\/sites\/17\/2014\/05\/lv4-200x300.jpg 200w\" sizes=\"(max-width: 650px) 100vw, 650px\" \/><\/a><p id=\"caption-attachment-3830\" class=\"wp-caption-text\">Parka militar de Louis Vuitton<\/p><\/div>\n<p>&nbsp;<\/p>\n<div id=\"attachment_3832\" style=\"width: 660px\" class=\"wp-caption aligncenter\"><a href=\"\/gracias-a-dior\/wp-content\/uploads\/sites\/17\/2014\/05\/lv5.jpg\"><img aria-describedby=\"caption-attachment-3832\" loading=\"lazy\" class=\"size-full wp-image-3832\" title=\"lv5\" src=\"\/gracias-a-dior\/wp-content\/uploads\/sites\/17\/2014\/05\/lv5.jpg\" alt=\"lv5\" width=\"650\" height=\"500\" srcset=\"https:\/\/static-blogs.diariosur.es\/wp-content\/uploads\/sites\/17\/2014\/05\/lv5.jpg 650w, https:\/\/static-blogs.diariosur.es\/wp-content\/uploads\/sites\/17\/2014\/05\/lv5-300x231.jpg 300w\" sizes=\"(max-width: 650px) 100vw, 650px\" \/><\/a><p id=\"caption-attachment-3832\" class=\"wp-caption-text\">Los complementos ser\u00e1n la clave<\/p><\/div>\n<p>&nbsp;<\/p>\n<div id=\"attachment_3831\" style=\"width: 660px\" class=\"wp-caption aligncenter\"><a href=\"\/gracias-a-dior\/wp-content\/uploads\/sites\/17\/2014\/05\/lv6.jpg\"><img aria-describedby=\"caption-attachment-3831\" loading=\"lazy\" class=\"size-full wp-image-3831\" title=\"Louis Vuitton\" src=\"\/gracias-a-dior\/wp-content\/uploads\/sites\/17\/2014\/05\/lv6.jpg\" alt=\"Louis Vuitton\" width=\"650\" height=\"268\" srcset=\"https:\/\/static-blogs.diariosur.es\/wp-content\/uploads\/sites\/17\/2014\/05\/lv6.jpg 650w, https:\/\/static-blogs.diariosur.es\/wp-content\/uploads\/sites\/17\/2014\/05\/lv6-300x124.jpg 300w\" sizes=\"(max-width: 650px) 100vw, 650px\" \/><\/a><p id=\"caption-attachment-3831\" class=\"wp-caption-text\">Las slippers pondr\u00e1n la comodidad a nuestros pies<\/p><\/div>\n","protected":false},"excerpt":{"rendered":"<p>Comienza una nueva semana y hoy quiero que os abrigu\u00e9is por unos breves momentos mientras le\u00e9is el post de hoy. Y es que para este lunes he querido presentaros la colecci\u00f3n Pre-Fall 2014 de una de las grandes marcas de lujo, Louis Vuitton. Para el pr\u00f3ximo oto\u00f1o, Louis Vuitton apuesta por las prendas cl\u00e1sicas, esas [&hellip;]<\/p>\n","protected":false},"author":20,"featured_media":0,"comment_status":"open","ping_status":"open","sticky":false,"template":"","format":"standard","meta":[],"categories":[3],"tags":[440,617,625,772,780,1907,1957,2334,2405,2560,2597,3075,3145,3210,3213,3288],"_links":{"self":[{"href":"https:\/\/blogs.diariosur.es\/gracias-a-dior\/wp-json\/wp\/v2\/posts\/3826"}],"collection":[{"href":"https:\/\/blogs.diariosur.es\/gracias-a-dior\/wp-json\/wp\/v2\/posts"}],"about":[{"href":"https:\/\/blogs.diariosur.es\/gracias-a-dior\/wp-json\/wp\/v2\/types\/post"}],"author":[{"embeddable":true,"href":"https:\/\/blogs.diariosur.es\/gracias-a-dior\/wp-json\/wp\/v2\/users\/20"}],"replies":[{"embeddable":true,"href":"https:\/\/blogs.diariosur.es\/gracias-a-dior\/wp-json\/wp\/v2\/comments?post=3826"}],"version-history":[{"count":0,"href":"https:\/\/blogs.diariosur.es\/gracias-a-dior\/wp-json\/wp\/v2\/posts\/3826\/revisions"}],"wp:attachment":[{"href":"https:\/\/blogs.diariosur.es\/gracias-a-dior\/wp-json\/wp\/v2\/media?parent=3826"}],"wp:term":[{"taxonomy":"category","embeddable":true,"href":"https:\/\/blogs.diariosur.es\/gracias-a-dior\/wp-json\/wp\/v2\/categories?post=3826"},{"taxonomy":"post_tag","embeddable":true,"href":"https:\/\/blogs.diariosur.es\/gracias-a-dior\/wp-json\/wp\/v2\/tags?post=3826"}],"curies":[{"name":"wp","href":"https:\/\/api.w.org\/{rel}","templated":true}]}}