{"id":4156,"date":"2014-09-01T15:00:14","date_gmt":"2014-09-01T13:00:14","guid":{"rendered":"http:\/\/blogs.diariosur.es\/gracias-a-dior\/?p=4156"},"modified":"2014-09-01T15:00:14","modified_gmt":"2014-09-01T13:00:14","slug":"los-abrigos-se-convierten-en-la-apuesta-ganadora-del-invierno-para-hm","status":"publish","type":"post","link":"https:\/\/blogs.diariosur.es\/gracias-a-dior\/2014\/09\/01\/los-abrigos-se-convierten-en-la-apuesta-ganadora-del-invierno-para-hm\/","title":{"rendered":"Los abrigos se convierten en la apuesta ganadora del invierno para H&#038;M"},"content":{"rendered":"<p><strong>H&#038;M<\/strong> est\u00e1 que se sale. La<strong> firma sueca<\/strong> lo est\u00e1 dando todo en este final de verano en el que nos ha regalado su nueva web con <strong>tienda online<\/strong> incluida (era una de las pocas firmas que no ten\u00eda<strong> e-shop<\/strong>) y, ahora, nos ha avanzado c\u00f3mo ser\u00e1 su <strong>oto\u00f1o-invierno 2014<\/strong> a trav\u00e9s de las im\u00e1genes de su cat\u00e1logo.<\/p>\n<p>Para empezar, hay que decir que H&#038;M es de esas marcas que gustan y que tienen tir\u00f3n, porque traen todas lsa tendencias de la temporada a unos precios muy asequibles en comparaci\u00f3n con otras marcas conocidas. Unas caracter\u00edsticas que seguir\u00e1n siendo fieles a su idiosincracia una vez m\u00e1s, de tal manera que el pr\u00f3ximo oto\u00f1o podremos renovar armario sin gastarnos ninguna burrada de dinero.<\/p>\n<p>Seg\u00fan se aprecia en este lookbook de H&#038;M, las piezas clave ser\u00e1n las <strong>prendas<\/strong> de <strong>abrigo<\/strong>. Como las<strong> chupas de cuero estilo biker, los abrigos de pelo<\/strong> (este a\u00f1o pareceremos ositos) o los cl\u00e1sicos renovados con <strong>cremalleras<\/strong> por todos lados. Unos <strong>chaquetones<\/strong> que conseguir\u00e1n darle ese toque de <strong>sofisticaci\u00f3n<\/strong> a cualquier look urbano o casual, de manera que se podr\u00e1 aplicar aquello de que un buen abrigo lo cubre todo.<\/p>\n<p>Otra cuesti\u00f3n que tambi\u00e9n llama bastante la atenci\u00f3n es la paleta de colores por la que apuesta H&#038;M, no porque sean colores de otro mundo, sino por el uso absoluto y total de los mismos. <strong>Negro<\/strong> (en todas sus versiones) y <strong>gris<\/strong> (que otorga ese toque chandalero pero chic a las prendas) ser\u00e1n los reyes del oto\u00f1o, acompa\u00f1ados por unos secundarios de lujo como e<strong>l rosa palo o el blanco<\/strong>.<\/p>\n<p>Unos looks muy casuals que se forman con <strong>jeans rotos<\/strong> (\u00a1hasta la reina <strong>Letizia<\/strong> se ha atrevido a usarlos!),<strong> faldas de cuero<\/strong> (no habr\u00e1 que perderlas de vista este oto\u00f1o) y <strong>peep toes abotinados<\/strong> para los pies.<\/p>\n<p>&nbsp;<\/p>\n<div id=\"attachment_4158\" style=\"width: 610px\" class=\"wp-caption aligncenter\"><a href=\"\/gracias-a-dior\/wp-content\/uploads\/sites\/17\/2014\/08\/hm11.jpg\"><img aria-describedby=\"caption-attachment-4158\" loading=\"lazy\" class=\"size-full wp-image-4158\" title=\"hm1\" src=\"\/gracias-a-dior\/wp-content\/uploads\/sites\/17\/2014\/08\/hm11.jpg\" alt=\"hm1\" width=\"600\" height=\"778\" srcset=\"https:\/\/static-blogs.diariosur.es\/wp-content\/uploads\/sites\/17\/2014\/08\/hm11.jpg 600w, https:\/\/static-blogs.diariosur.es\/wp-content\/uploads\/sites\/17\/2014\/08\/hm11-231x300.jpg 231w\" sizes=\"(max-width: 600px) 100vw, 600px\" \/><\/a><p id=\"caption-attachment-4158\" class=\"wp-caption-text\">Los abrigos ser\u00e1n la pieza clave de los estilismos oto\u00f1ales<\/p><\/div>\n<p>&nbsp;<\/p>\n<div id=\"attachment_4166\" style=\"width: 610px\" class=\"wp-caption aligncenter\"><a href=\"\/gracias-a-dior\/wp-content\/uploads\/sites\/17\/2014\/08\/hm9.jpg\"><img aria-describedby=\"caption-attachment-4166\" loading=\"lazy\" class=\"size-full wp-image-4166\" title=\"hm9\" src=\"\/gracias-a-dior\/wp-content\/uploads\/sites\/17\/2014\/08\/hm9.jpg\" alt=\"hm9\" width=\"600\" height=\"733\" srcset=\"https:\/\/static-blogs.diariosur.es\/wp-content\/uploads\/sites\/17\/2014\/08\/hm9.jpg 600w, https:\/\/static-blogs.diariosur.es\/wp-content\/uploads\/sites\/17\/2014\/08\/hm9-246x300.jpg 246w\" sizes=\"(max-width: 600px) 100vw, 600px\" \/><\/a><p id=\"caption-attachment-4166\" class=\"wp-caption-text\">Los abrigos de pelito ser\u00e1n un &#39;must&#39; esta temporada<\/p><\/div>\n<p>&nbsp;<\/p>\n<div id=\"attachment_4165\" style=\"width: 610px\" class=\"wp-caption aligncenter\"><a href=\"\/gracias-a-dior\/wp-content\/uploads\/sites\/17\/2014\/08\/hm8.jpg\"><img aria-describedby=\"caption-attachment-4165\" loading=\"lazy\" class=\"size-full wp-image-4165\" title=\"hm8\" src=\"\/gracias-a-dior\/wp-content\/uploads\/sites\/17\/2014\/08\/hm8.jpg\" alt=\"hm8\" width=\"600\" height=\"776\" srcset=\"https:\/\/static-blogs.diariosur.es\/wp-content\/uploads\/sites\/17\/2014\/08\/hm8.jpg 600w, https:\/\/static-blogs.diariosur.es\/wp-content\/uploads\/sites\/17\/2014\/08\/hm8-232x300.jpg 232w\" sizes=\"(max-width: 600px) 100vw, 600px\" \/><\/a><p id=\"caption-attachment-4165\" class=\"wp-caption-text\">Abrigo jaspeado de H&M<\/p><\/div>\n<p>&nbsp;<\/p>\n<div id=\"attachment_4164\" style=\"width: 610px\" class=\"wp-caption aligncenter\"><a href=\"\/gracias-a-dior\/wp-content\/uploads\/sites\/17\/2014\/08\/hm7.jpg\"><img aria-describedby=\"caption-attachment-4164\" loading=\"lazy\" class=\"size-full wp-image-4164\" title=\"hm7\" src=\"\/gracias-a-dior\/wp-content\/uploads\/sites\/17\/2014\/08\/hm7.jpg\" alt=\"hm7\" width=\"600\" height=\"778\" srcset=\"https:\/\/static-blogs.diariosur.es\/wp-content\/uploads\/sites\/17\/2014\/08\/hm7.jpg 600w, https:\/\/static-blogs.diariosur.es\/wp-content\/uploads\/sites\/17\/2014\/08\/hm7-231x300.jpg 231w\" sizes=\"(max-width: 600px) 100vw, 600px\" \/><\/a><p id=\"caption-attachment-4164\" class=\"wp-caption-text\">El gris ser\u00e1 uno de los colores del oto\u00f1o-invierno<\/p><\/div>\n<p>&nbsp;<\/p>\n<div id=\"attachment_4163\" style=\"width: 610px\" class=\"wp-caption aligncenter\"><a href=\"\/gracias-a-dior\/wp-content\/uploads\/sites\/17\/2014\/08\/hm6.jpg\"><img aria-describedby=\"caption-attachment-4163\" loading=\"lazy\" class=\"size-full wp-image-4163\" title=\"hm6\" src=\"\/gracias-a-dior\/wp-content\/uploads\/sites\/17\/2014\/08\/hm6.jpg\" alt=\"hm6\" width=\"600\" height=\"773\" srcset=\"https:\/\/static-blogs.diariosur.es\/wp-content\/uploads\/sites\/17\/2014\/08\/hm6.jpg 600w, https:\/\/static-blogs.diariosur.es\/wp-content\/uploads\/sites\/17\/2014\/08\/hm6-233x300.jpg 233w\" sizes=\"(max-width: 600px) 100vw, 600px\" \/><\/a><p id=\"caption-attachment-4163\" class=\"wp-caption-text\">Las chupas de estilo biker vuelven una temporada m\u00e1s<\/p><\/div>\n<p>&nbsp;<\/p>\n<div id=\"attachment_4162\" style=\"width: 610px\" class=\"wp-caption aligncenter\"><a href=\"\/gracias-a-dior\/wp-content\/uploads\/sites\/17\/2014\/08\/hm51.jpg\"><img aria-describedby=\"caption-attachment-4162\" loading=\"lazy\" class=\"size-full wp-image-4162\" title=\"hm5\" src=\"\/gracias-a-dior\/wp-content\/uploads\/sites\/17\/2014\/08\/hm51.jpg\" alt=\"hm5\" width=\"600\" height=\"776\" srcset=\"https:\/\/static-blogs.diariosur.es\/wp-content\/uploads\/sites\/17\/2014\/08\/hm51.jpg 600w, https:\/\/static-blogs.diariosur.es\/wp-content\/uploads\/sites\/17\/2014\/08\/hm51-232x300.jpg 232w\" sizes=\"(max-width: 600px) 100vw, 600px\" \/><\/a><p id=\"caption-attachment-4162\" class=\"wp-caption-text\">Los jeans rotos son pura tendencia<\/p><\/div>\n<p>&nbsp;<\/p>\n<div id=\"attachment_4161\" style=\"width: 610px\" class=\"wp-caption aligncenter\"><a href=\"\/gracias-a-dior\/wp-content\/uploads\/sites\/17\/2014\/08\/hm41.jpg\"><img aria-describedby=\"caption-attachment-4161\" loading=\"lazy\" class=\"size-full wp-image-4161\" title=\"hm4\" src=\"\/gracias-a-dior\/wp-content\/uploads\/sites\/17\/2014\/08\/hm41.jpg\" alt=\"hm4\" width=\"600\" height=\"778\" srcset=\"https:\/\/static-blogs.diariosur.es\/wp-content\/uploads\/sites\/17\/2014\/08\/hm41.jpg 600w, https:\/\/static-blogs.diariosur.es\/wp-content\/uploads\/sites\/17\/2014\/08\/hm41-231x300.jpg 231w\" sizes=\"(max-width: 600px) 100vw, 600px\" \/><\/a><p id=\"caption-attachment-4161\" class=\"wp-caption-text\">La gabardina verde es una de las piezas que m\u00e1s ha gustado del cat\u00e1logo de H&M<\/p><\/div>\n<p>&nbsp;<\/p>\n<div id=\"attachment_4160\" style=\"width: 610px\" class=\"wp-caption aligncenter\"><a href=\"\/gracias-a-dior\/wp-content\/uploads\/sites\/17\/2014\/08\/hm31.jpg\"><img aria-describedby=\"caption-attachment-4160\" loading=\"lazy\" class=\"size-full wp-image-4160\" title=\"hm3\" src=\"\/gracias-a-dior\/wp-content\/uploads\/sites\/17\/2014\/08\/hm31.jpg\" alt=\"hm3\" width=\"600\" height=\"782\" srcset=\"https:\/\/static-blogs.diariosur.es\/wp-content\/uploads\/sites\/17\/2014\/08\/hm31.jpg 600w, https:\/\/static-blogs.diariosur.es\/wp-content\/uploads\/sites\/17\/2014\/08\/hm31-230x300.jpg 230w\" sizes=\"(max-width: 600px) 100vw, 600px\" \/><\/a><p id=\"caption-attachment-4160\" class=\"wp-caption-text\">Los pies volver\u00e1n a calzar peep toes<\/p><\/div>\n<p>&nbsp;<\/p>\n<div id=\"attachment_4159\" style=\"width: 610px\" class=\"wp-caption aligncenter\"><a href=\"\/gracias-a-dior\/wp-content\/uploads\/sites\/17\/2014\/08\/hm21.jpg\"><img aria-describedby=\"caption-attachment-4159\" loading=\"lazy\" class=\"size-full wp-image-4159\" title=\"hm2\" src=\"\/gracias-a-dior\/wp-content\/uploads\/sites\/17\/2014\/08\/hm21.jpg\" alt=\"hm2\" width=\"600\" height=\"776\" srcset=\"https:\/\/static-blogs.diariosur.es\/wp-content\/uploads\/sites\/17\/2014\/08\/hm21.jpg 600w, https:\/\/static-blogs.diariosur.es\/wp-content\/uploads\/sites\/17\/2014\/08\/hm21-232x300.jpg 232w\" sizes=\"(max-width: 600px) 100vw, 600px\" \/><\/a><p id=\"caption-attachment-4159\" class=\"wp-caption-text\">El estilo chandalero aportar\u00e1 comodidad a nuestro d\u00eda a d\u00eda<\/p><\/div>\n<p>&nbsp;<\/p>\n<div id=\"attachment_4157\" style=\"width: 610px\" class=\"wp-caption aligncenter\"><a href=\"\/gracias-a-dior\/wp-content\/uploads\/sites\/17\/2014\/08\/hm9ok.jpg\"><img aria-describedby=\"caption-attachment-4157\" loading=\"lazy\" class=\"size-full wp-image-4157\" title=\"hm9ok\" src=\"\/gracias-a-dior\/wp-content\/uploads\/sites\/17\/2014\/08\/hm9ok.jpg\" alt=\"hm9ok\" width=\"600\" height=\"725\" srcset=\"https:\/\/static-blogs.diariosur.es\/wp-content\/uploads\/sites\/17\/2014\/08\/hm9ok.jpg 600w, https:\/\/static-blogs.diariosur.es\/wp-content\/uploads\/sites\/17\/2014\/08\/hm9ok-248x300.jpg 248w\" sizes=\"(max-width: 600px) 100vw, 600px\" \/><\/a><p id=\"caption-attachment-4157\" class=\"wp-caption-text\">Las faldas de piel se llevar\u00e1n en todas sus formas<\/p><\/div>\n","protected":false},"excerpt":{"rendered":"<p>H&#038;M est\u00e1 que se sale. La firma sueca lo est\u00e1 dando todo en este final de verano en el que nos ha regalado su nueva web con tienda online incluida (era una de las pocas firmas que no ten\u00eda e-shop) y, ahora, nos ha avanzado c\u00f3mo ser\u00e1 su oto\u00f1o-invierno 2014 a trav\u00e9s de las im\u00e1genes [&hellip;]<\/p>\n","protected":false},"author":17,"featured_media":0,"comment_status":"open","ping_status":"open","sticky":false,"template":"","format":"standard","meta":[],"categories":[3],"tags":[88,363,384,625,1267,1485,1543,1648,2240,2342,2440,2740],"_links":{"self":[{"href":"https:\/\/blogs.diariosur.es\/gracias-a-dior\/wp-json\/wp\/v2\/posts\/4156"}],"collection":[{"href":"https:\/\/blogs.diariosur.es\/gracias-a-dior\/wp-json\/wp\/v2\/posts"}],"about":[{"href":"https:\/\/blogs.diariosur.es\/gracias-a-dior\/wp-json\/wp\/v2\/types\/post"}],"author":[{"embeddable":true,"href":"https:\/\/blogs.diariosur.es\/gracias-a-dior\/wp-json\/wp\/v2\/users\/17"}],"replies":[{"embeddable":true,"href":"https:\/\/blogs.diariosur.es\/gracias-a-dior\/wp-json\/wp\/v2\/comments?post=4156"}],"version-history":[{"count":0,"href":"https:\/\/blogs.diariosur.es\/gracias-a-dior\/wp-json\/wp\/v2\/posts\/4156\/revisions"}],"wp:attachment":[{"href":"https:\/\/blogs.diariosur.es\/gracias-a-dior\/wp-json\/wp\/v2\/media?parent=4156"}],"wp:term":[{"taxonomy":"category","embeddable":true,"href":"https:\/\/blogs.diariosur.es\/gracias-a-dior\/wp-json\/wp\/v2\/categories?post=4156"},{"taxonomy":"post_tag","embeddable":true,"href":"https:\/\/blogs.diariosur.es\/gracias-a-dior\/wp-json\/wp\/v2\/tags?post=4156"}],"curies":[{"name":"wp","href":"https:\/\/api.w.org\/{rel}","templated":true}]}}