{"id":4237,"date":"2014-10-06T14:08:48","date_gmt":"2014-10-06T12:08:48","guid":{"rendered":"http:\/\/blogs.diariosur.es\/gracias-a-dior\/?p=4237"},"modified":"2014-10-06T14:08:48","modified_gmt":"2014-10-06T12:08:48","slug":"asi-sera-la-coleccion-capsula-de-alexander-wang-para-hm","status":"publish","type":"post","link":"https:\/\/blogs.diariosur.es\/gracias-a-dior\/2014\/10\/06\/asi-sera-la-coleccion-capsula-de-alexander-wang-para-hm\/","title":{"rendered":"As\u00ed ser\u00e1 la colecci\u00f3n c\u00e1psula de Alexander Wang para H&#038;M"},"content":{"rendered":"<p><strong>Alexander Wang<\/strong> (San Francisco, 1984), uno de los <strong>dise\u00f1adores<\/strong> con m\u00e1s tir\u00f3n en Estados Unidos, va a ser el pr\u00f3ximo colaborador estrella de <strong>H&#038;M<\/strong>. La<strong> firma sueca<\/strong> no se olvida de sus <strong>colecciones c\u00e1psulas<\/strong> -con esta van quince- realizadas por grandes modistos del siglo XXI y por ello est\u00e1 a puntito de lanzar una l\u00ednea deportiva confeccionada por el <strong>director creativo<\/strong> de <strong>Balenciaga<\/strong>.<\/p>\n<p>Con el <strong>hagstag #AlexanderWangxHM<\/strong>, la firma sueca anunciaba el lanzamiento de esta uni\u00f3n hace unos meses. Un trabajo con el que el dise\u00f1ador californiano dejar\u00e1 su impronta en diversas piezas con las que sudar en el <strong>gimnasio<\/strong>. La fecha de salida de esta colaboraci\u00f3n de Alexander Wang ser\u00e1 el<strong> 6 de noviembre<\/strong> y ese d\u00eda<strong> 250 tiendas<\/strong> y la <strong>e-shop de H&#038;M<\/strong> se llenar\u00e1n de la magia creativa del dise\u00f1ador.<\/p>\n<p>A falta de un mes exacto para que salga esta l\u00ednea ya se pueden ver algunas piezas de las que se compondr\u00e1 esta colecci\u00f3n, con la que sin duda este invierno te pondr\u00e1s en forma con mucho estilo. La l\u00ednea no s\u00f3lo prestar\u00e1 atenci\u00f3n a la <strong>ropa<\/strong>, sino que los <strong>accesorios<\/strong> ser\u00e1n tambi\u00e9n fundamentales. <strong>Comodidad y vanguardia<\/strong> podr\u00edan definir esta colecci\u00f3n c\u00e1psula, que ha sido realizada en armon\u00eda con el equipo de dise\u00f1o de H&#038;M, que servir\u00e1 para acercar al gran p\u00fablico la visi\u00f3n de Alexander Wang.<\/p>\n<p>Para aquellos que no conozcan muy bien a Alexander Wang decir que este dise\u00f1ador californiano con antepasados taiwaneses es uno de los modistos con una de las<strong> carreras m\u00e1s mete\u00f3ricas<\/strong> en esto de\u00a0 la moda. Con 18 a\u00f1os se matricul\u00f3 en la escuela Parsons, de <strong>Nueva York<\/strong>, y tan s\u00f3lo dos a\u00f1os despu\u00e9s ya ten\u00eda su propia marca. Fue en 2012, cuando fich\u00f3 por Balenciaga tras el abandono de <strong>Nicolas Ghesqui\u00e8re<\/strong> (que se march\u00f3 a <strong>Louis Vuitton<\/strong>), dejando para esta firma de lujo sus<strong> trabajos m\u00e1s sobresalientes.<\/strong><\/p>\n<p>&nbsp;<\/p>\n<div id=\"attachment_4238\" style=\"width: 610px\" class=\"wp-caption aligncenter\"><a href=\"\/gracias-a-dior\/wp-content\/uploads\/sites\/17\/2014\/10\/alexander-wang.jpg\"><img aria-describedby=\"caption-attachment-4238\" loading=\"lazy\" class=\"size-full wp-image-4238\" title=\"Alexander Wang\" src=\"\/gracias-a-dior\/wp-content\/uploads\/sites\/17\/2014\/10\/alexander-wang.jpg\" alt=\"Alexander Wang\" width=\"600\" height=\"400\" srcset=\"https:\/\/static-blogs.diariosur.es\/wp-content\/uploads\/sites\/17\/2014\/10\/alexander-wang.jpg 600w, https:\/\/static-blogs.diariosur.es\/wp-content\/uploads\/sites\/17\/2014\/10\/alexander-wang-300x200.jpg 300w\" sizes=\"(max-width: 600px) 100vw, 600px\" \/><\/a><p id=\"caption-attachment-4238\" class=\"wp-caption-text\">Alexander Wang<\/p><\/div>\n<p>&nbsp;<\/p>\n<div id=\"attachment_4240\" style=\"width: 610px\" class=\"wp-caption aligncenter\"><a href=\"\/gracias-a-dior\/wp-content\/uploads\/sites\/17\/2014\/10\/hm1.jpg\"><img aria-describedby=\"caption-attachment-4240\" loading=\"lazy\" class=\"size-full wp-image-4240\" title=\"Practicar esqu\u00ed ser\u00e1 m\u00e1s futurista que nunca esta temporada\" src=\"\/gracias-a-dior\/wp-content\/uploads\/sites\/17\/2014\/10\/hm1.jpg\" alt=\"Practicar esqu\u00ed ser\u00e1 m\u00e1s futurista que nunca esta temporada\" width=\"600\" height=\"774\" srcset=\"https:\/\/static-blogs.diariosur.es\/wp-content\/uploads\/sites\/17\/2014\/10\/hm1.jpg 600w, https:\/\/static-blogs.diariosur.es\/wp-content\/uploads\/sites\/17\/2014\/10\/hm1-233x300.jpg 233w\" sizes=\"(max-width: 600px) 100vw, 600px\" \/><\/a><p id=\"caption-attachment-4240\" class=\"wp-caption-text\">Practicar esqu\u00ed ser\u00e1 m\u00e1s futurista que nunca esta temporada<\/p><\/div>\n<p>&nbsp;<\/p>\n<div id=\"attachment_4243\" style=\"width: 610px\" class=\"wp-caption aligncenter\"><a href=\"\/gracias-a-dior\/wp-content\/uploads\/sites\/17\/2014\/10\/hm5.jpg\"><img aria-describedby=\"caption-attachment-4243\" loading=\"lazy\" class=\"size-full wp-image-4243\" title=\"Los leggins tambi\u00e9n ser\u00e1n este invierno una prenda fetiche para ellos\" src=\"\/gracias-a-dior\/wp-content\/uploads\/sites\/17\/2014\/10\/hm5.jpg\" alt=\"Los leggins tambi\u00e9n ser\u00e1n este invierno una prenda fetiche para ellos\" width=\"600\" height=\"774\" srcset=\"https:\/\/static-blogs.diariosur.es\/wp-content\/uploads\/sites\/17\/2014\/10\/hm5.jpg 600w, https:\/\/static-blogs.diariosur.es\/wp-content\/uploads\/sites\/17\/2014\/10\/hm5-233x300.jpg 233w\" sizes=\"(max-width: 600px) 100vw, 600px\" \/><\/a><p id=\"caption-attachment-4243\" class=\"wp-caption-text\">Los leggins tambi\u00e9n ser\u00e1n este invierno una prenda fetiche para ellos<\/p><\/div>\n<p>&nbsp;<\/p>\n<div id=\"attachment_4239\" style=\"width: 610px\" class=\"wp-caption aligncenter\"><a href=\"\/gracias-a-dior\/wp-content\/uploads\/sites\/17\/2014\/10\/hm6.jpg\"><img aria-describedby=\"caption-attachment-4239\" loading=\"lazy\" class=\"size-full wp-image-4239\" title=\"Los colores grises y neutros, sin olvidar el metalizado, marcar\u00e1 esta colecci\u00f3n c\u00e1psula\" src=\"\/gracias-a-dior\/wp-content\/uploads\/sites\/17\/2014\/10\/hm6.jpg\" alt=\"Los colores grises y neutros, sin olvidar el metalizado, marcar\u00e1 esta colecci\u00f3n c\u00e1psula\" width=\"600\" height=\"774\" srcset=\"https:\/\/static-blogs.diariosur.es\/wp-content\/uploads\/sites\/17\/2014\/10\/hm6.jpg 600w, https:\/\/static-blogs.diariosur.es\/wp-content\/uploads\/sites\/17\/2014\/10\/hm6-233x300.jpg 233w\" sizes=\"(max-width: 600px) 100vw, 600px\" \/><\/a><p id=\"caption-attachment-4239\" class=\"wp-caption-text\">Los colores grises y neutros, sin olvidar el metalizado, marcar\u00e1 esta colecci\u00f3n c\u00e1psula<\/p><\/div>\n<p>&nbsp;<\/p>\n<div id=\"attachment_4242\" style=\"width: 610px\" class=\"wp-caption aligncenter\"><a href=\"\/gracias-a-dior\/wp-content\/uploads\/sites\/17\/2014\/10\/hm3.jpg\"><img aria-describedby=\"caption-attachment-4242\" loading=\"lazy\" class=\"size-full wp-image-4242\" title=\"El neopreno seguir\u00e1 esta temporada dando guerra\" src=\"\/gracias-a-dior\/wp-content\/uploads\/sites\/17\/2014\/10\/hm3.jpg\" alt=\"El neopreno seguir\u00e1 esta temporada dando guerra\" width=\"600\" height=\"774\" srcset=\"https:\/\/static-blogs.diariosur.es\/wp-content\/uploads\/sites\/17\/2014\/10\/hm3.jpg 600w, https:\/\/static-blogs.diariosur.es\/wp-content\/uploads\/sites\/17\/2014\/10\/hm3-233x300.jpg 233w\" sizes=\"(max-width: 600px) 100vw, 600px\" \/><\/a><p id=\"caption-attachment-4242\" class=\"wp-caption-text\">El neopreno seguir\u00e1 esta temporada dando guerra<\/p><\/div>\n<p>&nbsp;<\/p>\n<div id=\"attachment_4241\" style=\"width: 610px\" class=\"wp-caption aligncenter\"><a href=\"\/gracias-a-dior\/wp-content\/uploads\/sites\/17\/2014\/10\/hm2.jpg\"><img aria-describedby=\"caption-attachment-4241\" loading=\"lazy\" class=\"size-full wp-image-4241\" title=\"Alexander Wang firma sudaderas y calzonas\" src=\"\/gracias-a-dior\/wp-content\/uploads\/sites\/17\/2014\/10\/hm2.jpg\" alt=\"Alexander Wang firma sudaderas y calzonas\" width=\"600\" height=\"774\" srcset=\"https:\/\/static-blogs.diariosur.es\/wp-content\/uploads\/sites\/17\/2014\/10\/hm2.jpg 600w, https:\/\/static-blogs.diariosur.es\/wp-content\/uploads\/sites\/17\/2014\/10\/hm2-233x300.jpg 233w\" sizes=\"(max-width: 600px) 100vw, 600px\" \/><\/a><p id=\"caption-attachment-4241\" class=\"wp-caption-text\">Alexander Wang firma sudaderas y calzonas<\/p><\/div>\n","protected":false},"excerpt":{"rendered":"<p>Alexander Wang (San Francisco, 1984), uno de los dise\u00f1adores con m\u00e1s tir\u00f3n en Estados Unidos, va a ser el pr\u00f3ximo colaborador estrella de H&#038;M. La firma sueca no se olvida de sus colecciones c\u00e1psulas -con esta van quince- realizadas por grandes modistos del siglo XXI y por ello est\u00e1 a puntito de lanzar una l\u00ednea [&hellip;]<\/p>\n","protected":false},"author":17,"featured_media":0,"comment_status":"open","ping_status":"open","sticky":false,"template":"","format":"standard","meta":[],"categories":[3],"tags":[147,752,1028,1543,1858,3189],"_links":{"self":[{"href":"https:\/\/blogs.diariosur.es\/gracias-a-dior\/wp-json\/wp\/v2\/posts\/4237"}],"collection":[{"href":"https:\/\/blogs.diariosur.es\/gracias-a-dior\/wp-json\/wp\/v2\/posts"}],"about":[{"href":"https:\/\/blogs.diariosur.es\/gracias-a-dior\/wp-json\/wp\/v2\/types\/post"}],"author":[{"embeddable":true,"href":"https:\/\/blogs.diariosur.es\/gracias-a-dior\/wp-json\/wp\/v2\/users\/17"}],"replies":[{"embeddable":true,"href":"https:\/\/blogs.diariosur.es\/gracias-a-dior\/wp-json\/wp\/v2\/comments?post=4237"}],"version-history":[{"count":0,"href":"https:\/\/blogs.diariosur.es\/gracias-a-dior\/wp-json\/wp\/v2\/posts\/4237\/revisions"}],"wp:attachment":[{"href":"https:\/\/blogs.diariosur.es\/gracias-a-dior\/wp-json\/wp\/v2\/media?parent=4237"}],"wp:term":[{"taxonomy":"category","embeddable":true,"href":"https:\/\/blogs.diariosur.es\/gracias-a-dior\/wp-json\/wp\/v2\/categories?post=4237"},{"taxonomy":"post_tag","embeddable":true,"href":"https:\/\/blogs.diariosur.es\/gracias-a-dior\/wp-json\/wp\/v2\/tags?post=4237"}],"curies":[{"name":"wp","href":"https:\/\/api.w.org\/{rel}","templated":true}]}}