{"id":4248,"date":"2014-10-07T15:27:43","date_gmt":"2014-10-07T13:27:43","guid":{"rendered":"http:\/\/blogs.diariosur.es\/gracias-a-dior\/?p=4248"},"modified":"2014-10-07T15:27:43","modified_gmt":"2014-10-07T13:27:43","slug":"kate-moss-y-stella-mccartney-unidas-en-una-coleccion-contra-el-cancer-de-mama","status":"publish","type":"post","link":"https:\/\/blogs.diariosur.es\/gracias-a-dior\/2014\/10\/07\/kate-moss-y-stella-mccartney-unidas-en-una-coleccion-contra-el-cancer-de-mama\/","title":{"rendered":"Kate Moss y Stella McCartney, unidas en una colecci\u00f3n contra el c\u00e1ncer de mama"},"content":{"rendered":"<p>Dos iconos de la moda como son <strong>Kate Moss y Stella McCartney<\/strong> han unido sus esfuerzos para combatir el <strong>c\u00e1ncer de mama<\/strong>. Y es que en este mes dedicado a la lucha contra esta enfermedad, modelo y dise\u00f1adora han querido poner su granito de arena a la investigaci\u00f3n de este tumor que padecen millones de mujeres en el mundo y que Stella McCartney vivi\u00f3 de cerca con su madre.<\/p>\n<p>Kate Moss ha sido la imagen que ha escogido Stella McCartney para promocionar una l\u00ednea de lencer\u00eda creada para recaudar fondos para la <strong>asociaci\u00f3n Centro de la dise\u00f1adora<\/strong>. &#8220;Quer\u00eda recordar a las mujeres que cuando llevan este conjunto, lo primero que se ponen en la ma\u00f1ana, para mantenerse en la cima de su salud y visitar al m\u00e9dico con regularidad&#8221;, coment\u00f3 Stella McCartney.<\/p>\n<p>La<strong> l\u00ednea de lencer\u00eda<\/strong>, que se llama\u00a0<strong>Gemma Relaxing<\/strong>, es toda en <strong>rosa<\/strong>, el color con el que se relaciona la lucha contra el c\u00e1ncer de mama, y para la campa\u00f1a Kate Moss luce un sujetador de encaje rosa mostrando uno de sus pechos que queda cuidadosamente cubierto por el<strong> lazo rosa s\u00edmbolo universal de esta causa<\/strong>. &#8220;Yo quer\u00eda ser el punto de partida inicial de la conciencia de esta terrible enfermedad. No s\u00f3lo sirve como un recordatorio saludable, pero se ve muy bien, se adapta incre\u00edblemente bien, y es c\u00f3modo y elegante&#8221;, dice McCartney.<\/p>\n<p>Como es obvio, todo el dinero que se recaude con la venta de esta colecci\u00f3n de lencer\u00eda tendr\u00e1 un car\u00e1cter ben\u00e9fico, de tal manera que de los <strong>50 d\u00f3lares que cuesta, 27 ir\u00e1n destinados a la asociaci\u00f3n Stella McCartney.<\/strong><\/p>\n<p>&nbsp;<\/p>\n<div id=\"attachment_4249\" style=\"width: 610px\" class=\"wp-caption aligncenter\"><a href=\"\/gracias-a-dior\/wp-content\/uploads\/sites\/17\/2014\/10\/kate-mossok.jpg\"><img aria-describedby=\"caption-attachment-4249\" loading=\"lazy\" class=\"size-full wp-image-4249\" title=\"Kate Moss luce el sujetador de la campa\u00f1a\" src=\"\/gracias-a-dior\/wp-content\/uploads\/sites\/17\/2014\/10\/kate-mossok.jpg\" alt=\"Kate Moss luce el sujetador de la campa\u00f1a\" width=\"600\" height=\"900\" srcset=\"https:\/\/static-blogs.diariosur.es\/wp-content\/uploads\/sites\/17\/2014\/10\/kate-mossok.jpg 600w, https:\/\/static-blogs.diariosur.es\/wp-content\/uploads\/sites\/17\/2014\/10\/kate-mossok-200x300.jpg 200w\" sizes=\"(max-width: 600px) 100vw, 600px\" \/><\/a><p id=\"caption-attachment-4249\" class=\"wp-caption-text\">Kate Moss luce el sujetador de la campa\u00f1a<\/p><\/div>\n","protected":false},"excerpt":{"rendered":"<p>Dos iconos de la moda como son Kate Moss y Stella McCartney han unido sus esfuerzos para combatir el c\u00e1ncer de mama. Y es que en este mes dedicado a la lucha contra esta enfermedad, modelo y dise\u00f1adora han querido poner su granito de arena a la investigaci\u00f3n de este tumor que padecen millones de [&hellip;]<\/p>\n","protected":false},"author":20,"featured_media":0,"comment_status":"open","ping_status":"open","sticky":false,"template":"","format":"standard","meta":[],"categories":[3],"tags":[789,1429,1724,1917,2736,2918],"_links":{"self":[{"href":"https:\/\/blogs.diariosur.es\/gracias-a-dior\/wp-json\/wp\/v2\/posts\/4248"}],"collection":[{"href":"https:\/\/blogs.diariosur.es\/gracias-a-dior\/wp-json\/wp\/v2\/posts"}],"about":[{"href":"https:\/\/blogs.diariosur.es\/gracias-a-dior\/wp-json\/wp\/v2\/types\/post"}],"author":[{"embeddable":true,"href":"https:\/\/blogs.diariosur.es\/gracias-a-dior\/wp-json\/wp\/v2\/users\/20"}],"replies":[{"embeddable":true,"href":"https:\/\/blogs.diariosur.es\/gracias-a-dior\/wp-json\/wp\/v2\/comments?post=4248"}],"version-history":[{"count":0,"href":"https:\/\/blogs.diariosur.es\/gracias-a-dior\/wp-json\/wp\/v2\/posts\/4248\/revisions"}],"wp:attachment":[{"href":"https:\/\/blogs.diariosur.es\/gracias-a-dior\/wp-json\/wp\/v2\/media?parent=4248"}],"wp:term":[{"taxonomy":"category","embeddable":true,"href":"https:\/\/blogs.diariosur.es\/gracias-a-dior\/wp-json\/wp\/v2\/categories?post=4248"},{"taxonomy":"post_tag","embeddable":true,"href":"https:\/\/blogs.diariosur.es\/gracias-a-dior\/wp-json\/wp\/v2\/tags?post=4248"}],"curies":[{"name":"wp","href":"https:\/\/api.w.org\/{rel}","templated":true}]}}