{"id":4285,"date":"2014-10-15T16:30:03","date_gmt":"2014-10-15T14:30:03","guid":{"rendered":"http:\/\/blogs.diariosur.es\/gracias-a-dior\/?p=4285"},"modified":"2014-10-15T16:30:03","modified_gmt":"2014-10-15T14:30:03","slug":"giselle-bundchen-tampoco-se-resiste-a-unas-gotas-de-chanel-no5","status":"publish","type":"post","link":"https:\/\/blogs.diariosur.es\/gracias-a-dior\/2014\/10\/15\/giselle-bundchen-tampoco-se-resiste-a-unas-gotas-de-chanel-no5\/","title":{"rendered":"Giselle B\u00fcndchen tampoco se resiste a unas gotas de Chanel N\u00ba5"},"content":{"rendered":"<p>Hoy dejo de lado las colecciones y las tendencias, pero la ocasi\u00f3n lo merece y es que no hay nada mejor para la vista que asistir a las colaboraciones entre iconos de la moda. <strong>Chanel<\/strong>, la <strong>maison francesa<\/strong> referente del lujo y la elegancia, y <strong>Giselle B\u00fcndchen<\/strong>, la top mejor pagada del mundo, se unen para presentar el perfume -dicho con may\u00fasculas-, <strong>Chanel N\u00ba5<\/strong>. Una fragancia, que para su nuevo anuncio, ha contado tambi\u00e9n con otro genio del cine, el director<strong> Baz Luhrmann.<\/strong><\/p>\n<p>Este lunes, a dos d\u00edas de la presentaci\u00f3n oficial del spot, Chanel celebraba una fiesta por todo lo alto en el que todos los flashes se dirigieron hacia Giselle B\u00fcndchen. La<strong> modelo brasile\u00f1a <\/strong>apareci\u00f3 <strong>radiante<\/strong> y\u00a0 all\u00ed, entre tanta <strong>belleza<\/strong>,\u00a0 se ofreci\u00f3 un peque\u00f1o adelanto de lo que ser\u00e1 el <strong>spot<\/strong>, que justamente se emitir\u00e1 por primera vez al completo este mi\u00e9rcoles.<\/p>\n<div id=\"attachment_4287\" style=\"width: 610px\" class=\"wp-caption aligncenter\"><a href=\"\/gracias-a-dior\/wp-content\/uploads\/sites\/17\/2014\/10\/chanel.jpg\"><img aria-describedby=\"caption-attachment-4287\" loading=\"lazy\" class=\"size-full wp-image-4287\" title=\"Giselle B\u00fcndchen, en la fiesta que prepar\u00f3 Chanel\" src=\"\/gracias-a-dior\/wp-content\/uploads\/sites\/17\/2014\/10\/chanel.jpg\" alt=\"Giselle B\u00fcndchen, en la fiesta que prepar\u00f3 Chanel\" width=\"600\" height=\"901\" srcset=\"https:\/\/static-blogs.diariosur.es\/wp-content\/uploads\/sites\/17\/2014\/10\/chanel.jpg 600w, https:\/\/static-blogs.diariosur.es\/wp-content\/uploads\/sites\/17\/2014\/10\/chanel-200x300.jpg 200w\" sizes=\"(max-width: 600px) 100vw, 600px\" \/><\/a><p id=\"caption-attachment-4287\" class=\"wp-caption-text\">Giselle B\u00fcndchen, en la fiesta que prepar\u00f3 Chanel<\/p><\/div>\n<p>A la fiesta, adem\u00e1s de Giselle B\u00fcndchen, no faltaron otros maniqu\u00edes conocidos como <strong>Gigi Hadid, Caroline de Maigret, Karlie Kloss, Toni Garrn, Jon Kortajarena<\/strong> o el dise\u00f1ador <strong>Karl Lagerfeld<\/strong>. Y es que el perfume Chanel N\u00ba5 no merec\u00eda invitados de menor relevancia.<\/p>\n<p>El\u00a0 rodaje del nuevo anuncio del perfume por antonomasia, Chanel N\u00ba5, ha tenido como escenario parajes tan magn\u00edficos como <strong>Los Hamptons y\u00a0 Nueva York<\/strong> y bajo el ritmo de una nueva versi\u00f3n de todo un cl\u00e1sico de la m\u00fasica y del cine, <strong>You are the one that I want.<\/strong> \u00bfNo sab\u00e9is cu\u00e1l es esta <strong>canci\u00f3n<\/strong>? Pues seguro que la has bailado, porque es el tema m\u00e1s famoso de <strong>Grease<\/strong>, y que suena cuando <strong>Olivia Newton John<\/strong> enfundada con un traje de cueron se lanzaba, totalmente transformada, a por<strong> John Travolta<\/strong>.<\/p>\n<div id=\"attachment_4286\" style=\"width: 610px\" class=\"wp-caption aligncenter\"><a href=\"\/gracias-a-dior\/wp-content\/uploads\/sites\/17\/2014\/10\/chanel1.jpg\"><img aria-describedby=\"caption-attachment-4286\" loading=\"lazy\" class=\"size-full wp-image-4286\" title=\"Giselle B\u00fcndchen, en el rodaje del anuncio de Chanel N\u00ba5\" src=\"\/gracias-a-dior\/wp-content\/uploads\/sites\/17\/2014\/10\/chanel1.jpg\" alt=\"Giselle B\u00fcndchen, en el rodaje del anuncio de Chanel N\u00ba5\" width=\"600\" height=\"900\" srcset=\"https:\/\/static-blogs.diariosur.es\/wp-content\/uploads\/sites\/17\/2014\/10\/chanel1.jpg 600w, https:\/\/static-blogs.diariosur.es\/wp-content\/uploads\/sites\/17\/2014\/10\/chanel1-200x300.jpg 200w\" sizes=\"(max-width: 600px) 100vw, 600px\" \/><\/a><p id=\"caption-attachment-4286\" class=\"wp-caption-text\">Giselle B\u00fcndchen, en el rodaje del anuncio de Chanel N\u00ba5<\/p><\/div>\n<p>\u00bfQu\u00e9 no puedes aguantar m\u00e1s para ver el anuncio de <strong>Giselle B\u00fcnchen para Chanel<\/strong>? Pues, ah\u00ed os lo dejo. \u00a1Disfrutadlo!.<\/p>\n<p><iframe loading=\"lazy\" width=\"560\" height=\"315\" src=\"\/\/www.youtube-nocookie.com\/embed\/8asRWe5XNw8\" frameborder=\"0\" allowfullscreen><\/iframe><\/p>\n","protected":false},"excerpt":{"rendered":"<p>Hoy dejo de lado las colecciones y las tendencias, pero la ocasi\u00f3n lo merece y es que no hay nada mejor para la vista que asistir a las colaboraciones entre iconos de la moda. Chanel, la maison francesa referente del lujo y la elegancia, y Giselle B\u00fcndchen, la top mejor pagada del mundo, se unen [&hellip;]<\/p>\n","protected":false},"author":20,"featured_media":0,"comment_status":"open","ping_status":"open","sticky":false,"template":"","format":"standard","meta":[],"categories":[3],"tags":[226,323,667,668,1443,1482,1716,2911],"_links":{"self":[{"href":"https:\/\/blogs.diariosur.es\/gracias-a-dior\/wp-json\/wp\/v2\/posts\/4285"}],"collection":[{"href":"https:\/\/blogs.diariosur.es\/gracias-a-dior\/wp-json\/wp\/v2\/posts"}],"about":[{"href":"https:\/\/blogs.diariosur.es\/gracias-a-dior\/wp-json\/wp\/v2\/types\/post"}],"author":[{"embeddable":true,"href":"https:\/\/blogs.diariosur.es\/gracias-a-dior\/wp-json\/wp\/v2\/users\/20"}],"replies":[{"embeddable":true,"href":"https:\/\/blogs.diariosur.es\/gracias-a-dior\/wp-json\/wp\/v2\/comments?post=4285"}],"version-history":[{"count":0,"href":"https:\/\/blogs.diariosur.es\/gracias-a-dior\/wp-json\/wp\/v2\/posts\/4285\/revisions"}],"wp:attachment":[{"href":"https:\/\/blogs.diariosur.es\/gracias-a-dior\/wp-json\/wp\/v2\/media?parent=4285"}],"wp:term":[{"taxonomy":"category","embeddable":true,"href":"https:\/\/blogs.diariosur.es\/gracias-a-dior\/wp-json\/wp\/v2\/categories?post=4285"},{"taxonomy":"post_tag","embeddable":true,"href":"https:\/\/blogs.diariosur.es\/gracias-a-dior\/wp-json\/wp\/v2\/tags?post=4285"}],"curies":[{"name":"wp","href":"https:\/\/api.w.org\/{rel}","templated":true}]}}