{"id":4341,"date":"2014-10-28T14:51:47","date_gmt":"2014-10-28T13:51:47","guid":{"rendered":"http:\/\/blogs.diariosur.es\/gracias-a-dior\/?p=4341"},"modified":"2014-10-28T14:51:47","modified_gmt":"2014-10-28T13:51:47","slug":"la-coleccion-capsula-de-alexander-wang-para-hm-se-vendera-en-marbella","status":"publish","type":"post","link":"https:\/\/blogs.diariosur.es\/gracias-a-dior\/2014\/10\/28\/la-coleccion-capsula-de-alexander-wang-para-hm-se-vendera-en-marbella\/","title":{"rendered":"La colecci\u00f3n c\u00e1psula de Alexander Wang para H&#038;M se vender\u00e1 en Marbella"},"content":{"rendered":"<p>Buenas noticias para las seguidoras de <strong>Alexander Wang<\/strong>: su colecci\u00f3n c\u00e1psula para <strong>H&#038;M<\/strong> podr\u00e1 comprarse en <strong>Marbella<\/strong>. La colaboraci\u00f3n de <strong>Alexander Wang<\/strong> con la firma sueca, una de las m\u00e1s esperadas de este invierno,\u00a0 cuenta los d\u00edas para desembarcar en todo el mundo el 6 de noviembre. Sin embargo y ante la exclusividad que se le quiere dar a estas colecciones limitadas desde H&#038;M, no todas las tiendas iban a tener el privilegio de tener entre sus estantes las piezas m\u00e1s vanguardistas del dise\u00f1ador. Pues bien, la tienda de H&#038;M ubicada en el <strong>centro comercial de La Ca\u00f1ada de Marbella <\/strong>ha sido una de las seleccionadas por los altos mandos de la firma sueca -tan s\u00f3lo ser\u00e1n<strong> 7 los establecimientos espa\u00f1oles<\/strong> que tengan esta colecci\u00f3n- para que d\u00e9 cabida a esta l\u00ednea de la que ya se han avanzado<strong><a href=\"https:\/\/blogs.diariosur.es\/gracias-a-dior\/2014\/10\/06\/asi-sera-la-coleccion-capsula-de-alexander-wang-para-hm\/\"> cu\u00e1les ser\u00e1n las piezas <\/a><\/strong>que la compondr\u00e1n.<\/p>\n<p>Seg\u00fan est\u00e1 previsto, las tiendas abrir\u00e1n sus puertas a las<strong> 10.o0 horas del 6 de noviembre<\/strong> (a esa misma hora la colecci\u00f3n tambi\u00e9n se podr\u00e1 conseguir en la tienda online de H&#038;M en Espa\u00f1a) y la entrada a las mismas se llevar\u00e1 a cabo siguiendo el<strong> estricto sistema de turnos<\/strong> que ya se ha practicado en anteriores ocasiones. Desde H&#038;M calculan que en torno a las 12.00 o 13.00 horas se terminar\u00e1 el sistema de turnos y todo el mundo podr\u00e1 entrar al espacio reservado en cada tienda para la colecci\u00f3n despu\u00e9s de que termine la \u00faltima tanda de personas en la cola.<\/p>\n<p><strong>Las tiendas de H&#038;M que contar\u00e1n con los exclusivos dise\u00f1os de Alexander Wang son las siguientes:<\/strong><\/p>\n<p><strong>Barcelona:\u00a0 Paseo de Gracia, 9, y Avenida Diagonal, 579.<\/strong><\/p>\n<p><strong>Bilbao: Plaza Federico Moy\u00faa, 4.<\/strong><\/p>\n<p><strong>Madrid: Calle Gran V\u00eda, 32, y Calle Vel\u00e1zquez, 36.<\/strong><\/p>\n<p><strong>Marbella (M\u00e1laga): Centro Comercial La Ca\u00f1ada.<\/strong><\/p>\n<p><strong>Valencia: Calle Col\u00f3n, 34.<\/strong><\/p>\n<p>&nbsp;<\/p>\n<div id=\"attachment_4342\" style=\"width: 656px\" class=\"wp-caption aligncenter\"><a href=\"\/gracias-a-dior\/wp-content\/uploads\/sites\/17\/2014\/10\/alexander-wang1.jpg\"><img aria-describedby=\"caption-attachment-4342\" loading=\"lazy\" class=\"size-full wp-image-4342\" title=\"Alexander Wang\" src=\"\/gracias-a-dior\/wp-content\/uploads\/sites\/17\/2014\/10\/alexander-wang1.jpg\" alt=\"Alexander Wang\" width=\"646\" height=\"361\" srcset=\"https:\/\/static-blogs.diariosur.es\/wp-content\/uploads\/sites\/17\/2014\/10\/alexander-wang1.jpg 646w, https:\/\/static-blogs.diariosur.es\/wp-content\/uploads\/sites\/17\/2014\/10\/alexander-wang1-300x168.jpg 300w\" sizes=\"(max-width: 646px) 100vw, 646px\" \/><\/a><p id=\"caption-attachment-4342\" class=\"wp-caption-text\">Alexander Wang<\/p><\/div>\n","protected":false},"excerpt":{"rendered":"<p>Buenas noticias para las seguidoras de Alexander Wang: su colecci\u00f3n c\u00e1psula para H&#038;M podr\u00e1 comprarse en Marbella. La colaboraci\u00f3n de Alexander Wang con la firma sueca, una de las m\u00e1s esperadas de este invierno,\u00a0 cuenta los d\u00edas para desembarcar en todo el mundo el 6 de noviembre. Sin embargo y ante la exclusividad que se [&hellip;]<\/p>\n","protected":false},"author":20,"featured_media":0,"comment_status":"open","ping_status":"open","sticky":false,"template":"","format":"standard","meta":[],"categories":[3],"tags":[147,647,1543,1981],"_links":{"self":[{"href":"https:\/\/blogs.diariosur.es\/gracias-a-dior\/wp-json\/wp\/v2\/posts\/4341"}],"collection":[{"href":"https:\/\/blogs.diariosur.es\/gracias-a-dior\/wp-json\/wp\/v2\/posts"}],"about":[{"href":"https:\/\/blogs.diariosur.es\/gracias-a-dior\/wp-json\/wp\/v2\/types\/post"}],"author":[{"embeddable":true,"href":"https:\/\/blogs.diariosur.es\/gracias-a-dior\/wp-json\/wp\/v2\/users\/20"}],"replies":[{"embeddable":true,"href":"https:\/\/blogs.diariosur.es\/gracias-a-dior\/wp-json\/wp\/v2\/comments?post=4341"}],"version-history":[{"count":0,"href":"https:\/\/blogs.diariosur.es\/gracias-a-dior\/wp-json\/wp\/v2\/posts\/4341\/revisions"}],"wp:attachment":[{"href":"https:\/\/blogs.diariosur.es\/gracias-a-dior\/wp-json\/wp\/v2\/media?parent=4341"}],"wp:term":[{"taxonomy":"category","embeddable":true,"href":"https:\/\/blogs.diariosur.es\/gracias-a-dior\/wp-json\/wp\/v2\/categories?post=4341"},{"taxonomy":"post_tag","embeddable":true,"href":"https:\/\/blogs.diariosur.es\/gracias-a-dior\/wp-json\/wp\/v2\/tags?post=4341"}],"curies":[{"name":"wp","href":"https:\/\/api.w.org\/{rel}","templated":true}]}}