{"id":4575,"date":"2015-01-26T15:01:55","date_gmt":"2015-01-26T14:01:55","guid":{"rendered":"http:\/\/blogs.diariosur.es\/gracias-a-dior\/?p=4575"},"modified":"2015-01-26T15:01:55","modified_gmt":"2015-01-26T14:01:55","slug":"premios-del-sindicato-de-actores-2015-las-mejor-y-peor-vestidas-de-la-gala","status":"publish","type":"post","link":"https:\/\/blogs.diariosur.es\/gracias-a-dior\/2015\/01\/26\/premios-del-sindicato-de-actores-2015-las-mejor-y-peor-vestidas-de-la-gala\/","title":{"rendered":"Premios del Sindicato de Actores 2015: Las mejor y peor vestidas de la gala"},"content":{"rendered":"<p>Falta un mes escaso para que se den a conocer los<strong> Oscar 2015<\/strong> y se puedan ver a los actores m\u00e1s famosos de <strong>Hollywood<\/strong> luciendo sus mejores galas sobre la alfombra roja. Mientras y para hacer algo de tiempo, otros cert\u00e1menes de menor empaque que los Oscar, pero no de menos importancia (con ellos se puede saber m\u00e1s o menos c\u00f3mo se suceder\u00e1 los premios m\u00e1s importantes del cine) tambi\u00e9n sirven para ver a las int\u00e9rpretes m\u00e1s populares con sus mejores modelitos o al menos con los que a su gusto son los mejores.<\/p>\n<p>Si hace unas semanas tuvieron lugar los <a href=\"https:\/\/blogs.diariosur.es\/gracias-a-dior\/2015\/01\/12\/globos-de-oro-2015-las-mejor-y-peor-vestidas-de-la-gala\/\">Globos de Oro<\/a>, anoche se celebraron <strong><a href=\"http:\/\/pv.diariosur.srv.vocento.in\/culturas\/cine\/201501\/26\/birdman-triunfa-premios-sindicato-20150126081401-rc.html\" rel=\"external nofollow\">los Premios del Sindicato de Actore<\/a><\/strong>s, una gala en la que la pel\u00edcula Birdman triunf\u00f3, mientras que &#8216;Downton Abbey&#8217;, en la categor\u00eda de televisi\u00f3n, se alz\u00f3 el t\u00edtulo de mejor reparto de drama y &#8216;Orange is the New Black&#8217; hizo lo propio en el terreno de comedia. Pero galardones aparte, desde este blog nos centraremos en los estilismos que se pudieron ver sobre la red carpet (alfombra roja), para aprobar o suspender a las actrices m\u00e1s famosas del star-system.<\/p>\n<p><strong>Aprobados<\/strong><\/p>\n<p><strong>Sof\u00eda Vergara:<\/strong> la actriz colombiana no pas\u00f3 desapercibida y es que con su percha y con el espectacular dise\u00f1o rojo de <strong>Donna Karan Atelier,<\/strong> la actriz de Modern Family volvi\u00f3 a ser una vez m\u00e1s una de las m\u00e1s explosivas de la gala.<\/p>\n<div id=\"attachment_4576\" style=\"width: 810px\" class=\"wp-caption aligncenter\"><a href=\"\/gracias-a-dior\/wp-content\/uploads\/sites\/17\/2015\/01\/sofia-vergara.jpg\"><img aria-describedby=\"caption-attachment-4576\" loading=\"lazy\" class=\"size-full wp-image-4576\" title=\"Sof\u00eda Vergara\" src=\"\/gracias-a-dior\/wp-content\/uploads\/sites\/17\/2015\/01\/sofia-vergara.jpg\" alt=\"Sof\u00eda Vergara\" width=\"800\" height=\"1148\" srcset=\"https:\/\/static-blogs.diariosur.es\/wp-content\/uploads\/sites\/17\/2015\/01\/sofia-vergara.jpg 800w, https:\/\/static-blogs.diariosur.es\/wp-content\/uploads\/sites\/17\/2015\/01\/sofia-vergara-209x300.jpg 209w, https:\/\/static-blogs.diariosur.es\/wp-content\/uploads\/sites\/17\/2015\/01\/sofia-vergara-768x1102.jpg 768w, https:\/\/static-blogs.diariosur.es\/wp-content\/uploads\/sites\/17\/2015\/01\/sofia-vergara-714x1024.jpg 714w\" sizes=\"(max-width: 800px) 100vw, 800px\" \/><\/a><p id=\"caption-attachment-4576\" class=\"wp-caption-text\">Sof\u00eda Vergara<\/p><\/div>\n<p>&nbsp;<\/p>\n<p><strong>Reese Whiterspoon:<\/strong> la rubia m\u00e1s famosa del cine -desde que interpretara la pel\u00edcula Una rubia muy legal- fue de las m\u00e1s elegantes de la velada con un precioso dise\u00f1o blanco y muy sencillo de\u00a0<strong>Giorgio Armani.<\/strong> Un claro ejemplo de que menos es m\u00e1s.<\/p>\n<div id=\"attachment_4577\" style=\"width: 710px\" class=\"wp-caption aligncenter\"><a href=\"\/gracias-a-dior\/wp-content\/uploads\/sites\/17\/2015\/01\/reese-wheeterspoon.jpg\"><img aria-describedby=\"caption-attachment-4577\" loading=\"lazy\" class=\"size-full wp-image-4577\" title=\"Reese Witherspoon\" src=\"\/gracias-a-dior\/wp-content\/uploads\/sites\/17\/2015\/01\/reese-wheeterspoon.jpg\" alt=\"Reese Witherspoon\" width=\"700\" height=\"1019\" srcset=\"https:\/\/static-blogs.diariosur.es\/wp-content\/uploads\/sites\/17\/2015\/01\/reese-wheeterspoon.jpg 700w, https:\/\/static-blogs.diariosur.es\/wp-content\/uploads\/sites\/17\/2015\/01\/reese-wheeterspoon-206x300.jpg 206w\" sizes=\"(max-width: 700px) 100vw, 700px\" \/><\/a><p id=\"caption-attachment-4577\" class=\"wp-caption-text\">Reese Witherspoon<\/p><\/div>\n<p><strong>Lupita Nyong&#8217;o<\/strong>:\u00a0maravilloso el vestido de<strong> Elie Saab<\/strong> que eligi\u00f3 la actriz, con un estampado de lo m\u00e1s original que daba la sensaci\u00f3n de estar plisado.<\/p>\n<div id=\"attachment_4578\" style=\"width: 710px\" class=\"wp-caption aligncenter\"><a href=\"\/gracias-a-dior\/wp-content\/uploads\/sites\/17\/2015\/01\/lupita.jpg\"><img aria-describedby=\"caption-attachment-4578\" loading=\"lazy\" class=\"size-full wp-image-4578\" title=\"Lupita Nyong'o\" src=\"\/gracias-a-dior\/wp-content\/uploads\/sites\/17\/2015\/01\/lupita.jpg\" alt=\"Lupita Nyong'o\" width=\"700\" height=\"1109\" srcset=\"https:\/\/static-blogs.diariosur.es\/wp-content\/uploads\/sites\/17\/2015\/01\/lupita.jpg 700w, https:\/\/static-blogs.diariosur.es\/wp-content\/uploads\/sites\/17\/2015\/01\/lupita-189x300.jpg 189w, https:\/\/static-blogs.diariosur.es\/wp-content\/uploads\/sites\/17\/2015\/01\/lupita-646x1024.jpg 646w\" sizes=\"(max-width: 700px) 100vw, 700px\" \/><\/a><p id=\"caption-attachment-4578\" class=\"wp-caption-text\">Lupita Nyong&#39;o<\/p><\/div>\n<p><strong>Keira Knightley:<\/strong> No es que me fascine el dise\u00f1o de <strong>Erdem<\/strong> que escogi\u00f3 la pirata del Caribe, que se encuentra embarazada, pero teniendo en cuenta sus antecedentes en los Globos de Oro con aquel vestido <strong>Chanel<\/strong> de mariposas, este vestido la favorec\u00eda mucho m\u00e1s.<\/p>\n<p>&nbsp;<\/p>\n<div id=\"attachment_4580\" style=\"width: 710px\" class=\"wp-caption aligncenter\"><a href=\"\/gracias-a-dior\/wp-content\/uploads\/sites\/17\/2015\/01\/keyra-knightley1.jpg\"><img aria-describedby=\"caption-attachment-4580\" loading=\"lazy\" class=\"size-full wp-image-4580\" title=\"Keyra Knightley\" src=\"\/gracias-a-dior\/wp-content\/uploads\/sites\/17\/2015\/01\/keyra-knightley1.jpg\" alt=\"Keyra Knightley\" width=\"700\" height=\"1000\" srcset=\"https:\/\/static-blogs.diariosur.es\/wp-content\/uploads\/sites\/17\/2015\/01\/keyra-knightley1.jpg 700w, https:\/\/static-blogs.diariosur.es\/wp-content\/uploads\/sites\/17\/2015\/01\/keyra-knightley1-210x300.jpg 210w\" sizes=\"(max-width: 700px) 100vw, 700px\" \/><\/a><p id=\"caption-attachment-4580\" class=\"wp-caption-text\">Keyra Knightley<\/p><\/div>\n<p><strong>Suspensas<\/strong><\/p>\n<p>Los errores estil\u00edsticos estuvieron a la orden del d\u00eda y entre las peor vestidas destacan:<\/p>\n<p><strong>Jennifer Aniston:<\/strong> la actriz de <strong>Friends<\/strong> acudi\u00f3 con un escotad\u00edsimo vestido vintage de <strong>Galliano<\/strong>, que encima acentu\u00f3 con joyas de\u00a0<strong>joyas de Fred Leighton<\/strong>. Un estilismo nada apropiado, pero que s\u00ed consigui\u00f3 acaparar todos los flashes por razones m\u00e1s que obvias.<\/p>\n<div id=\"attachment_4581\" style=\"width: 710px\" class=\"wp-caption aligncenter\"><a href=\"\/gracias-a-dior\/wp-content\/uploads\/sites\/17\/2015\/01\/jennifer-aniston.jpg\"><img aria-describedby=\"caption-attachment-4581\" loading=\"lazy\" class=\"size-full wp-image-4581\" title=\"Jennifer Aniston\" src=\"\/gracias-a-dior\/wp-content\/uploads\/sites\/17\/2015\/01\/jennifer-aniston.jpg\" alt=\"Jennifer Aniston\" width=\"700\" height=\"1053\" srcset=\"https:\/\/static-blogs.diariosur.es\/wp-content\/uploads\/sites\/17\/2015\/01\/jennifer-aniston.jpg 700w, https:\/\/static-blogs.diariosur.es\/wp-content\/uploads\/sites\/17\/2015\/01\/jennifer-aniston-199x300.jpg 199w, https:\/\/static-blogs.diariosur.es\/wp-content\/uploads\/sites\/17\/2015\/01\/jennifer-aniston-681x1024.jpg 681w\" sizes=\"(max-width: 700px) 100vw, 700px\" \/><\/a><p id=\"caption-attachment-4581\" class=\"wp-caption-text\">Jennifer Aniston<\/p><\/div>\n<p><strong>Sarah Hyland:<\/strong> la joven actriz de la serie Modern Family escogi\u00f3 para la ocasi\u00f3n un dise\u00f1o de\u00a0<strong>Vera Wang<\/strong> con cuerpo de pedrer\u00eda, que no le terminaba de encajar en su delgado cuerpo, a pesar de que Sarah Hyland intenta emular \u00faltimamente a su compa\u00f1era de reparto Sof\u00eda Vergara.<\/p>\n<div id=\"attachment_4582\" style=\"width: 710px\" class=\"wp-caption aligncenter\"><a href=\"\/gracias-a-dior\/wp-content\/uploads\/sites\/17\/2015\/01\/sarah-highland.jpg\"><img aria-describedby=\"caption-attachment-4582\" loading=\"lazy\" class=\"size-full wp-image-4582\" title=\"Sarah Hyland\" src=\"\/gracias-a-dior\/wp-content\/uploads\/sites\/17\/2015\/01\/sarah-highland.jpg\" alt=\"Sarah Hyland\" width=\"700\" height=\"1113\" srcset=\"https:\/\/static-blogs.diariosur.es\/wp-content\/uploads\/sites\/17\/2015\/01\/sarah-highland.jpg 700w, https:\/\/static-blogs.diariosur.es\/wp-content\/uploads\/sites\/17\/2015\/01\/sarah-highland-189x300.jpg 189w, https:\/\/static-blogs.diariosur.es\/wp-content\/uploads\/sites\/17\/2015\/01\/sarah-highland-644x1024.jpg 644w\" sizes=\"(max-width: 700px) 100vw, 700px\" \/><\/a><p id=\"caption-attachment-4582\" class=\"wp-caption-text\">Sarah Hyland<\/p><\/div>\n<p><strong>Claire Danes:<\/strong> lo de la int\u00e9rprete de <strong>Homeland<\/strong> va para bingo. Si en los Globos de Oro no acert\u00f3, tampoco pas\u00f3 el corte en los Premios del Sindicato de Actores con un vestido verde botella de<strong> Marc Jacobs.<\/strong><\/p>\n<div id=\"attachment_4583\" style=\"width: 710px\" class=\"wp-caption aligncenter\"><a href=\"\/gracias-a-dior\/wp-content\/uploads\/sites\/17\/2015\/01\/claire-danesok.jpg\"><img aria-describedby=\"caption-attachment-4583\" loading=\"lazy\" class=\"size-full wp-image-4583\" title=\"Claire Danes\" src=\"\/gracias-a-dior\/wp-content\/uploads\/sites\/17\/2015\/01\/claire-danesok.jpg\" alt=\"Claire Danes\" width=\"700\" height=\"1063\" srcset=\"https:\/\/static-blogs.diariosur.es\/wp-content\/uploads\/sites\/17\/2015\/01\/claire-danesok.jpg 700w, https:\/\/static-blogs.diariosur.es\/wp-content\/uploads\/sites\/17\/2015\/01\/claire-danesok-198x300.jpg 198w, https:\/\/static-blogs.diariosur.es\/wp-content\/uploads\/sites\/17\/2015\/01\/claire-danesok-674x1024.jpg 674w\" sizes=\"(max-width: 700px) 100vw, 700px\" \/><\/a><p id=\"caption-attachment-4583\" class=\"wp-caption-text\">Claire Danes<\/p><\/div>\n<p><strong>Emma Stone:<\/strong> no convenci\u00f3\u00a0la actriz, que est\u00e1 en racha con Birdman, con este original dise\u00f1o de estilo boysh (masculino) de Christian Dior.<\/p>\n<div id=\"attachment_4584\" style=\"width: 710px\" class=\"wp-caption aligncenter\"><a href=\"\/gracias-a-dior\/wp-content\/uploads\/sites\/17\/2015\/01\/emma-stone1.jpg\"><img aria-describedby=\"caption-attachment-4584\" loading=\"lazy\" class=\"size-full wp-image-4584\" title=\"Emma Stone\" src=\"\/gracias-a-dior\/wp-content\/uploads\/sites\/17\/2015\/01\/emma-stone1.jpg\" alt=\"Emma Stone\" width=\"700\" height=\"837\" srcset=\"https:\/\/static-blogs.diariosur.es\/wp-content\/uploads\/sites\/17\/2015\/01\/emma-stone1.jpg 700w, https:\/\/static-blogs.diariosur.es\/wp-content\/uploads\/sites\/17\/2015\/01\/emma-stone1-251x300.jpg 251w\" sizes=\"(max-width: 700px) 100vw, 700px\" \/><\/a><p id=\"caption-attachment-4584\" class=\"wp-caption-text\">Emma Stone<\/p><\/div>\n<p>Para ver el resto de modelitos pincha en la <a href=\"http:\/\/www.diariosur.es\/fotos\/gente-estilo\/moda\/201501\/26\/premios-sindicato-actores-2015-3010945556144-mm.html\" rel=\"external nofollow\">galer\u00eda de fotos<\/a>.<\/p>\n<p>&nbsp;<\/p>\n<p>&nbsp;<\/p>\n","protected":false},"excerpt":{"rendered":"<p>Falta un mes escaso para que se den a conocer los Oscar 2015 y se puedan ver a los actores m\u00e1s famosos de Hollywood luciendo sus mejores galas sobre la alfombra roja. Mientras y para hacer algo de tiempo, otros cert\u00e1menes de menor empaque que los Oscar, pero no de menos importancia (con ellos se [&hellip;]<\/p>\n","protected":false},"author":20,"featured_media":0,"comment_status":"open","ping_status":"open","sticky":false,"template":"","format":"standard","meta":[],"categories":[3],"tags":[1406,2064,2451,2556,3220],"_links":{"self":[{"href":"https:\/\/blogs.diariosur.es\/gracias-a-dior\/wp-json\/wp\/v2\/posts\/4575"}],"collection":[{"href":"https:\/\/blogs.diariosur.es\/gracias-a-dior\/wp-json\/wp\/v2\/posts"}],"about":[{"href":"https:\/\/blogs.diariosur.es\/gracias-a-dior\/wp-json\/wp\/v2\/types\/post"}],"author":[{"embeddable":true,"href":"https:\/\/blogs.diariosur.es\/gracias-a-dior\/wp-json\/wp\/v2\/users\/20"}],"replies":[{"embeddable":true,"href":"https:\/\/blogs.diariosur.es\/gracias-a-dior\/wp-json\/wp\/v2\/comments?post=4575"}],"version-history":[{"count":0,"href":"https:\/\/blogs.diariosur.es\/gracias-a-dior\/wp-json\/wp\/v2\/posts\/4575\/revisions"}],"wp:attachment":[{"href":"https:\/\/blogs.diariosur.es\/gracias-a-dior\/wp-json\/wp\/v2\/media?parent=4575"}],"wp:term":[{"taxonomy":"category","embeddable":true,"href":"https:\/\/blogs.diariosur.es\/gracias-a-dior\/wp-json\/wp\/v2\/categories?post=4575"},{"taxonomy":"post_tag","embeddable":true,"href":"https:\/\/blogs.diariosur.es\/gracias-a-dior\/wp-json\/wp\/v2\/tags?post=4575"}],"curies":[{"name":"wp","href":"https:\/\/api.w.org\/{rel}","templated":true}]}}