{"id":4826,"date":"2015-06-07T01:00:35","date_gmt":"2015-06-06T23:00:35","guid":{"rendered":"http:\/\/blogs.diariosur.es\/gracias-a-dior\/?p=4826"},"modified":"2015-06-07T01:00:35","modified_gmt":"2015-06-06T23:00:35","slug":"la-ropa-de-bano-a-traves-del-tiempo","status":"publish","type":"post","link":"https:\/\/blogs.diariosur.es\/gracias-a-dior\/2015\/06\/07\/la-ropa-de-bano-a-traves-del-tiempo\/","title":{"rendered":"As\u00ed ha evolucionado tu ropa de ba\u00f1o: de los calcetines al trikini"},"content":{"rendered":"<p>Llevamos semanas hablando de la<strong> ropa de ba\u00f1o<\/strong> que har\u00e1 furor este verano. Los <strong>bikinis<\/strong> ser\u00e1n una vez m\u00e1s los reyes, aunque siempre seguidos del triquini y del ba\u00f1ador, que parece que va recuperando posiciones entre las preferencias de las chicas m\u00e1s fashionistas del planeta. Rayas marineras, texturas tan vanguardistas como el neopreno, flecos en el sujetador, colores fl\u00faor e, incluso, transparencias ser\u00e1n algunas de las pautas por las que se regir\u00e1n las prendas con las que nos ba\u00f1aremos y disfrutaremos de la playa o la piscina en los pr\u00f3ximos meses.<\/p>\n<div id=\"attachment_4828\" style=\"width: 710px\" class=\"wp-caption aligncenter\"><a href=\"\/gracias-a-dior\/wp-content\/uploads\/sites\/17\/2015\/06\/irina-shayk.jpg\"><img aria-describedby=\"caption-attachment-4828\" loading=\"lazy\" class=\"size-full wp-image-4828\" title=\"Irina Shayk posa en bikini para la portada de Sports Illustrated\" src=\"\/gracias-a-dior\/wp-content\/uploads\/sites\/17\/2015\/06\/irina-shayk.jpg\" alt=\"Irina Shayk posa en bikini para la portada de Sports Illustrated\" width=\"700\" height=\"955\" srcset=\"https:\/\/static-blogs.diariosur.es\/wp-content\/uploads\/sites\/17\/2015\/06\/irina-shayk.jpg 700w, https:\/\/static-blogs.diariosur.es\/wp-content\/uploads\/sites\/17\/2015\/06\/irina-shayk-220x300.jpg 220w\" sizes=\"(max-width: 700px) 100vw, 700px\" \/><\/a><p id=\"caption-attachment-4828\" class=\"wp-caption-text\">Irina Shayk posa en bikini para la portada de Sports Illustrated<\/p><\/div>\n<p>El bikini todos los veranos se presenta como la pieza m\u00e1s actual y siempre se eleva a lo m\u00e1s alto del podio, ganando de paliza a sus contrincantes, que no suelen hacerle sombra. Algo que es digno de elogiar sobre todo teniendo en cuenta que el bikini naci\u00f3 sobre el a\u00f1o \u00a01600 A.C., seg\u00fan se puede observar en los mosaicos que se descubrieron en una<strong> villa de Sicilia<\/strong>, en los que aparec\u00edan las im\u00e1genes de unas mujeres vestidas con una especie de ropa de ba\u00f1o formada por dos piezas. Un dato, que es bastante interesante, \u00bfverdad?. Sin embargo, fue el franc\u00e9s Louis R\u00e9ard quien el 3 de julio del 46 cre\u00f3 por primera vez una colecci\u00f3n de ropa de ba\u00f1o (&#8216;<strong>beachwear&#8217;<\/strong>, la llamar\u00edamos hoy), en la que por primera vez se inclu\u00eda el bikini, un dos piezas que obtuvo esta denominaci\u00f3n en honor a uno de los atolones de <strong>Marshall Islands, concretamente, el Bikini Atoll.<\/strong><\/p>\n<div id=\"attachment_4829\" style=\"width: 710px\" class=\"wp-caption aligncenter\"><a href=\"\/gracias-a-dior\/wp-content\/uploads\/sites\/17\/2015\/06\/marilyn.jpg\"><img aria-describedby=\"caption-attachment-4829\" loading=\"lazy\" class=\"size-full wp-image-4829\" title=\"Marilyn Monroe tambi\u00e9n sucumbi\u00f3 ante al bikini\" src=\"\/gracias-a-dior\/wp-content\/uploads\/sites\/17\/2015\/06\/marilyn.jpg\" alt=\"Marilyn Monroe tambi\u00e9n sucumbi\u00f3 ante al bikini\" width=\"700\" height=\"569\" srcset=\"https:\/\/static-blogs.diariosur.es\/wp-content\/uploads\/sites\/17\/2015\/06\/marilyn.jpg 700w, https:\/\/static-blogs.diariosur.es\/wp-content\/uploads\/sites\/17\/2015\/06\/marilyn-300x244.jpg 300w\" sizes=\"(max-width: 700px) 100vw, 700px\" \/><\/a><p id=\"caption-attachment-4829\" class=\"wp-caption-text\">Marilyn Monroe tambi\u00e9n sucumbi\u00f3 ante al bikini<\/p><\/div>\n<p>Por su parte, para llegar al nacimiento del ba\u00f1ador habr\u00eda que remontarse a finales del siglo XIX, exactamente, habr\u00eda que viajar a 1890, cuando esta prenda estaba formada por <strong>camisa pantal\u00f3n<\/strong> y \u00a1\u00a1<strong>calcetines<\/strong>!!. Ya en 1915 se eliminaron los calcetines, pero el ba\u00f1ador llevaba tanta tela que ponerse moreno era complicado, sin olvidar, el calor que deber\u00edan pasar aquellas personas.<\/p>\n<p>El a\u00f1o al que le tendremos que dar las gracias por dar una vuelta de tuerca a esta pieza ic\u00f3nica es 1930, fecha en la que aparece el primer ba\u00f1ador. Eso s\u00ed, pesaba<strong> m\u00e1s de tres kilos mojado<\/strong>. Desde luego que hab\u00eda que estar en forma para llevarlo. La culpa del peso era que se realizaban en lana. Pero la mujer vio la salvaci\u00f3n en un nuevo material, la <strong>lycra<\/strong> que lleg\u00f3 en <strong>1960<\/strong> para liberar a las f\u00e9minas de todo el planeta de tan pesada condena.<\/p>\n<div id=\"attachment_4838\" style=\"width: 710px\" class=\"wp-caption aligncenter\"><a href=\"\/gracias-a-dior\/wp-content\/uploads\/sites\/17\/2015\/06\/banadores-lana.jpg\"><img aria-describedby=\"caption-attachment-4838\" loading=\"lazy\" class=\"size-full wp-image-4838\" title=\"Ba\u00f1adores masculinos y femeninos de lana\" src=\"\/gracias-a-dior\/wp-content\/uploads\/sites\/17\/2015\/06\/banadores-lana.jpg\" alt=\"Ba\u00f1adores masculinos y femeninos de lana\" width=\"700\" height=\"977\" srcset=\"https:\/\/static-blogs.diariosur.es\/wp-content\/uploads\/sites\/17\/2015\/06\/banadores-lana.jpg 700w, https:\/\/static-blogs.diariosur.es\/wp-content\/uploads\/sites\/17\/2015\/06\/banadores-lana-215x300.jpg 215w\" sizes=\"(max-width: 700px) 100vw, 700px\" \/><\/a><p id=\"caption-attachment-4838\" class=\"wp-caption-text\">Ba\u00f1adores masculinos y femeninos de lana<\/p><\/div>\n<div id=\"attachment_4827\" style=\"width: 710px\" class=\"wp-caption aligncenter\"><a href=\"\/gracias-a-dior\/wp-content\/uploads\/sites\/17\/2015\/06\/banadores.jpg\"><img aria-describedby=\"caption-attachment-4827\" loading=\"lazy\" class=\"size-full wp-image-4827\" title=\"La ropa de ba\u00f1o ha vivido una transformaci\u00f3n incre\u00edble\" src=\"\/gracias-a-dior\/wp-content\/uploads\/sites\/17\/2015\/06\/banadores.jpg\" alt=\"La ropa de ba\u00f1o ha vivido una transformaci\u00f3n incre\u00edble\" width=\"700\" height=\"564\" srcset=\"https:\/\/static-blogs.diariosur.es\/wp-content\/uploads\/sites\/17\/2015\/06\/banadores.jpg 700w, https:\/\/static-blogs.diariosur.es\/wp-content\/uploads\/sites\/17\/2015\/06\/banadores-300x242.jpg 300w\" sizes=\"(max-width: 700px) 100vw, 700px\" \/><\/a><p id=\"caption-attachment-4827\" class=\"wp-caption-text\">La ropa de ba\u00f1o ha vivido una transformaci\u00f3n incre\u00edble<\/p><\/div>\n<p>Mientras, el <strong>trikini<\/strong>, que parece que es un invento de hace unos pocos a\u00f1os, es ya un cuarent\u00f3n en toda regla. Surgi\u00f3 en 1971 y famosas del momento como \u00darsula Andress o Brigitte Bardot ya se encapricharon de esta nueva prenda de ba\u00f1o, que desped\u00eda glamour y elegancia a partes iguales.<\/p>\n<p>Alucinante, \u00bfno cre\u00e9is?. Pues, a continuaci\u00f3n, os dejo un v\u00eddeo en el que se hace un resumen de la evoluci\u00f3n de la ropa de ba\u00f1o en los \u00faltimos 100 a\u00f1os, m\u00e1s explicativo &#8230; imposible.<\/p>\n<p><iframe loading=\"lazy\" src=\"https:\/\/www.youtube.com\/embed\/GX1_2-o1kik\" frameborder=\"0\" width=\"560\" height=\"315\"><\/iframe><\/p>\n<p>&nbsp;<\/p>\n","protected":false},"excerpt":{"rendered":"<p>Llevamos semanas hablando de la ropa de ba\u00f1o que har\u00e1 furor este verano. Los bikinis ser\u00e1n una vez m\u00e1s los reyes, aunque siempre seguidos del triquini y del ba\u00f1ador, que parece que va recuperando posiciones entre las preferencias de las chicas m\u00e1s fashionistas del planeta. Rayas marineras, texturas tan vanguardistas como el neopreno, flecos en [&hellip;]<\/p>\n","protected":false},"author":20,"featured_media":0,"comment_status":"open","ping_status":"open","sticky":false,"template":"","format":"standard","meta":[],"categories":[3],"tags":[297,365,1240,2723,3127],"_links":{"self":[{"href":"https:\/\/blogs.diariosur.es\/gracias-a-dior\/wp-json\/wp\/v2\/posts\/4826"}],"collection":[{"href":"https:\/\/blogs.diariosur.es\/gracias-a-dior\/wp-json\/wp\/v2\/posts"}],"about":[{"href":"https:\/\/blogs.diariosur.es\/gracias-a-dior\/wp-json\/wp\/v2\/types\/post"}],"author":[{"embeddable":true,"href":"https:\/\/blogs.diariosur.es\/gracias-a-dior\/wp-json\/wp\/v2\/users\/20"}],"replies":[{"embeddable":true,"href":"https:\/\/blogs.diariosur.es\/gracias-a-dior\/wp-json\/wp\/v2\/comments?post=4826"}],"version-history":[{"count":0,"href":"https:\/\/blogs.diariosur.es\/gracias-a-dior\/wp-json\/wp\/v2\/posts\/4826\/revisions"}],"wp:attachment":[{"href":"https:\/\/blogs.diariosur.es\/gracias-a-dior\/wp-json\/wp\/v2\/media?parent=4826"}],"wp:term":[{"taxonomy":"category","embeddable":true,"href":"https:\/\/blogs.diariosur.es\/gracias-a-dior\/wp-json\/wp\/v2\/categories?post=4826"},{"taxonomy":"post_tag","embeddable":true,"href":"https:\/\/blogs.diariosur.es\/gracias-a-dior\/wp-json\/wp\/v2\/tags?post=4826"}],"curies":[{"name":"wp","href":"https:\/\/api.w.org\/{rel}","templated":true}]}}