{"id":4932,"date":"2015-09-12T00:00:52","date_gmt":"2015-09-11T22:00:52","guid":{"rendered":"http:\/\/blogs.diariosur.es\/gracias-a-dior\/?p=4932"},"modified":"2015-09-12T00:00:52","modified_gmt":"2015-09-11T22:00:52","slug":"los-bolsos-de-las-bloggers-tienen-un-nombre-tita-madrid","status":"publish","type":"post","link":"https:\/\/blogs.diariosur.es\/gracias-a-dior\/2015\/09\/12\/los-bolsos-de-las-bloggers-tienen-un-nombre-tita-madrid\/","title":{"rendered":"Los bolsos de las bloggers tienen un nombre: Tita Madrid"},"content":{"rendered":"<p>Este verano, junto a las colchonetas con forma de comida y las poses haciendo el muerto en la piscina, en las cuentas de Instagram de las blogueras espa\u00f1olas ha sido visto un mismo bolso, en diferentes colores, pero misma forma y accesorios. De car\u00e1cter elegante y con un pomp\u00f3n colgando de uno de sus extremos ese bolso ha levantado curiosidad y expectaci\u00f3n entre los seguidores de estas j\u00f3venes <strong>bloggers<\/strong>.<\/p>\n<p><strong>Alexandra Pereira, de Lovely Pepa; Natalia Cabezas, de Trendy Taste, o Sara Escudero, alter ego de Collage Vintage<\/strong> han sido algunas de esas blogueras que han sucumbido al encanto de la firma<strong> <a href=\"http:\/\/www.titamadrid.com\/\" rel=\"external nofollow\">Tita Madrid<\/a><\/strong>. Una marca, que al principio se le\u00eda en las entradas de las diferentes redes sociales de estas chicas y sonaba casi a chino y \u00a0unos pocos meses despu\u00e9s leemos ese nombre y parece que se ha estado toda la vida junto a \u00e9l.<\/p>\n<div id=\"attachment_4934\" style=\"width: 710px\" class=\"wp-caption aligncenter\"><a href=\"\/gracias-a-dior\/wp-content\/uploads\/sites\/17\/2015\/09\/collage-vintage.jpg\"><img aria-describedby=\"caption-attachment-4934\" loading=\"lazy\" class=\"size-full wp-image-4934\" title=\"Collage Vintage lo llev\u00f3 en su visita a los Hamptons este pasado mes de agosto\" src=\"\/gracias-a-dior\/wp-content\/uploads\/sites\/17\/2015\/09\/collage-vintage.jpg\" alt=\"Collage Vintage lo llev\u00f3 en su visita a los Hamptons este pasado mes de agosto\" width=\"700\" height=\"467\" srcset=\"https:\/\/static-blogs.diariosur.es\/wp-content\/uploads\/sites\/17\/2015\/09\/collage-vintage.jpg 700w, https:\/\/static-blogs.diariosur.es\/wp-content\/uploads\/sites\/17\/2015\/09\/collage-vintage-300x200.jpg 300w\" sizes=\"(max-width: 700px) 100vw, 700px\" \/><\/a><p id=\"caption-attachment-4934\" class=\"wp-caption-text\">Collage Vintage lo llev\u00f3 en su visita a los Hamptons este pasado mes de agosto<\/p><\/div>\n<p>&nbsp;<\/p>\n<div id=\"attachment_4935\" style=\"width: 710px\" class=\"wp-caption aligncenter\"><a href=\"\/gracias-a-dior\/wp-content\/uploads\/sites\/17\/2015\/09\/lovelypepa.jpg\"><img aria-describedby=\"caption-attachment-4935\" loading=\"lazy\" class=\"size-full wp-image-4935\" title=\"Lovely Pepa tambi\u00e9n cay\u00f3 en sus redes\" src=\"\/gracias-a-dior\/wp-content\/uploads\/sites\/17\/2015\/09\/lovelypepa.jpg\" alt=\"Lovely Pepa tambi\u00e9n cay\u00f3 en sus redes\" width=\"700\" height=\"1050\" srcset=\"https:\/\/static-blogs.diariosur.es\/wp-content\/uploads\/sites\/17\/2015\/09\/lovelypepa.jpg 700w, https:\/\/static-blogs.diariosur.es\/wp-content\/uploads\/sites\/17\/2015\/09\/lovelypepa-200x300.jpg 200w, https:\/\/static-blogs.diariosur.es\/wp-content\/uploads\/sites\/17\/2015\/09\/lovelypepa-683x1024.jpg 683w\" sizes=\"(max-width: 700px) 100vw, 700px\" \/><\/a><p id=\"caption-attachment-4935\" class=\"wp-caption-text\">Lovely Pepa tambi\u00e9n cay\u00f3 en sus redes<\/p><\/div>\n<p>&nbsp;<\/p>\n<div id=\"attachment_4940\" style=\"width: 710px\" class=\"wp-caption aligncenter\"><a href=\"\/gracias-a-dior\/wp-content\/uploads\/sites\/17\/2015\/09\/trendytaste.jpg\"><img aria-describedby=\"caption-attachment-4940\" loading=\"lazy\" class=\"size-full wp-image-4940\" title=\"Natalia Cabezas de Trendy Taste, tambi\u00e9n lo ha lucido este verano\" src=\"\/gracias-a-dior\/wp-content\/uploads\/sites\/17\/2015\/09\/trendytaste.jpg\" alt=\"Natalia Cabezas de Trendy Taste, tambi\u00e9n lo ha lucido este verano\" width=\"700\" height=\"699\" srcset=\"https:\/\/static-blogs.diariosur.es\/wp-content\/uploads\/sites\/17\/2015\/09\/trendytaste.jpg 700w, https:\/\/static-blogs.diariosur.es\/wp-content\/uploads\/sites\/17\/2015\/09\/trendytaste-150x150.jpg 150w, https:\/\/static-blogs.diariosur.es\/wp-content\/uploads\/sites\/17\/2015\/09\/trendytaste-300x300.jpg 300w\" sizes=\"(max-width: 700px) 100vw, 700px\" \/><\/a><p id=\"caption-attachment-4940\" class=\"wp-caption-text\">Natalia Cabezas de Trendy Taste, tambi\u00e9n lo ha lucido este verano<\/p><\/div>\n<p>Pues lo mejor, es que si te han gustado los modelos que estas chicas han lucido, los que vienen en la pr\u00f3xima<strong> colecci\u00f3n oto\u00f1o-invierno 2015-2016<\/strong> son tambi\u00e9n una aut\u00e9ntica delicia. Entre las caracter\u00edsticas que se mantienen, perdura su cl\u00e1sico cierre con forma de tri\u00e1ngulo, pero \u00a0sus formas y materiales se multiplican.<strong> Bolsos tipo saco, de shopping o de mano, los denominados clutch<\/strong>, son algunas de las diversas opciones -junto con esos mini bolsos confeccionados en ante que son una aut\u00e9ntica locura- que desde <strong>Tita Madrid<\/strong> han lanzado para que caigas en la dulce tentaci\u00f3n de tener uno de ellos.<\/p>\n<p>El famoso pomp\u00f3n era el broche de oro para esta firma de bolsos, para esta nueva temporada el aplique fetiche ser\u00e1 un tri\u00e1ngulo (esta figura geom\u00e9trica es como se ha dicho la se\u00f1a de identidad de Tita Madrid) con <strong>flecos (que arrasar\u00e1n una vez m\u00e1s como detalle en prendas y complementos)<\/strong>, que se podr\u00e1 escoger en<strong> color rosa palo, amarillo, burdeos o turquesa.<\/strong><\/p>\n<div id=\"attachment_4933\" style=\"width: 710px\" class=\"wp-caption aligncenter\"><a href=\"\/gracias-a-dior\/wp-content\/uploads\/sites\/17\/2015\/09\/apliques.jpg\"><img aria-describedby=\"caption-attachment-4933\" loading=\"lazy\" class=\"size-full wp-image-4933\" title=\"Los diferentes apliques que podr\u00e1s escoger para poner la guinda a tu Tita Madrid\" src=\"\/gracias-a-dior\/wp-content\/uploads\/sites\/17\/2015\/09\/apliques.jpg\" alt=\"Los diferentes apliques que podr\u00e1s escoger para poner la guinda a tu Tita Madrid\" width=\"700\" height=\"570\" srcset=\"https:\/\/static-blogs.diariosur.es\/wp-content\/uploads\/sites\/17\/2015\/09\/apliques.jpg 700w, https:\/\/static-blogs.diariosur.es\/wp-content\/uploads\/sites\/17\/2015\/09\/apliques-300x244.jpg 300w\" sizes=\"(max-width: 700px) 100vw, 700px\" \/><\/a><p id=\"caption-attachment-4933\" class=\"wp-caption-text\">Los diferentes apliques que podr\u00e1s escoger para poner la guinda a tu Tita Madrid<\/p><\/div>\n<p>&nbsp;<\/p>\n<div id=\"attachment_4936\" style=\"width: 710px\" class=\"wp-caption aligncenter\"><a href=\"\/gracias-a-dior\/wp-content\/uploads\/sites\/17\/2015\/09\/tita-madrid.jpg\"><img aria-describedby=\"caption-attachment-4936\" loading=\"lazy\" class=\"size-full wp-image-4936\" title=\"La piel de serpiente estar\u00e1 presente en la pr\u00f3xima temporada de Tita Madrid\" src=\"\/gracias-a-dior\/wp-content\/uploads\/sites\/17\/2015\/09\/tita-madrid.jpg\" alt=\"La piel de serpiente estar\u00e1 presente en la pr\u00f3xima temporada de Tita Madrid\" width=\"700\" height=\"501\" srcset=\"https:\/\/static-blogs.diariosur.es\/wp-content\/uploads\/sites\/17\/2015\/09\/tita-madrid.jpg 700w, https:\/\/static-blogs.diariosur.es\/wp-content\/uploads\/sites\/17\/2015\/09\/tita-madrid-300x215.jpg 300w\" sizes=\"(max-width: 700px) 100vw, 700px\" \/><\/a><p id=\"caption-attachment-4936\" class=\"wp-caption-text\">La piel de serpiente estar\u00e1 presente en la pr\u00f3xima temporada de Tita Madrid<\/p><\/div>\n<p>&nbsp;<\/p>\n<div id=\"attachment_4938\" style=\"width: 710px\" class=\"wp-caption aligncenter\"><a href=\"\/gracias-a-dior\/wp-content\/uploads\/sites\/17\/2015\/09\/tita-madrid2.jpg\"><img aria-describedby=\"caption-attachment-4938\" loading=\"lazy\" class=\"size-full wp-image-4938\" title=\"Los bolsos tipo saco pegar\u00e1n fuerte la pr\u00f3xima temporada\" src=\"\/gracias-a-dior\/wp-content\/uploads\/sites\/17\/2015\/09\/tita-madrid2.jpg\" alt=\"Los bolsos tipo saco pegar\u00e1n fuerte la pr\u00f3xima temporada\" width=\"700\" height=\"425\" srcset=\"https:\/\/static-blogs.diariosur.es\/wp-content\/uploads\/sites\/17\/2015\/09\/tita-madrid2.jpg 700w, https:\/\/static-blogs.diariosur.es\/wp-content\/uploads\/sites\/17\/2015\/09\/tita-madrid2-300x182.jpg 300w\" sizes=\"(max-width: 700px) 100vw, 700px\" \/><\/a><p id=\"caption-attachment-4938\" class=\"wp-caption-text\">Los bolsos tipo saco pegar\u00e1n fuerte la pr\u00f3xima temporada<\/p><\/div>\n<p>&nbsp;<\/p>\n<div id=\"attachment_4937\" style=\"width: 710px\" class=\"wp-caption aligncenter\"><a href=\"\/gracias-a-dior\/wp-content\/uploads\/sites\/17\/2015\/09\/tita-madrid1.jpg\"><img aria-describedby=\"caption-attachment-4937\" loading=\"lazy\" class=\"size-full wp-image-4937\" title=\"Los bolsos m\u00e1s peque\u00f1os son ideales para esas citas especiales\" src=\"\/gracias-a-dior\/wp-content\/uploads\/sites\/17\/2015\/09\/tita-madrid1.jpg\" alt=\"Los bolsos m\u00e1s peque\u00f1os son ideales para esas citas especiales\" width=\"700\" height=\"289\" srcset=\"https:\/\/static-blogs.diariosur.es\/wp-content\/uploads\/sites\/17\/2015\/09\/tita-madrid1.jpg 700w, https:\/\/static-blogs.diariosur.es\/wp-content\/uploads\/sites\/17\/2015\/09\/tita-madrid1-300x124.jpg 300w\" sizes=\"(max-width: 700px) 100vw, 700px\" \/><\/a><p id=\"caption-attachment-4937\" class=\"wp-caption-text\">Los bolsos m\u00e1s peque\u00f1os son ideales para esas citas especiales<\/p><\/div>\n<p>&nbsp;<\/p>\n<div id=\"attachment_4939\" style=\"width: 710px\" class=\"wp-caption aligncenter\"><a href=\"\/gracias-a-dior\/wp-content\/uploads\/sites\/17\/2015\/09\/tita-madrid3.jpg\"><img aria-describedby=\"caption-attachment-4939\" loading=\"lazy\" class=\"size-full wp-image-4939\" title=\"El cierre con forma de tri\u00e1ngulo sigue siendo el sello de Tita Madrid\" src=\"\/gracias-a-dior\/wp-content\/uploads\/sites\/17\/2015\/09\/tita-madrid3.jpg\" alt=\"El cierre con forma de tri\u00e1ngulo sigue siendo el sello de Tita Madrid\" width=\"700\" height=\"289\" srcset=\"https:\/\/static-blogs.diariosur.es\/wp-content\/uploads\/sites\/17\/2015\/09\/tita-madrid3.jpg 700w, https:\/\/static-blogs.diariosur.es\/wp-content\/uploads\/sites\/17\/2015\/09\/tita-madrid3-300x124.jpg 300w\" sizes=\"(max-width: 700px) 100vw, 700px\" \/><\/a><p id=\"caption-attachment-4939\" class=\"wp-caption-text\">El cierre con forma de tri\u00e1ngulo sigue siendo el sello de Tita Madrid<\/p><\/div>\n","protected":false},"excerpt":{"rendered":"<p>Este verano, junto a las colchonetas con forma de comida y las poses haciendo el muerto en la piscina, en las cuentas de Instagram de las blogueras espa\u00f1olas ha sido visto un mismo bolso, en diferentes colores, pero misma forma y accesorios. De car\u00e1cter elegante y con un pomp\u00f3n colgando de uno de sus extremos [&hellip;]<\/p>\n","protected":false},"author":20,"featured_media":0,"comment_status":"open","ping_status":"open","sticky":false,"template":"","format":"standard","meta":[],"categories":[3],"tags":[428,798,1911,3054,3115],"_links":{"self":[{"href":"https:\/\/blogs.diariosur.es\/gracias-a-dior\/wp-json\/wp\/v2\/posts\/4932"}],"collection":[{"href":"https:\/\/blogs.diariosur.es\/gracias-a-dior\/wp-json\/wp\/v2\/posts"}],"about":[{"href":"https:\/\/blogs.diariosur.es\/gracias-a-dior\/wp-json\/wp\/v2\/types\/post"}],"author":[{"embeddable":true,"href":"https:\/\/blogs.diariosur.es\/gracias-a-dior\/wp-json\/wp\/v2\/users\/20"}],"replies":[{"embeddable":true,"href":"https:\/\/blogs.diariosur.es\/gracias-a-dior\/wp-json\/wp\/v2\/comments?post=4932"}],"version-history":[{"count":0,"href":"https:\/\/blogs.diariosur.es\/gracias-a-dior\/wp-json\/wp\/v2\/posts\/4932\/revisions"}],"wp:attachment":[{"href":"https:\/\/blogs.diariosur.es\/gracias-a-dior\/wp-json\/wp\/v2\/media?parent=4932"}],"wp:term":[{"taxonomy":"category","embeddable":true,"href":"https:\/\/blogs.diariosur.es\/gracias-a-dior\/wp-json\/wp\/v2\/categories?post=4932"},{"taxonomy":"post_tag","embeddable":true,"href":"https:\/\/blogs.diariosur.es\/gracias-a-dior\/wp-json\/wp\/v2\/tags?post=4932"}],"curies":[{"name":"wp","href":"https:\/\/api.w.org\/{rel}","templated":true}]}}