{"id":4952,"date":"2015-09-25T00:00:05","date_gmt":"2015-09-24T22:00:05","guid":{"rendered":"http:\/\/blogs.diariosur.es\/gracias-a-dior\/?p=4952"},"modified":"2015-09-25T00:00:05","modified_gmt":"2015-09-24T22:00:05","slug":"y-el-uniforme-colegial-mas-estiloso-del-mundo-es-de-leon","status":"publish","type":"post","link":"https:\/\/blogs.diariosur.es\/gracias-a-dior\/2015\/09\/25\/y-el-uniforme-colegial-mas-estiloso-del-mundo-es-de-leon\/","title":{"rendered":"Y el uniforme colegial m\u00e1s estiloso del mundo es&#8230; de Le\u00f3n"},"content":{"rendered":"<p>La moda se extiende por lugares que van m\u00e1s all\u00e1 de las pasarelas y el street style de blogueros, sino que, incluso, en los colegios el ir de manera estilosa vestidos es todo un objetivo prioritario. Cuando los centros educativos no utilizan uniforme el reto es m\u00e1s f\u00e1cil de cumplir, pero \u00bfqu\u00e9 pasa cuando hay uniforme? Pues que las chicas intentan acortarse la falda y ellos se dejan los pantalones algo m\u00e1s anchos y ca\u00eddos para intentar verse lo mejor posible, aunque se juegen una reprimenda de alguno de los profesores.<\/p>\n<p>Ahora, este mito de que ir al cole uniformado no es estiloso se va a romper, despu\u00e9s que haya salido publicada una informaci\u00f3n de la revista Vogue, la biblia de la moda, sobre los equipamientos escolares m\u00e1s fashion del mundo. Un ranking de 14 colegios, en el que el ganador ha sido para un colegio espa\u00f1ol, concretamente, de Le\u00f3n.<\/p>\n<p>El uniforme escolar del Colegio Leon\u00e9s, que es como se llama el centro, se caracteriza por el uso de los tonos granate y el azul marino, y ha sido bendecido por Vogue como el modelo a seguir, ya que seg\u00fan el reportaje los uniformes eran &#8220;m\u00e1s estilosos que escolares&#8221;. El culpable de que este colegio se haya convertido en el referente de modo del buen vestir escolar ha sido el fot\u00f3grafo Tim Graham, de Getty Images, que fue el que caz\u00f3 en el a\u00f1o 2012, a un grupo de estudiantes del Colegio Leon\u00e9s, en la calle Sacramento.<\/p>\n<p>Evidentemente, el colegio se ha sentido muy halagado ante tal menci\u00f3n, por ello, no han dudado en compartir la noticia en Facebook, donde ha sido objeto de m\u00faltiples comentarios.<\/p>\n<p>El colegio Leon\u00e9s ha tenido que competir duramente con algunas escuelas cuyos equipamientos eran bastante ex\u00f3ticos como\u00a0los vestidos camiseros completados con trenzas rematadas con un lazo azul de Galle Port (Sri Lanka); los trajes de chaqueta grises con cuello de beb\u00e9, \u00a0boina y deportivas de Tokio; o con los prestigiosos alumnos del Christ\u2019s Hospital de West Sussex, que visten con un cintur\u00f3n de cuero en la cintura y lazada blanca al cuello.<\/p>\n<p>&nbsp;<\/p>\n<div id=\"attachment_4954\" style=\"width: 654px\" class=\"wp-caption aligncenter\"><a href=\"\/gracias-a-dior\/wp-content\/uploads\/sites\/17\/2015\/09\/uniforme-vogue.jpg\"><img aria-describedby=\"caption-attachment-4954\" loading=\"lazy\" class=\"size-full wp-image-4954\" title=\"Los estudiantes del colegio Leon\u00e9s. \/ Vogue\" src=\"\/gracias-a-dior\/wp-content\/uploads\/sites\/17\/2015\/09\/uniforme-vogue.jpg\" alt=\"Los estudiantes del colegio Leon\u00e9s. \/ Vogue\" width=\"644\" height=\"362\" srcset=\"https:\/\/static-blogs.diariosur.es\/wp-content\/uploads\/sites\/17\/2015\/09\/uniforme-vogue.jpg 644w, https:\/\/static-blogs.diariosur.es\/wp-content\/uploads\/sites\/17\/2015\/09\/uniforme-vogue-300x169.jpg 300w\" sizes=\"(max-width: 644px) 100vw, 644px\" \/><\/a><p id=\"caption-attachment-4954\" class=\"wp-caption-text\">Los estudiantes del colegio Leon\u00e9s. \/ Vogue<\/p><\/div>\n<p>&nbsp;<\/p>\n<div id=\"attachment_4953\" style=\"width: 654px\" class=\"wp-caption aligncenter\"><a href=\"\/gracias-a-dior\/wp-content\/uploads\/sites\/17\/2015\/09\/uniforme.jpg\"><img aria-describedby=\"caption-attachment-4953\" loading=\"lazy\" class=\"size-full wp-image-4953\" title=\"Gr\u00e1fico de los uniformes del centro educativo\" src=\"\/gracias-a-dior\/wp-content\/uploads\/sites\/17\/2015\/09\/uniforme.jpg\" alt=\"Gr\u00e1fico de los uniformes del centro educativo\" width=\"644\" height=\"644\" srcset=\"https:\/\/static-blogs.diariosur.es\/wp-content\/uploads\/sites\/17\/2015\/09\/uniforme.jpg 644w, https:\/\/static-blogs.diariosur.es\/wp-content\/uploads\/sites\/17\/2015\/09\/uniforme-150x150.jpg 150w, https:\/\/static-blogs.diariosur.es\/wp-content\/uploads\/sites\/17\/2015\/09\/uniforme-300x300.jpg 300w\" sizes=\"(max-width: 644px) 100vw, 644px\" \/><\/a><p id=\"caption-attachment-4953\" class=\"wp-caption-text\">Gr\u00e1fico de los uniformes del centro educativo. \/ Colegio Leon\u00e9s<\/p><\/div>\n","protected":false},"excerpt":{"rendered":"<p>La moda se extiende por lugares que van m\u00e1s all\u00e1 de las pasarelas y el street style de blogueros, sino que, incluso, en los colegios el ir de manera estilosa vestidos es todo un objetivo prioritario. Cuando los centros educativos no utilizan uniforme el reto es m\u00e1s f\u00e1cil de cumplir, pero \u00bfqu\u00e9 pasa cuando hay [&hellip;]<\/p>\n","protected":false},"author":20,"featured_media":0,"comment_status":"open","ping_status":"open","sticky":false,"template":"","format":"standard","meta":[],"categories":[3],"tags":[793,3165,3284],"_links":{"self":[{"href":"https:\/\/blogs.diariosur.es\/gracias-a-dior\/wp-json\/wp\/v2\/posts\/4952"}],"collection":[{"href":"https:\/\/blogs.diariosur.es\/gracias-a-dior\/wp-json\/wp\/v2\/posts"}],"about":[{"href":"https:\/\/blogs.diariosur.es\/gracias-a-dior\/wp-json\/wp\/v2\/types\/post"}],"author":[{"embeddable":true,"href":"https:\/\/blogs.diariosur.es\/gracias-a-dior\/wp-json\/wp\/v2\/users\/20"}],"replies":[{"embeddable":true,"href":"https:\/\/blogs.diariosur.es\/gracias-a-dior\/wp-json\/wp\/v2\/comments?post=4952"}],"version-history":[{"count":0,"href":"https:\/\/blogs.diariosur.es\/gracias-a-dior\/wp-json\/wp\/v2\/posts\/4952\/revisions"}],"wp:attachment":[{"href":"https:\/\/blogs.diariosur.es\/gracias-a-dior\/wp-json\/wp\/v2\/media?parent=4952"}],"wp:term":[{"taxonomy":"category","embeddable":true,"href":"https:\/\/blogs.diariosur.es\/gracias-a-dior\/wp-json\/wp\/v2\/categories?post=4952"},{"taxonomy":"post_tag","embeddable":true,"href":"https:\/\/blogs.diariosur.es\/gracias-a-dior\/wp-json\/wp\/v2\/tags?post=4952"}],"curies":[{"name":"wp","href":"https:\/\/api.w.org\/{rel}","templated":true}]}}