{"id":5134,"date":"2016-04-16T00:00:50","date_gmt":"2016-04-15T22:00:50","guid":{"rendered":"http:\/\/blogs.diariosur.es\/gracias-a-dior\/?p=5134"},"modified":"2016-04-16T00:00:50","modified_gmt":"2016-04-15T22:00:50","slug":"boxer-braids-aprende-paso-a-paso-a-hacerte-el-peinado-de-temporada","status":"publish","type":"post","link":"https:\/\/blogs.diariosur.es\/gracias-a-dior\/2016\/04\/16\/boxer-braids-aprende-paso-a-paso-a-hacerte-el-peinado-de-temporada\/","title":{"rendered":"Boxer braids: aprende paso a paso a hacerte el peinado de la temporada"},"content":{"rendered":"<p>La <strong>trenza<\/strong> ha sido uno de los peinados de moda de las \u00faltimas temporadas. Tras varios a\u00f1os en el olvido, la <strong>trenza<\/strong> reapareci\u00f3 por la puerta grande como manera de recogerse el pelo. La de <strong>dos cabos -una de mis preferidas-<\/strong> se convirti\u00f3 en el<strong> recogido rom\u00e1ntico<\/strong> por excelencia, adem\u00e1s, de ser <strong>clave<\/strong> en los <strong>looks de inspiraci\u00f3n boho y como opci\u00f3n estil\u00edstica para bodas, bautizos y comuniones<\/strong>; mientras que la <strong>trenza normal<\/strong> tend\u00eda a hacerse gruesa y deshilachada, de hecho, a m\u00e1s deshecha el resultado era mucho mejor.<\/p>\n<p>Ahora, en esta temporada, el tipo de trenza que est\u00e1 arrasando es la<strong> boxer braid<\/strong> o lo que es lo mismo la <strong>trenza boxeadora<\/strong>, un nombre que le ha sido dado porque era el peinado t\u00edpico que llevaban las mujeres que practicaban boxeo, por ejemplo, la actriz <strong>Hillary Swank<\/strong> la luci\u00f3 en la oscarizada pel\u00edcula <strong>Million Dollar Baby.<\/strong> Sin embargo, a pesar de que las posibilidades de <strong>boxer braids<\/strong> son infinitas (puesto que te puedes hacer en la cabeza tantas como quieras), las que est\u00e1n pegando fuerte, nunca mejor dicho, son las\u00a0<strong>double dutch braids<\/strong>, que para que os hag\u00e1is una idea son las que luci\u00f3 <strong><a href=\"https:\/\/www.instagram.com\/kimkardashian\/?hl=es\" rel=\"external nofollow\">Kim Kardashian<\/a><\/strong> y con ella el resto de <strong>celebrities<\/strong> como <strong>Karlie Kloss o Jennifer Lopez<\/strong> y <strong>bloggers<\/strong> tan importantes como la italiana <strong><a href=\"https:\/\/www.instagram.com\/chiaraferragni\/?hl=es\" rel=\"external nofollow\">Chiara Ferragni<\/a><\/strong>.<\/p>\n<div id=\"attachment_5141\" style=\"width: 710px\" class=\"wp-caption aligncenter\"><a href=\"\/gracias-a-dior\/wp-content\/uploads\/sites\/17\/2016\/04\/boxer-braids-celebrities.jpg\"><img aria-describedby=\"caption-attachment-5141\" loading=\"lazy\" class=\"size-full wp-image-5141\" title=\"Iggy Azalea, Kim Kardashian y Jennifer Lopez lucen las boxer braids\" src=\"\/gracias-a-dior\/wp-content\/uploads\/sites\/17\/2016\/04\/boxer-braids-celebrities.jpg\" alt=\"Iggy Azalea, Kim Kardashian y Jennifer Lopez lucen las boxer braids\" width=\"700\" height=\"419\" srcset=\"https:\/\/static-blogs.diariosur.es\/wp-content\/uploads\/sites\/17\/2016\/04\/boxer-braids-celebrities.jpg 700w, https:\/\/static-blogs.diariosur.es\/wp-content\/uploads\/sites\/17\/2016\/04\/boxer-braids-celebrities-300x180.jpg 300w\" sizes=\"(max-width: 700px) 100vw, 700px\" \/><\/a><p id=\"caption-attachment-5141\" class=\"wp-caption-text\">Iggy Azalea, Kim Kardashian y Jennifer Lopez lucen las boxer braids<\/p><\/div>\n<p>Se trata de un peinado muy sport, muy c\u00f3modo y que tiene la ventaja de salvarte la vida esos d\u00edas en los que el pelo no pasa por su mejor momento (vamos que est\u00e1 sucio) y la pereza o una agenda apretada impide darse un lavado de cabeza en condiciones. Pues bien, vamos al grano, si quieres lucir como toda una <strong>celebritie<\/strong> toma nota que en<strong> Gracias a Dior<\/strong> te explicamos paso a paso como conseguir el peinado de temporada:<\/p>\n<p><strong>1.-<\/strong> Peina y desenreda bien el cabello. En el caso de que tengas un pelo encrespado, lo suyo es que hagas uso de una plancha\u00a0utiliza lo alises alisar primero el cabello.<\/p>\n<div id=\"attachment_5136\" style=\"width: 710px\" class=\"wp-caption aligncenter\"><a href=\"\/gracias-a-dior\/wp-content\/uploads\/sites\/17\/2016\/04\/boxer-braids2.jpg\"><img aria-describedby=\"caption-attachment-5136\" loading=\"lazy\" class=\"size-full wp-image-5136\" title=\"Lo primero es peinar y dividir la melena por la mitad\" src=\"\/gracias-a-dior\/wp-content\/uploads\/sites\/17\/2016\/04\/boxer-braids2.jpg\" alt=\"Lo primero es peinar y dividir la melena por la mitad\" width=\"700\" height=\"375\" srcset=\"https:\/\/static-blogs.diariosur.es\/wp-content\/uploads\/sites\/17\/2016\/04\/boxer-braids2.jpg 700w, https:\/\/static-blogs.diariosur.es\/wp-content\/uploads\/sites\/17\/2016\/04\/boxer-braids2-300x161.jpg 300w\" sizes=\"(max-width: 700px) 100vw, 700px\" \/><\/a><p id=\"caption-attachment-5136\" class=\"wp-caption-text\">Lo primero es peinar y dividir la melena por la mitad. \/ Carli Bybel<\/p><\/div>\n<p><strong>2.-<\/strong> Divide el pelo por la mitad de la cabeza y empieza a realizar trenzas de ra\u00edz, es decir, dividir cada mitad de pelo\u00a0en\u00a0tres cabos\u00a0en la zona de la\u00a0frente e ir trenzando hacia la nuca al mismo tiempo que se va\u00a0a\u00f1adiendo cabello\u00a0de los laterales. Esta es la parte complicada del peinado, ya que las trenzas son invertidas, por lo que el movimiento del trenzado debe ser el contrario que se lleva a cabo habitualmente. No obstante,\u00a0para que no te l\u00edes la explicaci\u00f3n ser\u00eda la siguiente: cogemos los tres mechones que vayamos a trenzar\u00a0como si fu\u00e9ramos a hacer una trenza atr\u00e1s y dejar el pelo suelto. A continuaci\u00f3n se trenzan los tres mechones y\u00a0tan s\u00f3lo se hace un trenzado, para una vez realizadas tomar tres mechones m\u00e1s del pelo para juntarlos con los mechones iniciales y as\u00ed sucesivamente.<\/p>\n<div id=\"attachment_5137\" style=\"width: 710px\" class=\"wp-caption aligncenter\"><a href=\"\/gracias-a-dior\/wp-content\/uploads\/sites\/17\/2016\/04\/boxer-braids3.jpg\"><img aria-describedby=\"caption-attachment-5137\" loading=\"lazy\" class=\"size-full wp-image-5137\" title=\"Divide el primer mech\u00f3n en tres secciones\" src=\"\/gracias-a-dior\/wp-content\/uploads\/sites\/17\/2016\/04\/boxer-braids3.jpg\" alt=\"Divide el primer mech\u00f3n en tres secciones\" width=\"700\" height=\"362\" srcset=\"https:\/\/static-blogs.diariosur.es\/wp-content\/uploads\/sites\/17\/2016\/04\/boxer-braids3.jpg 700w, https:\/\/static-blogs.diariosur.es\/wp-content\/uploads\/sites\/17\/2016\/04\/boxer-braids3-300x155.jpg 300w\" sizes=\"(max-width: 700px) 100vw, 700px\" \/><\/a><p id=\"caption-attachment-5137\" class=\"wp-caption-text\">Divide el primer mech\u00f3n en tres secciones. \/ Carli Bybel<\/p><\/div>\n<p>&nbsp;<\/p>\n<div id=\"attachment_5138\" style=\"width: 710px\" class=\"wp-caption aligncenter\"><a href=\"\/gracias-a-dior\/wp-content\/uploads\/sites\/17\/2016\/04\/boxer-braids4.jpg\"><img aria-describedby=\"caption-attachment-5138\" loading=\"lazy\" class=\"size-full wp-image-5138\" title=\"Realiza una trenza invertida\" src=\"\/gracias-a-dior\/wp-content\/uploads\/sites\/17\/2016\/04\/boxer-braids4.jpg\" alt=\"Realiza una trenza invertida\" width=\"700\" height=\"357\" srcset=\"https:\/\/static-blogs.diariosur.es\/wp-content\/uploads\/sites\/17\/2016\/04\/boxer-braids4.jpg 700w, https:\/\/static-blogs.diariosur.es\/wp-content\/uploads\/sites\/17\/2016\/04\/boxer-braids4-300x153.jpg 300w\" sizes=\"(max-width: 700px) 100vw, 700px\" \/><\/a><p id=\"caption-attachment-5138\" class=\"wp-caption-text\">Realiza una trenza invertida. \/ Carli Bybel<\/p><\/div>\n<div id=\"attachment_5139\" style=\"width: 710px\" class=\"wp-caption aligncenter\"><a href=\"\/gracias-a-dior\/wp-content\/uploads\/sites\/17\/2016\/04\/boxer-braids5.jpg\"><img aria-describedby=\"caption-attachment-5139\" loading=\"lazy\" class=\"size-full wp-image-5139\" title=\"Trenza de manera normal la parte de la cola\" src=\"\/gracias-a-dior\/wp-content\/uploads\/sites\/17\/2016\/04\/boxer-braids5.jpg\" alt=\"Trenza de manera normal la parte de la cola\" width=\"700\" height=\"358\" srcset=\"https:\/\/static-blogs.diariosur.es\/wp-content\/uploads\/sites\/17\/2016\/04\/boxer-braids5.jpg 700w, https:\/\/static-blogs.diariosur.es\/wp-content\/uploads\/sites\/17\/2016\/04\/boxer-braids5-300x153.jpg 300w\" sizes=\"(max-width: 700px) 100vw, 700px\" \/><\/a><p id=\"caption-attachment-5139\" class=\"wp-caption-text\">Trenza de manera normal la parte de la cola. \/ Carli Bybel<\/p><\/div>\n<p><strong>3.-<\/strong> Un consejo que dan los peluqueros es usar laca o un gel fijador sobre el cabello h\u00famedo para que las boxer braids queden m\u00e1s pulidas y de paso lograr un efecto wet (mojado). Adem\u00e1s, aunque estas trenzas quedan mejor en aquellas chicas que tienen mucha cantidad de pelo, si quieres dar la sensaci\u00f3n de que tienes un mayor volumen, una vez que las tengas hechas, tendr\u00e1s que tirar levemente\u00a0de los\u00a0mechones\u00a0de pelo para que queden\u00a0ahuecadas.<\/p>\n<div id=\"attachment_5140\" style=\"width: 710px\" class=\"wp-caption aligncenter\"><a href=\"\/gracias-a-dior\/wp-content\/uploads\/sites\/17\/2016\/04\/boxer-braids6.jpg\"><img aria-describedby=\"caption-attachment-5140\" loading=\"lazy\" class=\"size-full wp-image-5140\" title=\"Ahueca la trenza para dar la sensaci\u00f3n de mayor volumen\" src=\"\/gracias-a-dior\/wp-content\/uploads\/sites\/17\/2016\/04\/boxer-braids6.jpg\" alt=\"Ahueca la trenza para dar la sensaci\u00f3n de mayor volumen\" width=\"700\" height=\"360\" srcset=\"https:\/\/static-blogs.diariosur.es\/wp-content\/uploads\/sites\/17\/2016\/04\/boxer-braids6.jpg 700w, https:\/\/static-blogs.diariosur.es\/wp-content\/uploads\/sites\/17\/2016\/04\/boxer-braids6-300x154.jpg 300w\" sizes=\"(max-width: 700px) 100vw, 700px\" \/><\/a><p id=\"caption-attachment-5140\" class=\"wp-caption-text\">Ahueca la trenza para dar la sensaci\u00f3n de mayor volumen. \/ Carli Bybel<\/p><\/div>\n<p><strong>4.-<\/strong> Para finalizar, cierra las trenzas con gomillas\u00a0invisibles.<\/p>\n<div id=\"attachment_5135\" style=\"width: 710px\" class=\"wp-caption aligncenter\"><a href=\"\/gracias-a-dior\/wp-content\/uploads\/sites\/17\/2016\/04\/boxer-braids.jpg\"><img aria-describedby=\"caption-attachment-5135\" loading=\"lazy\" class=\"size-full wp-image-5135\" title=\"\u00a1Voil\u00e0! unas perfectas boxer braids\" src=\"\/gracias-a-dior\/wp-content\/uploads\/sites\/17\/2016\/04\/boxer-braids.jpg\" alt=\"\u00a1Voil\u00e0! unas perfectas boxer braids\" width=\"700\" height=\"390\" srcset=\"https:\/\/static-blogs.diariosur.es\/wp-content\/uploads\/sites\/17\/2016\/04\/boxer-braids.jpg 700w, https:\/\/static-blogs.diariosur.es\/wp-content\/uploads\/sites\/17\/2016\/04\/boxer-braids-300x167.jpg 300w\" sizes=\"(max-width: 700px) 100vw, 700px\" \/><\/a><p id=\"caption-attachment-5135\" class=\"wp-caption-text\">\u00a1Voil\u00e0! unas perfectas boxer braids. \/ Carli Bybel<\/p><\/div>\n<p>Si quer\u00e9is ver la parte pr\u00e1ctica aqu\u00ed os dejo dos tutoriales de <strong><a href=\"https:\/\/www.youtube.com\/channel\/UC21yq4sq8uxTcfgIxxyE9VQ\" rel=\"external nofollow\">Carli Bybel<\/a><\/strong> y\u00a0<strong><a href=\"https:\/\/www.youtube.com\/channel\/UCWMhtlhJimFL9dhn7YSRplA\" rel=\"external nofollow\">Gabrielexara <\/a><\/strong>y , que son dos de los miles que hay por Internet acerca de c\u00f3mo hacer las boxer braids:<\/p>\n<p><iframe loading=\"lazy\" src=\"https:\/\/www.youtube.com\/embed\/uDdLr2aK8rs\" frameborder=\"0\" width=\"560\" height=\"315\"><\/iframe><\/p>\n<p><iframe loading=\"lazy\" src=\"https:\/\/www.youtube.com\/embed\/eUyBmlpLKUU\" frameborder=\"0\" width=\"560\" height=\"315\"><\/iframe><\/p>\n","protected":false},"excerpt":{"rendered":"<p>La trenza ha sido uno de los peinados de moda de las \u00faltimas temporadas. Tras varios a\u00f1os en el olvido, la trenza reapareci\u00f3 por la puerta grande como manera de recogerse el pelo. La de dos cabos -una de mis preferidas- se convirti\u00f3 en el recogido rom\u00e1ntico por excelencia, adem\u00e1s, de ser clave en los [&hellip;]<\/p>\n","protected":false},"author":20,"featured_media":0,"comment_status":"open","ping_status":"open","sticky":false,"template":"","format":"standard","meta":[],"categories":[3],"tags":[472,596,637,1398,1539,1571,1654,1743,2107,2420,2442,3020,3118,3119,3142],"_links":{"self":[{"href":"https:\/\/blogs.diariosur.es\/gracias-a-dior\/wp-json\/wp\/v2\/posts\/5134"}],"collection":[{"href":"https:\/\/blogs.diariosur.es\/gracias-a-dior\/wp-json\/wp\/v2\/posts"}],"about":[{"href":"https:\/\/blogs.diariosur.es\/gracias-a-dior\/wp-json\/wp\/v2\/types\/post"}],"author":[{"embeddable":true,"href":"https:\/\/blogs.diariosur.es\/gracias-a-dior\/wp-json\/wp\/v2\/users\/20"}],"replies":[{"embeddable":true,"href":"https:\/\/blogs.diariosur.es\/gracias-a-dior\/wp-json\/wp\/v2\/comments?post=5134"}],"version-history":[{"count":0,"href":"https:\/\/blogs.diariosur.es\/gracias-a-dior\/wp-json\/wp\/v2\/posts\/5134\/revisions"}],"wp:attachment":[{"href":"https:\/\/blogs.diariosur.es\/gracias-a-dior\/wp-json\/wp\/v2\/media?parent=5134"}],"wp:term":[{"taxonomy":"category","embeddable":true,"href":"https:\/\/blogs.diariosur.es\/gracias-a-dior\/wp-json\/wp\/v2\/categories?post=5134"},{"taxonomy":"post_tag","embeddable":true,"href":"https:\/\/blogs.diariosur.es\/gracias-a-dior\/wp-json\/wp\/v2\/tags?post=5134"}],"curies":[{"name":"wp","href":"https:\/\/api.w.org\/{rel}","templated":true}]}}