{"id":5260,"date":"2016-10-08T00:00:42","date_gmt":"2016-10-07T22:00:42","guid":{"rendered":"http:\/\/blogs.diariosur.es\/gracias-a-dior\/?p=5260"},"modified":"2016-10-08T00:00:42","modified_gmt":"2016-10-07T22:00:42","slug":"las-deportivas-de-sara-carbonero-que-han-inspirado-a-elsa-pataky","status":"publish","type":"post","link":"https:\/\/blogs.diariosur.es\/gracias-a-dior\/2016\/10\/08\/las-deportivas-de-sara-carbonero-que-han-inspirado-a-elsa-pataky\/","title":{"rendered":"Las deportivas de Sara Carbonero que han revolucionado la Red y han inspirado a Elsa Pataky"},"content":{"rendered":"<p><strong>Sara Carbonero<\/strong> public\u00f3 hace un mes en su cuenta personal de Instagram una fotografia en la que aparec\u00eda vestida con un look s\u00faper casual de esos que tiene acostumbrados a todos sus seguidores. Un estilismo formado por unos <strong>jeans rasgados m\u00e1s camiseta y americana gris<\/strong>, pero del que llamaron espectacularmente la atenci\u00f3n las <strong>deportivas<\/strong> que luc\u00eda la periodista.<\/p>\n<p>Las <strong>sneakers<\/strong> se han convertido en una pieza fundamental en los \u00faltimos a\u00f1os y le han comido bastante terreno a los <strong>stilettos, manoletinas<\/strong> y cualquier otro tipo de calzado. Y es que las deportivas han sabido refinarse para estar presentes en el m\u00e1ximo de <strong>outfits<\/strong> posibles, un aspecto que ha sido muy bien recibido por las mujeres de todo el mundo que han visto con buenos ojos el poder ir a la \u00faltima de manera c\u00f3moda y sin tener que sufrir encima de unos alt\u00edsimos tacones.<\/p>\n<p>Esto lo sabe Sara Carbonero, toda una<strong> &#8216;it girl&#8217;<\/strong>, a la perfecci\u00f3n, por lo que es habitual verla calzando tenis como las <strong>Adidas Superstar<\/strong> o estas revolucionarias deportivas que han movilizado a todos sus seguidores para encontrar un par clavado al que luce la presentadora de &#8216;Quiero ser&#8217;. La revoluci\u00f3n de las &#8216;zapas&#8217; de Sara Carbonero vienen en su moderno dise\u00f1o y en esa especie de <strong>velcro<\/strong>, que en realidad es una banda negra intercambiable, que <strong>remata en<\/strong> el <strong>empeine<\/strong> las zapatillas.<\/p>\n<div id=\"attachment_5261\" style=\"width: 710px\" class=\"wp-caption aligncenter\"><a href=\"\/gracias-a-dior\/wp-content\/uploads\/sites\/17\/2016\/10\/sara-carbonero.jpg\"><img aria-describedby=\"caption-attachment-5261\" loading=\"lazy\" class=\"size-full wp-image-5261\" title=\"Sara Carbonero colg\u00f3 en Instagram esta fotograf\u00eda y enseguida se llen\u00f3 de comentarios de seguidores preguntando por la marca de las deportiva\" src=\"\/gracias-a-dior\/wp-content\/uploads\/sites\/17\/2016\/10\/sara-carbonero.jpg\" alt=\"Sara Carbonero colg\u00f3 en Instagram esta fotograf\u00eda y enseguida se llen\u00f3 de comentarios de seguidores preguntando por la marca de las deportiva\" width=\"700\" height=\"740\" srcset=\"https:\/\/static-blogs.diariosur.es\/wp-content\/uploads\/sites\/17\/2016\/10\/sara-carbonero.jpg 700w, https:\/\/static-blogs.diariosur.es\/wp-content\/uploads\/sites\/17\/2016\/10\/sara-carbonero-284x300.jpg 284w\" sizes=\"(max-width: 700px) 100vw, 700px\" \/><\/a><p id=\"caption-attachment-5261\" class=\"wp-caption-text\">Sara Carbonero colg\u00f3 en Instagram esta fotograf\u00eda y enseguida se llen\u00f3 de comentarios de seguidores preguntando por la marca de las deportiva<\/p><\/div>\n<p>Las deportivas son de la marca portuguesa <strong>Friendly Fire Shoes<\/strong> (todo un gui\u00f1o al pa\u00eds en el que reside) y el modelo no es otro que el <strong>Gala Ocean Stones,<\/strong> nombre que le dio la firma en homenaje a la<strong> blogger e influencer espa\u00f1ola Gala Gonz\u00e1lez,<\/strong> a la que consideran toda una inspiraci\u00f3n.<\/p>\n<p>Lo negativo de estas zapatillas de deporte de Friendly Fire Shoes es que<strong> no se pueden comprar de manera\u00a0on-line<\/strong> y casi todos sus puntos de venta f\u00edsicos est\u00e1n en <strong>Portugal<\/strong>.<\/p>\n<div id=\"attachment_5262\" style=\"width: 710px\" class=\"wp-caption aligncenter\"><a href=\"\/gracias-a-dior\/wp-content\/uploads\/sites\/17\/2016\/10\/zapas1.jpg\"><img aria-describedby=\"caption-attachment-5262\" loading=\"lazy\" class=\"size-full wp-image-5262\" title=\"El modelo Gala Gonz\u00e1lez\" src=\"\/gracias-a-dior\/wp-content\/uploads\/sites\/17\/2016\/10\/zapas1.jpg\" alt=\"El modelo Gala Gonz\u00e1lez\" width=\"700\" height=\"612\" srcset=\"https:\/\/static-blogs.diariosur.es\/wp-content\/uploads\/sites\/17\/2016\/10\/zapas1.jpg 700w, https:\/\/static-blogs.diariosur.es\/wp-content\/uploads\/sites\/17\/2016\/10\/zapas1-300x262.jpg 300w\" sizes=\"(max-width: 700px) 100vw, 700px\" \/><\/a><p id=\"caption-attachment-5262\" class=\"wp-caption-text\">El modelo Gala Gonz\u00e1lez<\/p><\/div>\n<p>Sin embargo, la marca <strong>Gioseppo<\/strong> (que este verano triunf\u00f3 con sus sandalias de pompones) ha bebido de esta firma lusa y ha sacado una l\u00ednea de <strong>sneakers<\/strong> muy similar al modelo que ha lucido Carbonero y para presentarlas ha contado una vez m\u00e1s con la actriz<strong> Elsa Pataky, que es la persona que<\/strong>\u00a0se encarga de lucirlas en sus publicidades. Estas zapatillas, que <strong>s\u00ed se pueden comprar on-line<\/strong>, son muy parecidas y las podr\u00edamos calificar de <strong>clon<\/strong>, puesto que<strong> no tienen cordones<\/strong> y llevan una banda el\u00e1stica del misma manera que quedan las de <strong>Friendly Fire Shoes<\/strong>. De hecho, desde la marca no se olvidan de rese\u00f1ar en la descripci\u00f3n del producto &#8220;con <strong>el el\u00e1stico de moda<\/strong>&#8220;.<\/p>\n<p>&nbsp;<\/p>\n<div id=\"attachment_5263\" style=\"width: 710px\" class=\"wp-caption aligncenter\"><a href=\"\/gracias-a-dior\/wp-content\/uploads\/sites\/17\/2016\/10\/elsa-pataky.jpg\"><img aria-describedby=\"caption-attachment-5263\" loading=\"lazy\" class=\"size-full wp-image-5263\" title=\"Elsa Patay presta su imagen a la colecci\u00f3n de invierno de Gioseppo, donde hay zapatillas de deporte que se inspiran en el modelo de Sara Carbonero\" src=\"\/gracias-a-dior\/wp-content\/uploads\/sites\/17\/2016\/10\/elsa-pataky.jpg\" alt=\"Elsa Patay presta su imagen a la colecci\u00f3n de invierno de Gioseppo, donde hay zapatillas de deporte que se inspiran en el modelo de Sara Carbonero\" width=\"700\" height=\"257\" srcset=\"https:\/\/static-blogs.diariosur.es\/wp-content\/uploads\/sites\/17\/2016\/10\/elsa-pataky.jpg 700w, https:\/\/static-blogs.diariosur.es\/wp-content\/uploads\/sites\/17\/2016\/10\/elsa-pataky-300x110.jpg 300w\" sizes=\"(max-width: 700px) 100vw, 700px\" \/><\/a><p id=\"caption-attachment-5263\" class=\"wp-caption-text\">Elsa Patay presta su imagen a la colecci\u00f3n de invierno de Gioseppo, donde hay zapatillas de deporte que se inspiran en el modelo de Sara Carbonero<\/p><\/div>\n<p>&nbsp;<\/p>\n<div id=\"attachment_5265\" style=\"width: 710px\" class=\"wp-caption aligncenter\"><a href=\"\/gracias-a-dior\/wp-content\/uploads\/sites\/17\/2016\/10\/gioseppo.jpg\"><img aria-describedby=\"caption-attachment-5265\" loading=\"lazy\" class=\"size-full wp-image-5265\" title=\"Uno de los modelos que presenta Gioseppo\" src=\"\/gracias-a-dior\/wp-content\/uploads\/sites\/17\/2016\/10\/gioseppo.jpg\" alt=\"Uno de los modelos que presenta Gioseppo\" width=\"700\" height=\"515\" srcset=\"https:\/\/static-blogs.diariosur.es\/wp-content\/uploads\/sites\/17\/2016\/10\/gioseppo.jpg 700w, https:\/\/static-blogs.diariosur.es\/wp-content\/uploads\/sites\/17\/2016\/10\/gioseppo-300x221.jpg 300w\" sizes=\"(max-width: 700px) 100vw, 700px\" \/><\/a><p id=\"caption-attachment-5265\" class=\"wp-caption-text\">Uno de los modelos que presenta Gioseppo<\/p><\/div>\n<p>&nbsp;<\/p>\n<div id=\"attachment_5266\" style=\"width: 710px\" class=\"wp-caption aligncenter\"><a href=\"\/gracias-a-dior\/wp-content\/uploads\/sites\/17\/2016\/10\/gioseppo2.jpg\"><img aria-describedby=\"caption-attachment-5266\" loading=\"lazy\" class=\"size-full wp-image-5266\" title=\"Otro de los modelos de Gioseppo\" src=\"\/gracias-a-dior\/wp-content\/uploads\/sites\/17\/2016\/10\/gioseppo2.jpg\" alt=\"Otro de los modelos de Gioseppo\" width=\"700\" height=\"490\" srcset=\"https:\/\/static-blogs.diariosur.es\/wp-content\/uploads\/sites\/17\/2016\/10\/gioseppo2.jpg 700w, https:\/\/static-blogs.diariosur.es\/wp-content\/uploads\/sites\/17\/2016\/10\/gioseppo2-300x210.jpg 300w\" sizes=\"(max-width: 700px) 100vw, 700px\" \/><\/a><p id=\"caption-attachment-5266\" class=\"wp-caption-text\">Otro de los modelos de Gioseppo<\/p><\/div>\n","protected":false},"excerpt":{"rendered":"<p>Sara Carbonero public\u00f3 hace un mes en su cuenta personal de Instagram una fotografia en la que aparec\u00eda vestida con un look s\u00faper casual de esos que tiene acostumbrados a todos sus seguidores. Un estilismo formado por unos jeans rasgados m\u00e1s camiseta y americana gris, pero del que llamaron espectacularmente la atenci\u00f3n las deportivas que [&hellip;]<\/p>\n","protected":false},"author":20,"featured_media":0,"comment_status":"open","ping_status":"open","sticky":false,"template":"","format":"standard","meta":[],"categories":[3],"tags":[984,1121,1375,1408,1439,2541,2779,3026,3198,3346],"_links":{"self":[{"href":"https:\/\/blogs.diariosur.es\/gracias-a-dior\/wp-json\/wp\/v2\/posts\/5260"}],"collection":[{"href":"https:\/\/blogs.diariosur.es\/gracias-a-dior\/wp-json\/wp\/v2\/posts"}],"about":[{"href":"https:\/\/blogs.diariosur.es\/gracias-a-dior\/wp-json\/wp\/v2\/types\/post"}],"author":[{"embeddable":true,"href":"https:\/\/blogs.diariosur.es\/gracias-a-dior\/wp-json\/wp\/v2\/users\/20"}],"replies":[{"embeddable":true,"href":"https:\/\/blogs.diariosur.es\/gracias-a-dior\/wp-json\/wp\/v2\/comments?post=5260"}],"version-history":[{"count":0,"href":"https:\/\/blogs.diariosur.es\/gracias-a-dior\/wp-json\/wp\/v2\/posts\/5260\/revisions"}],"wp:attachment":[{"href":"https:\/\/blogs.diariosur.es\/gracias-a-dior\/wp-json\/wp\/v2\/media?parent=5260"}],"wp:term":[{"taxonomy":"category","embeddable":true,"href":"https:\/\/blogs.diariosur.es\/gracias-a-dior\/wp-json\/wp\/v2\/categories?post=5260"},{"taxonomy":"post_tag","embeddable":true,"href":"https:\/\/blogs.diariosur.es\/gracias-a-dior\/wp-json\/wp\/v2\/tags?post=5260"}],"curies":[{"name":"wp","href":"https:\/\/api.w.org\/{rel}","templated":true}]}}