{"id":5280,"date":"2016-10-29T00:00:43","date_gmt":"2016-10-28T22:00:43","guid":{"rendered":"http:\/\/blogs.diariosur.es\/gracias-a-dior\/?p=5280"},"modified":"2016-10-29T00:00:43","modified_gmt":"2016-10-28T22:00:43","slug":"tres-anos-de-suenos-llenos-de-optimismo-de-la-mano-de-oysho-y-mr-wonderful","status":"publish","type":"post","link":"https:\/\/blogs.diariosur.es\/gracias-a-dior\/2016\/10\/29\/tres-anos-de-suenos-llenos-de-optimismo-de-la-mano-de-oysho-y-mr-wonderful\/","title":{"rendered":"Tres a\u00f1os de sue\u00f1os llenos de optimismo de la mano de Oysho y Mr. Wonderful"},"content":{"rendered":"<p>Todo ocurri\u00f3 en el oto\u00f1o-invierno de <strong>2013<\/strong>. <strong>Oysho<\/strong>, la <strong>marca de lencer\u00eda y pijamas<\/strong> de <strong>Inditex<\/strong>, daba un paso de gigante para reenganchar al p\u00fablico joven y no tan joven al sellar una alianza con <strong>Mr. Wonderful<\/strong>, una empresa de complementos que se caracteriza por sus mensajes llenos de buen rollo y que por aquel entonces comenzaba a despegar. Juntos se unieron y crearon la primera colecci\u00f3n c\u00e1psula de<strong> Mr. Wonderful para Oysho<\/strong> con una l\u00ednea de pijamas muy divertidos que arras\u00f3 entre el p\u00fablico y que, evidentemente, aquellas navidades causaron furor. Tal fue el \u00e9xito, que dicha uni\u00f3n se ha repetido desde entonces todos los <strong>inviernos<\/strong> y en alguna otra fecha clave como puede ser el <strong>D\u00eda de San Valent\u00edn<\/strong> y como no pod\u00eda ser de otra manera con la cercan\u00eda del mes de noviembre ya ha llegado la nueva colecci\u00f3n.<\/p>\n<p>Los dise\u00f1os son m\u00e1s de lo mismo, pero es cierto que siempre tienen algo que gustan. Sus colores, <strong>dibujos de estilo na\u00eff \u00a0y mensajes positivos<\/strong> calan en un p\u00fablico a la que le encanta darse un buen <strong>chute de optimismo<\/strong>. En esta nueva l\u00ednea como novedad se observan las partes de arriba con estampado doble, es decir, est\u00e1n serigrafiadas tanto por la parte delantera como por la espalda, mientras que en cuanto a la paleta crom\u00e1tica se aprecia el uso\u00a0<strong>del gris\u00a0<\/strong>(un aliado perfecto a la hora de mezclar tonalidades), los <strong>colores pastel, rosa a raudales y celeste<\/strong>, ambos combinados con fondos blancos y con el <strong>unicornio<\/strong> m\u00e1s famoso de Mr. Wonderful hacen posible que una vez m\u00e1s estos pijamas enganchen y, sobre todo, enamoren. Adem\u00e1s, hay diferentes opciones en funci\u00f3n de lo friolera que seas, de tal manera, que\u00a0encontrar\u00e1s los pijamas m\u00e1s &#8216;<strong>fluffy<\/strong>&#8216; (los que uno se pone convirti\u00e9ndose en el osito de Mimos\u00edn), que son s\u00faper calentitos (a los hechos me remito) y otros m\u00e1s finos para las que -como yo- prefieran ir m\u00e1s ligeras, a cambio de poner un buen n\u00f3rdico en la cama.<\/p>\n<p>La colecci\u00f3n se completa con una <strong>manta<\/strong> con la que te podr\u00e1s arropar en el sof\u00e1 en las tardes y noches m\u00e1s fr\u00edas del invierno; dos packs diferentes de <strong>braguitas<\/strong>; calcetines; un <strong>neceser<\/strong> en el que poder llevar todos tus cosm\u00e9ticos y unas <strong>pantuflas<\/strong> para pisar con energ\u00eda el suelo de tu casa.<\/p>\n<p>La colecci\u00f3n de<strong> Oysho y Mr. Wonderful ya est\u00e1 disponible<\/strong> ya en la<strong> tienda on-line de Oysho<\/strong> y desde este pasado jueves tambi\u00e9n se encuentra en sus <strong>tiendas f\u00edsicas<\/strong>.<\/p>\n<div id=\"attachment_5281\" style=\"width: 610px\" class=\"wp-caption aligncenter\"><a href=\"\/gracias-a-dior\/wp-content\/uploads\/sites\/17\/2016\/10\/20161027__1477590337_1KgpSC.jpg\"><img aria-describedby=\"caption-attachment-5281\" loading=\"lazy\" class=\"size-full wp-image-5281\" title=\"El unicornio es uno de los dibujos m\u00e1s caracter\u00edsticos de Mr. Wonderful\" src=\"\/gracias-a-dior\/wp-content\/uploads\/sites\/17\/2016\/10\/20161027__1477590337_1KgpSC.jpg\" alt=\"\" width=\"600\" height=\"320\" srcset=\"https:\/\/static-blogs.diariosur.es\/wp-content\/uploads\/sites\/17\/2016\/10\/20161027__1477590337_1KgpSC.jpg 600w, https:\/\/static-blogs.diariosur.es\/wp-content\/uploads\/sites\/17\/2016\/10\/20161027__1477590337_1KgpSC-300x160.jpg 300w\" sizes=\"(max-width: 600px) 100vw, 600px\" \/><\/a><p id=\"caption-attachment-5281\" class=\"wp-caption-text\">El unicornio es uno de los dibujos m\u00e1s caracter\u00edsticos de Mr. Wonderful<\/p><\/div>\n<p>&nbsp;<\/p>\n<div id=\"attachment_5282\" style=\"width: 610px\" class=\"wp-caption aligncenter\"><a href=\"\/gracias-a-dior\/wp-content\/uploads\/sites\/17\/2016\/10\/20161027__1477590337_7tQ722jxQLZ.jpg\"><img aria-describedby=\"caption-attachment-5282\" loading=\"lazy\" class=\"size-full wp-image-5282\" title=\"El blanco y el azul se mezcla para dar como resultado unos dise\u00f1os muy rom\u00e1nticos\" src=\"\/gracias-a-dior\/wp-content\/uploads\/sites\/17\/2016\/10\/20161027__1477590337_7tQ722jxQLZ.jpg\" alt=\"El blanco y el azul se mezcla para dar como resultado unos dise\u00f1os muy rom\u00e1nticos\" width=\"600\" height=\"725\" srcset=\"https:\/\/static-blogs.diariosur.es\/wp-content\/uploads\/sites\/17\/2016\/10\/20161027__1477590337_7tQ722jxQLZ.jpg 600w, https:\/\/static-blogs.diariosur.es\/wp-content\/uploads\/sites\/17\/2016\/10\/20161027__1477590337_7tQ722jxQLZ-248x300.jpg 248w\" sizes=\"(max-width: 600px) 100vw, 600px\" \/><\/a><p id=\"caption-attachment-5282\" class=\"wp-caption-text\">El blanco y el azul se mezcla para dar como resultado unos dise\u00f1os muy rom\u00e1nticos<\/p><\/div>\n<p>&nbsp;<\/p>\n<div id=\"attachment_5293\" style=\"width: 610px\" class=\"wp-caption aligncenter\"><a href=\"\/gracias-a-dior\/wp-content\/uploads\/sites\/17\/2016\/10\/20161027__1477590337_zljkYQlS9ab.jpg\"><img aria-describedby=\"caption-attachment-5293\" loading=\"lazy\" class=\"size-full wp-image-5293\" title=\"Los mensajes m\u00e1s divertidos y optimistas se mezclan en esta nueva colecci\u00f3n\" src=\"\/gracias-a-dior\/wp-content\/uploads\/sites\/17\/2016\/10\/20161027__1477590337_zljkYQlS9ab.jpg\" alt=\"Los mensajes m\u00e1s divertidos y optimistas se mezclan en esta nueva colecci\u00f3n\" width=\"600\" height=\"319\" srcset=\"https:\/\/static-blogs.diariosur.es\/wp-content\/uploads\/sites\/17\/2016\/10\/20161027__1477590337_zljkYQlS9ab.jpg 600w, https:\/\/static-blogs.diariosur.es\/wp-content\/uploads\/sites\/17\/2016\/10\/20161027__1477590337_zljkYQlS9ab-300x160.jpg 300w\" sizes=\"(max-width: 600px) 100vw, 600px\" \/><\/a><p id=\"caption-attachment-5293\" class=\"wp-caption-text\">Los mensajes m\u00e1s divertidos y optimistas se mezclan en esta nueva colecci\u00f3n<\/p><\/div>\n<p>&nbsp;<\/p>\n<div id=\"attachment_5292\" style=\"width: 610px\" class=\"wp-caption aligncenter\"><a href=\"\/gracias-a-dior\/wp-content\/uploads\/sites\/17\/2016\/10\/20161027__1477590337_zeEhCL53gJ.jpg\"><img aria-describedby=\"caption-attachment-5292\" loading=\"lazy\" class=\"size-full wp-image-5292\" title=\"Calcetines y un neceser complementan esta colecci\u00f3n\" src=\"\/gracias-a-dior\/wp-content\/uploads\/sites\/17\/2016\/10\/20161027__1477590337_zeEhCL53gJ.jpg\" alt=\"Calcetines y un neceser complementan esta colecci\u00f3n\" width=\"600\" height=\"331\" srcset=\"https:\/\/static-blogs.diariosur.es\/wp-content\/uploads\/sites\/17\/2016\/10\/20161027__1477590337_zeEhCL53gJ.jpg 600w, https:\/\/static-blogs.diariosur.es\/wp-content\/uploads\/sites\/17\/2016\/10\/20161027__1477590337_zeEhCL53gJ-300x166.jpg 300w\" sizes=\"(max-width: 600px) 100vw, 600px\" \/><\/a><p id=\"caption-attachment-5292\" class=\"wp-caption-text\">Calcetines y un neceser complementan esta colecci\u00f3n<\/p><\/div>\n<p>&nbsp;<\/p>\n<div id=\"attachment_5291\" style=\"width: 610px\" class=\"wp-caption aligncenter\"><a href=\"\/gracias-a-dior\/wp-content\/uploads\/sites\/17\/2016\/10\/20161027__1477590337_VrE.jpg\"><img aria-describedby=\"caption-attachment-5291\" loading=\"lazy\" class=\"size-full wp-image-5291\" title=\"El gris es otra tonalidad por la que apuestan\" src=\"\/gracias-a-dior\/wp-content\/uploads\/sites\/17\/2016\/10\/20161027__1477590337_VrE.jpg\" alt=\"El gris es otra tonalidad por la que apuestan\" width=\"600\" height=\"321\" srcset=\"https:\/\/static-blogs.diariosur.es\/wp-content\/uploads\/sites\/17\/2016\/10\/20161027__1477590337_VrE.jpg 600w, https:\/\/static-blogs.diariosur.es\/wp-content\/uploads\/sites\/17\/2016\/10\/20161027__1477590337_VrE-300x161.jpg 300w\" sizes=\"(max-width: 600px) 100vw, 600px\" \/><\/a><p id=\"caption-attachment-5291\" class=\"wp-caption-text\">El gris es otra tonalidad por la que apuestan<\/p><\/div>\n<p>&nbsp;<\/p>\n<div id=\"attachment_5290\" style=\"width: 610px\" class=\"wp-caption aligncenter\"><a href=\"\/gracias-a-dior\/wp-content\/uploads\/sites\/17\/2016\/10\/20161027__1477590337_VbvObe.jpg\"><img aria-describedby=\"caption-attachment-5290\" loading=\"lazy\" class=\"size-full wp-image-5290\" title=\"Pijamas fluffys para las m\u00e1s frioleras\" src=\"\/gracias-a-dior\/wp-content\/uploads\/sites\/17\/2016\/10\/20161027__1477590337_VbvObe.jpg\" alt=\"Pijamas fluffys para las m\u00e1s frioleras\" width=\"600\" height=\"328\" srcset=\"https:\/\/static-blogs.diariosur.es\/wp-content\/uploads\/sites\/17\/2016\/10\/20161027__1477590337_VbvObe.jpg 600w, https:\/\/static-blogs.diariosur.es\/wp-content\/uploads\/sites\/17\/2016\/10\/20161027__1477590337_VbvObe-300x164.jpg 300w\" sizes=\"(max-width: 600px) 100vw, 600px\" \/><\/a><p id=\"caption-attachment-5290\" class=\"wp-caption-text\">Pijamas fluffys para las m\u00e1s frioleras<\/p><\/div>\n<p>&nbsp;<\/p>\n<div id=\"attachment_5289\" style=\"width: 610px\" class=\"wp-caption aligncenter\"><a href=\"\/gracias-a-dior\/wp-content\/uploads\/sites\/17\/2016\/10\/20161027__1477590337_SNqW9.jpg\"><img aria-describedby=\"caption-attachment-5289\" loading=\"lazy\" class=\"size-full wp-image-5289\" title=\"Braguitas y calcetines\" src=\"\/gracias-a-dior\/wp-content\/uploads\/sites\/17\/2016\/10\/20161027__1477590337_SNqW9.jpg\" alt=\"Braguitas y calcetines\" width=\"600\" height=\"336\" srcset=\"https:\/\/static-blogs.diariosur.es\/wp-content\/uploads\/sites\/17\/2016\/10\/20161027__1477590337_SNqW9.jpg 600w, https:\/\/static-blogs.diariosur.es\/wp-content\/uploads\/sites\/17\/2016\/10\/20161027__1477590337_SNqW9-300x168.jpg 300w\" sizes=\"(max-width: 600px) 100vw, 600px\" \/><\/a><p id=\"caption-attachment-5289\" class=\"wp-caption-text\">Braguitas y calcetines<\/p><\/div>\n<p>&nbsp;<\/p>\n<div id=\"attachment_5288\" style=\"width: 610px\" class=\"wp-caption aligncenter\"><a href=\"\/gracias-a-dior\/wp-content\/uploads\/sites\/17\/2016\/10\/20161027__1477590337_Rj0rke.jpg\"><img aria-describedby=\"caption-attachment-5288\" loading=\"lazy\" class=\"size-full wp-image-5288\" title=\"Oysho espera repetir \u00e9xito con esta nueva colecci\u00f3n c\u00e1psula\" src=\"\/gracias-a-dior\/wp-content\/uploads\/sites\/17\/2016\/10\/20161027__1477590337_Rj0rke.jpg\" alt=\"Oysho espera repetir \u00e9xito con esta nueva colecci\u00f3n c\u00e1psula\" width=\"600\" height=\"333\" srcset=\"https:\/\/static-blogs.diariosur.es\/wp-content\/uploads\/sites\/17\/2016\/10\/20161027__1477590337_Rj0rke.jpg 600w, https:\/\/static-blogs.diariosur.es\/wp-content\/uploads\/sites\/17\/2016\/10\/20161027__1477590337_Rj0rke-300x167.jpg 300w\" sizes=\"(max-width: 600px) 100vw, 600px\" \/><\/a><p id=\"caption-attachment-5288\" class=\"wp-caption-text\">Oysho espera repetir \u00e9xito con esta nueva colecci\u00f3n c\u00e1psula<\/p><\/div>\n<p>&nbsp;<\/p>\n<div id=\"attachment_5287\" style=\"width: 610px\" class=\"wp-caption aligncenter\"><a href=\"\/gracias-a-dior\/wp-content\/uploads\/sites\/17\/2016\/10\/20161027__1477590337_ORPj7.jpg\"><img aria-describedby=\"caption-attachment-5287\" loading=\"lazy\" class=\"size-full wp-image-5287\" title=\"Oysho espera repetir \u00e9xito con esta nueva colecci\u00f3n c\u00e1psula\" src=\"\/gracias-a-dior\/wp-content\/uploads\/sites\/17\/2016\/10\/20161027__1477590337_ORPj7.jpg\" alt=\"Oysho espera repetir \u00e9xito con esta nueva colecci\u00f3n c\u00e1psula\" width=\"600\" height=\"327\" srcset=\"https:\/\/static-blogs.diariosur.es\/wp-content\/uploads\/sites\/17\/2016\/10\/20161027__1477590337_ORPj7.jpg 600w, https:\/\/static-blogs.diariosur.es\/wp-content\/uploads\/sites\/17\/2016\/10\/20161027__1477590337_ORPj7-300x164.jpg 300w\" sizes=\"(max-width: 600px) 100vw, 600px\" \/><\/a><p id=\"caption-attachment-5287\" class=\"wp-caption-text\">Las tazas de caf\u00e9 o los relojes son algunos cl\u00e1sicos de Mr. Wonderful<\/p><\/div>\n<p>&nbsp;<\/p>\n<div id=\"attachment_5286\" style=\"width: 610px\" class=\"wp-caption aligncenter\"><a href=\"\/gracias-a-dior\/wp-content\/uploads\/sites\/17\/2016\/10\/20161027__1477590337_iRRLhCs2.jpg\"><img aria-describedby=\"caption-attachment-5286\" loading=\"lazy\" class=\"size-full wp-image-5286\" title=\"Oysho espera repetir \u00e9xito con esta nueva colecci\u00f3n c\u00e1psula\" src=\"\/gracias-a-dior\/wp-content\/uploads\/sites\/17\/2016\/10\/20161027__1477590337_iRRLhCs2.jpg\" alt=\"Oysho espera repetir \u00e9xito con esta nueva colecci\u00f3n c\u00e1psula\" width=\"600\" height=\"321\" srcset=\"https:\/\/static-blogs.diariosur.es\/wp-content\/uploads\/sites\/17\/2016\/10\/20161027__1477590337_iRRLhCs2.jpg 600w, https:\/\/static-blogs.diariosur.es\/wp-content\/uploads\/sites\/17\/2016\/10\/20161027__1477590337_iRRLhCs2-300x161.jpg 300w\" sizes=\"(max-width: 600px) 100vw, 600px\" \/><\/a><p id=\"caption-attachment-5286\" class=\"wp-caption-text\">Una de las novedades de esta nueva edici\u00f3n son las camisetas con estampados dobles, es decir, en la parte delantera como por la espalda<\/p><\/div>\n<p>&nbsp;<\/p>\n<div id=\"attachment_5285\" style=\"width: 610px\" class=\"wp-caption aligncenter\"><a href=\"\/gracias-a-dior\/wp-content\/uploads\/sites\/17\/2016\/10\/20161027__1477590337_hFjVjecOv.jpg\"><img aria-describedby=\"caption-attachment-5285\" loading=\"lazy\" class=\"size-full wp-image-5285\" title=\"Oysho espera repetir \u00e9xito con esta nueva colecci\u00f3n c\u00e1psula\" src=\"\/gracias-a-dior\/wp-content\/uploads\/sites\/17\/2016\/10\/20161027__1477590337_hFjVjecOv.jpg\" alt=\"Oysho espera repetir \u00e9xito con esta nueva colecci\u00f3n c\u00e1psula\" width=\"600\" height=\"325\" srcset=\"https:\/\/static-blogs.diariosur.es\/wp-content\/uploads\/sites\/17\/2016\/10\/20161027__1477590337_hFjVjecOv.jpg 600w, https:\/\/static-blogs.diariosur.es\/wp-content\/uploads\/sites\/17\/2016\/10\/20161027__1477590337_hFjVjecOv-300x163.jpg 300w\" sizes=\"(max-width: 600px) 100vw, 600px\" \/><\/a><p id=\"caption-attachment-5285\" class=\"wp-caption-text\">Con las partes de arriba fluffys no pasar\u00e1s nada de fr\u00edo<\/p><\/div>\n<p>&nbsp;<\/p>\n<div id=\"attachment_5284\" style=\"width: 610px\" class=\"wp-caption aligncenter\"><a href=\"\/gracias-a-dior\/wp-content\/uploads\/sites\/17\/2016\/10\/20161027__1477590337_a7mSi.jpg\"><img aria-describedby=\"caption-attachment-5284\" loading=\"lazy\" class=\"size-full wp-image-5284\" title=\"La manta es ideal para abrigarte en el sof\u00e1\" src=\"\/gracias-a-dior\/wp-content\/uploads\/sites\/17\/2016\/10\/20161027__1477590337_a7mSi.jpg\" alt=\"La manta es ideal para abrigarte en el sof\u00e1\" width=\"600\" height=\"321\" srcset=\"https:\/\/static-blogs.diariosur.es\/wp-content\/uploads\/sites\/17\/2016\/10\/20161027__1477590337_a7mSi.jpg 600w, https:\/\/static-blogs.diariosur.es\/wp-content\/uploads\/sites\/17\/2016\/10\/20161027__1477590337_a7mSi-300x161.jpg 300w\" sizes=\"(max-width: 600px) 100vw, 600px\" \/><\/a><p id=\"caption-attachment-5284\" class=\"wp-caption-text\">La manta es ideal para abrigarte en el sof\u00e1<\/p><\/div>\n<p>&nbsp;<\/p>\n<div id=\"attachment_5283\" style=\"width: 610px\" class=\"wp-caption aligncenter\"><a href=\"\/gracias-a-dior\/wp-content\/uploads\/sites\/17\/2016\/10\/20161027__1477590337_722yW9foN.jpg\"><img aria-describedby=\"caption-attachment-5283\" loading=\"lazy\" class=\"size-full wp-image-5283\" title=\"Los pies tambi\u00e9n estar\u00e1n calentitos con estas zapatillas y estos calcetines\" src=\"\/gracias-a-dior\/wp-content\/uploads\/sites\/17\/2016\/10\/20161027__1477590337_722yW9foN.jpg\" alt=\"Los pies tambi\u00e9n estar\u00e1n calentitos con estas zapatillas y estos calcetines\" width=\"600\" height=\"334\" srcset=\"https:\/\/static-blogs.diariosur.es\/wp-content\/uploads\/sites\/17\/2016\/10\/20161027__1477590337_722yW9foN.jpg 600w, https:\/\/static-blogs.diariosur.es\/wp-content\/uploads\/sites\/17\/2016\/10\/20161027__1477590337_722yW9foN-300x167.jpg 300w\" sizes=\"(max-width: 600px) 100vw, 600px\" \/><\/a><p id=\"caption-attachment-5283\" class=\"wp-caption-text\">Los pies tambi\u00e9n estar\u00e1n calentitos con estas zapatillas y estos calcetines<\/p><\/div>\n","protected":false},"excerpt":{"rendered":"<p>Todo ocurri\u00f3 en el oto\u00f1o-invierno de 2013. Oysho, la marca de lencer\u00eda y pijamas de Inditex, daba un paso de gigante para reenganchar al p\u00fablico joven y no tan joven al sellar una alianza con Mr. Wonderful, una empresa de complementos que se caracteriza por sus mensajes llenos de buen rollo y que por aquel [&hellip;]<\/p>\n","protected":false},"author":20,"featured_media":0,"comment_status":"open","ping_status":"open","sticky":false,"template":"","format":"standard","meta":[],"categories":[3],"tags":[],"_links":{"self":[{"href":"https:\/\/blogs.diariosur.es\/gracias-a-dior\/wp-json\/wp\/v2\/posts\/5280"}],"collection":[{"href":"https:\/\/blogs.diariosur.es\/gracias-a-dior\/wp-json\/wp\/v2\/posts"}],"about":[{"href":"https:\/\/blogs.diariosur.es\/gracias-a-dior\/wp-json\/wp\/v2\/types\/post"}],"author":[{"embeddable":true,"href":"https:\/\/blogs.diariosur.es\/gracias-a-dior\/wp-json\/wp\/v2\/users\/20"}],"replies":[{"embeddable":true,"href":"https:\/\/blogs.diariosur.es\/gracias-a-dior\/wp-json\/wp\/v2\/comments?post=5280"}],"version-history":[{"count":0,"href":"https:\/\/blogs.diariosur.es\/gracias-a-dior\/wp-json\/wp\/v2\/posts\/5280\/revisions"}],"wp:attachment":[{"href":"https:\/\/blogs.diariosur.es\/gracias-a-dior\/wp-json\/wp\/v2\/media?parent=5280"}],"wp:term":[{"taxonomy":"category","embeddable":true,"href":"https:\/\/blogs.diariosur.es\/gracias-a-dior\/wp-json\/wp\/v2\/categories?post=5280"},{"taxonomy":"post_tag","embeddable":true,"href":"https:\/\/blogs.diariosur.es\/gracias-a-dior\/wp-json\/wp\/v2\/tags?post=5280"}],"curies":[{"name":"wp","href":"https:\/\/api.w.org\/{rel}","templated":true}]}}