{"id":5337,"date":"2017-01-21T00:00:59","date_gmt":"2017-01-20T23:00:59","guid":{"rendered":"http:\/\/blogs.diariosur.es\/gracias-a-dior\/?p=5337"},"modified":"2017-01-21T00:00:59","modified_gmt":"2017-01-20T23:00:59","slug":"asi-es-la-nueva-coleccion-2017-de-gigi-hadid-para-tommy-hilfiger","status":"publish","type":"post","link":"https:\/\/blogs.diariosur.es\/gracias-a-dior\/2017\/01\/21\/asi-es-la-nueva-coleccion-2017-de-gigi-hadid-para-tommy-hilfiger\/","title":{"rendered":"As\u00ed es la nueva colecci\u00f3n 2017 de Gigi Hadid para Tommy Hilfiger"},"content":{"rendered":"<p>La top del momento, <strong>Gigi Hadid<\/strong>, vuelve a hacer sus pinitos como dise\u00f1adora de la mano del hombre que confi\u00f3 en ella para su primera vez: <strong>Tommy Hilfiger.<\/strong> La modelo que debut\u00f3 con bastante \u00e9xito este invierno quiere volver a repetirlo e, incluso, superarlo, sobre todo, teniendo en cuenta la buena cr\u00edtica que obtuvo hace unos meses tanto de periodistas especilizados, influencers, bloggers \u00a0y celebrities de todo el planeta.<\/p>\n<p>Si la colecci\u00f3n de este invierno se inspiraba al cien por cien del estilo navy (marinero), para esta primavera-verano Gigi Hadid ha dise\u00f1ado prendas que son un fiel reflejo de su personalidad y su manera de vestir. Una<strong> colecci\u00f3n casual y muy desenfadada<\/strong> en la que los <strong>vaqueros<\/strong> se llenan de <strong>parches<\/strong>; las <strong>bombers<\/strong> de estilo <strong>universitario \u00a0<\/strong>y los trenchs en <strong>denim<\/strong> toman el relevo a las parkas y abrigos del invierno. Por otro lado, las partes de arriba siguen fieles al libro de estilo de Tommy Hilfiger y mantienen esa l\u00ednea <strong>preppy<\/strong> que tan reconocible hace a la marca <strong>norteamericana<\/strong>.<\/p>\n<p>El <strong>calzado<\/strong> que se muestra en las fotos publicadas por la firma, tambi\u00e9n se presta a la diversi\u00f3n con los parches multicolores que se insertan en las zapatillas de deporte, aunque si se pretende ir a la playa nada mejor que unas <strong>esparde\u00f1as<\/strong> con reminiscencias de aquellas con lazada que tanto se llevaron el verano pasado. Y como esta colecci\u00f3n tambi\u00e9n abarca el periodo estival es normal que la modelo luzca prendas de ba\u00f1o como son <strong>bikinis y ba\u00f1adores<\/strong> que se caracterizan por su estampado rayado. Y es que el juego geom\u00e9trico es fundamental en esta segunda parte, tanto que su look estrella podr\u00eda ser un dos piezas formado por una <strong>falda l\u00e1piz s\u00faper estrecha con un crop top a juego que es pura delicia.<\/strong><\/p>\n<p>Los complementos, para no desentonar, siguen la estela urbana de la colecci\u00f3n. As\u00ed, los <strong>bolsos<\/strong> quedan en un segundo plano y el protagonismo absoluto se lo llevan las <strong>mochilas<\/strong>, que ser\u00e1n el lugar ideal para transpotar todas tus pertenencias. Mientras, que los <strong>pa\u00f1uelos<\/strong> atados a la mu\u00f1eca conseguir\u00e1n dar ese toque rockero que tanto gustan a los estilismos m\u00e1s primaverales.<\/p>\n<p>Para que salga a la venta esta colecci\u00f3n de Gigi Hadid para Tommy Hilfiger todav\u00eda falta un poco. Concretamente, la fecha del lanzamiento ser\u00e1 el<strong> 8 de febrero<\/strong>, d\u00eda que coincidir\u00e1 con su presentaci\u00f3n oficial en la <strong>Semana de la Moda de Nueva York<\/strong>.<\/p>\n<p>&nbsp;<\/p>\n<div id=\"attachment_5348\" style=\"width: 441px\" class=\"wp-caption aligncenter\"><a href=\"\/gracias-a-dior\/wp-content\/uploads\/sites\/17\/2017\/01\/gigi11.jpg\"><img aria-describedby=\"caption-attachment-5348\" loading=\"lazy\" class=\"size-full wp-image-5348\" title=\"Bikini de rayas\" src=\"\/gracias-a-dior\/wp-content\/uploads\/sites\/17\/2017\/01\/gigi11.jpg\" alt=\"Bikini de rayas\" width=\"431\" height=\"533\" srcset=\"https:\/\/static-blogs.diariosur.es\/wp-content\/uploads\/sites\/17\/2017\/01\/gigi11.jpg 431w, https:\/\/static-blogs.diariosur.es\/wp-content\/uploads\/sites\/17\/2017\/01\/gigi11-243x300.jpg 243w\" sizes=\"(max-width: 431px) 100vw, 431px\" \/><\/a><p id=\"caption-attachment-5348\" class=\"wp-caption-text\">Bikini de rayas<\/p><\/div>\n<p>&nbsp;<\/p>\n<div id=\"attachment_5339\" style=\"width: 442px\" class=\"wp-caption aligncenter\"><a href=\"\/gracias-a-dior\/wp-content\/uploads\/sites\/17\/2017\/01\/gigi2.jpg\"><img aria-describedby=\"caption-attachment-5339\" loading=\"lazy\" class=\"size-full wp-image-5339\" title=\"El ba\u00f1ador vuelve a tomar protagonismo este verano\" src=\"\/gracias-a-dior\/wp-content\/uploads\/sites\/17\/2017\/01\/gigi2.jpg\" alt=\"\" width=\"432\" height=\"533\" srcset=\"https:\/\/static-blogs.diariosur.es\/wp-content\/uploads\/sites\/17\/2017\/01\/gigi2.jpg 432w, https:\/\/static-blogs.diariosur.es\/wp-content\/uploads\/sites\/17\/2017\/01\/gigi2-243x300.jpg 243w\" sizes=\"(max-width: 432px) 100vw, 432px\" \/><\/a><p id=\"caption-attachment-5339\" class=\"wp-caption-text\">El ba\u00f1ador vuelve a tomar protagonismo este verano<\/p><\/div>\n<p>&nbsp;<\/p>\n<div id=\"attachment_5347\" style=\"width: 442px\" class=\"wp-caption aligncenter\"><a href=\"\/gracias-a-dior\/wp-content\/uploads\/sites\/17\/2017\/01\/gigi10.jpg\"><img aria-describedby=\"caption-attachment-5347\" loading=\"lazy\" class=\"size-full wp-image-5347\" title=\"Prendas desenfadadas como deportivas o gorras est\u00e1n presentes en la colecci\u00f3n\" src=\"\/gracias-a-dior\/wp-content\/uploads\/sites\/17\/2017\/01\/gigi10.jpg\" alt=\"Prendas desenfadadas como deportivas o gorras est\u00e1n presentes en la colecci\u00f3n\" width=\"432\" height=\"530\" srcset=\"https:\/\/static-blogs.diariosur.es\/wp-content\/uploads\/sites\/17\/2017\/01\/gigi10.jpg 432w, https:\/\/static-blogs.diariosur.es\/wp-content\/uploads\/sites\/17\/2017\/01\/gigi10-245x300.jpg 245w\" sizes=\"(max-width: 432px) 100vw, 432px\" \/><\/a><p id=\"caption-attachment-5347\" class=\"wp-caption-text\">Prendas desenfadadas como deportivas o gorras est\u00e1n presentes en la colecci\u00f3n<\/p><\/div>\n<p>&nbsp;<\/p>\n<div id=\"attachment_5338\" style=\"width: 442px\" class=\"wp-caption aligncenter\"><a href=\"\/gracias-a-dior\/wp-content\/uploads\/sites\/17\/2017\/01\/gigi.jpg\"><img aria-describedby=\"caption-attachment-5338\" loading=\"lazy\" class=\"size-full wp-image-5338\" title=\"Parches, bombers y partes de arriba de estilo universitario son el sello de esta l\u00ednea\" src=\"\/gracias-a-dior\/wp-content\/uploads\/sites\/17\/2017\/01\/gigi.jpg\" alt=\"Parches, bombers y partes de arriba de estilo universitario son el sello de esta l\u00ednea\" width=\"432\" height=\"530\" srcset=\"https:\/\/static-blogs.diariosur.es\/wp-content\/uploads\/sites\/17\/2017\/01\/gigi.jpg 432w, https:\/\/static-blogs.diariosur.es\/wp-content\/uploads\/sites\/17\/2017\/01\/gigi-245x300.jpg 245w\" sizes=\"(max-width: 432px) 100vw, 432px\" \/><\/a><p id=\"caption-attachment-5338\" class=\"wp-caption-text\">Parches, bombers y partes de arriba de estilo universitario son el sello de esta l\u00ednea<\/p><\/div>\n<p>&nbsp;<\/p>\n<div id=\"attachment_5345\" style=\"width: 440px\" class=\"wp-caption aligncenter\"><a href=\"\/gracias-a-dior\/wp-content\/uploads\/sites\/17\/2017\/01\/gigi8.jpg\"><img aria-describedby=\"caption-attachment-5345\" loading=\"lazy\" class=\"size-full wp-image-5345\" title=\"Los jeans se llevan s\u00faper estrechos\" src=\"\/gracias-a-dior\/wp-content\/uploads\/sites\/17\/2017\/01\/gigi8.jpg\" alt=\"Los jeans se llevan s\u00faper estrechos\" width=\"430\" height=\"526\" srcset=\"https:\/\/static-blogs.diariosur.es\/wp-content\/uploads\/sites\/17\/2017\/01\/gigi8.jpg 430w, https:\/\/static-blogs.diariosur.es\/wp-content\/uploads\/sites\/17\/2017\/01\/gigi8-245x300.jpg 245w\" sizes=\"(max-width: 430px) 100vw, 430px\" \/><\/a><p id=\"caption-attachment-5345\" class=\"wp-caption-text\">Los jeans se llevan s\u00faper estrechos<\/p><\/div>\n<p>&nbsp;<\/p>\n<div id=\"attachment_5342\" style=\"width: 439px\" class=\"wp-caption aligncenter\"><a href=\"\/gracias-a-dior\/wp-content\/uploads\/sites\/17\/2017\/01\/gigi5.jpg\"><img aria-describedby=\"caption-attachment-5342\" loading=\"lazy\" class=\"size-full wp-image-5342\" title=\"El trench llega esta primavera en su versi\u00f3n vaquera\" src=\"\/gracias-a-dior\/wp-content\/uploads\/sites\/17\/2017\/01\/gigi5.jpg\" alt=\"El trench llega esta primavera en su versi\u00f3n vaquera\" width=\"429\" height=\"531\" srcset=\"https:\/\/static-blogs.diariosur.es\/wp-content\/uploads\/sites\/17\/2017\/01\/gigi5.jpg 429w, https:\/\/static-blogs.diariosur.es\/wp-content\/uploads\/sites\/17\/2017\/01\/gigi5-242x300.jpg 242w\" sizes=\"(max-width: 429px) 100vw, 429px\" \/><\/a><p id=\"caption-attachment-5342\" class=\"wp-caption-text\">El trench llega esta primavera en su versi\u00f3n vaquera<\/p><\/div>\n<p>&nbsp;<\/p>\n<div id=\"attachment_5343\" style=\"width: 444px\" class=\"wp-caption aligncenter\"><a href=\"\/gracias-a-dior\/wp-content\/uploads\/sites\/17\/2017\/01\/gigi6.jpg\"><img aria-describedby=\"caption-attachment-5343\" loading=\"lazy\" class=\"size-full wp-image-5343\" title=\"El mono vuelve a ser una temporada m\u00e1s, una pieza infalible\" src=\"\/gracias-a-dior\/wp-content\/uploads\/sites\/17\/2017\/01\/gigi6.jpg\" alt=\"El mono vuelve a ser una temporada m\u00e1s, una pieza infalible\" width=\"434\" height=\"529\" srcset=\"https:\/\/static-blogs.diariosur.es\/wp-content\/uploads\/sites\/17\/2017\/01\/gigi6.jpg 434w, https:\/\/static-blogs.diariosur.es\/wp-content\/uploads\/sites\/17\/2017\/01\/gigi6-246x300.jpg 246w\" sizes=\"(max-width: 434px) 100vw, 434px\" \/><\/a><p id=\"caption-attachment-5343\" class=\"wp-caption-text\">El mono vuelve a ser una temporada m\u00e1s, una pieza infalible<\/p><\/div>\n<p>&nbsp;<\/p>\n<div id=\"attachment_5341\" style=\"width: 438px\" class=\"wp-caption aligncenter\"><a href=\"\/gracias-a-dior\/wp-content\/uploads\/sites\/17\/2017\/01\/gigi4.jpg\"><img aria-describedby=\"caption-attachment-5341\" loading=\"lazy\" class=\"size-full wp-image-5341\" title=\"Los polos de estilo m\u00e1s cl\u00e1sico se combinan con mochilas y pa\u00f1uelos que aportan aires rockeros\" src=\"\/gracias-a-dior\/wp-content\/uploads\/sites\/17\/2017\/01\/gigi4.jpg\" alt=\"\" width=\"428\" height=\"532\" srcset=\"https:\/\/static-blogs.diariosur.es\/wp-content\/uploads\/sites\/17\/2017\/01\/gigi4.jpg 428w, https:\/\/static-blogs.diariosur.es\/wp-content\/uploads\/sites\/17\/2017\/01\/gigi4-241x300.jpg 241w\" sizes=\"(max-width: 428px) 100vw, 428px\" \/><\/a><p id=\"caption-attachment-5341\" class=\"wp-caption-text\">Los polos de estilo m\u00e1s cl\u00e1sico se combinan con mochilas y pa\u00f1uelos que aportan aires rockeros<\/p><\/div>\n<p>&nbsp;<\/p>\n<div id=\"attachment_5346\" style=\"width: 443px\" class=\"wp-caption aligncenter\"><a href=\"\/gracias-a-dior\/wp-content\/uploads\/sites\/17\/2017\/01\/gigi9.jpg\"><img aria-describedby=\"caption-attachment-5346\" loading=\"lazy\" class=\"size-full wp-image-5346\" title=\"Las sudaderas no pueden faltar en una l\u00ednea sport\" src=\"\/gracias-a-dior\/wp-content\/uploads\/sites\/17\/2017\/01\/gigi9.jpg\" alt=\"Las sudaderas no pueden faltar en una l\u00ednea sport\" width=\"433\" height=\"530\" srcset=\"https:\/\/static-blogs.diariosur.es\/wp-content\/uploads\/sites\/17\/2017\/01\/gigi9.jpg 433w, https:\/\/static-blogs.diariosur.es\/wp-content\/uploads\/sites\/17\/2017\/01\/gigi9-245x300.jpg 245w\" sizes=\"(max-width: 433px) 100vw, 433px\" \/><\/a><p id=\"caption-attachment-5346\" class=\"wp-caption-text\">Las sudaderas no pueden faltar en una l\u00ednea sport<\/p><\/div>\n<p>&nbsp;<\/p>\n<div id=\"attachment_5344\" style=\"width: 435px\" class=\"wp-caption aligncenter\"><a href=\"\/gracias-a-dior\/wp-content\/uploads\/sites\/17\/2017\/01\/gigi7.jpg\"><img aria-describedby=\"caption-attachment-5344\" loading=\"lazy\" class=\"size-full wp-image-5344\" title=\"Los vestidos largos tambi\u00e9n tienen su hueco para los momentos en los que prevalezca la elegancia\" src=\"\/gracias-a-dior\/wp-content\/uploads\/sites\/17\/2017\/01\/gigi7.jpg\" alt=\"\" width=\"425\" height=\"536\" srcset=\"https:\/\/static-blogs.diariosur.es\/wp-content\/uploads\/sites\/17\/2017\/01\/gigi7.jpg 425w, https:\/\/static-blogs.diariosur.es\/wp-content\/uploads\/sites\/17\/2017\/01\/gigi7-238x300.jpg 238w\" sizes=\"(max-width: 425px) 100vw, 425px\" \/><\/a><p id=\"caption-attachment-5344\" class=\"wp-caption-text\">Los vestidos largos tambi\u00e9n tienen su hueco para los momentos en los que prevalezca la elegancia<\/p><\/div>\n<p>&nbsp;<\/p>\n<div id=\"attachment_5340\" style=\"width: 439px\" class=\"wp-caption aligncenter\"><a href=\"\/gracias-a-dior\/wp-content\/uploads\/sites\/17\/2017\/01\/gigi3.jpg\"><img aria-describedby=\"caption-attachment-5340\" loading=\"lazy\" class=\"size-full wp-image-5340\" title=\"El juego geom\u00e9trico llega a su culmen con este conjunto de dos piezas\" src=\"\/gracias-a-dior\/wp-content\/uploads\/sites\/17\/2017\/01\/gigi3.jpg\" alt=\"El juego geom\u00e9trico llega a su culmen con este conjunto de dos piezas\" width=\"429\" height=\"522\" srcset=\"https:\/\/static-blogs.diariosur.es\/wp-content\/uploads\/sites\/17\/2017\/01\/gigi3.jpg 429w, https:\/\/static-blogs.diariosur.es\/wp-content\/uploads\/sites\/17\/2017\/01\/gigi3-247x300.jpg 247w\" sizes=\"(max-width: 429px) 100vw, 429px\" \/><\/a><p id=\"caption-attachment-5340\" class=\"wp-caption-text\">El juego geom\u00e9trico llega a su culmen con este conjunto de dos piezas<\/p><\/div>\n","protected":false},"excerpt":{"rendered":"<p>La top del momento, Gigi Hadid, vuelve a hacer sus pinitos como dise\u00f1adora de la mano del hombre que confi\u00f3 en ella para su primera vez: Tommy Hilfiger. La modelo que debut\u00f3 con bastante \u00e9xito este invierno quiere volver a repetirlo e, incluso, superarlo, sobre todo, teniendo en cuenta la buena cr\u00edtica que obtuvo hace [&hellip;]<\/p>\n","protected":false},"author":20,"featured_media":0,"comment_status":"open","ping_status":"open","sticky":false,"template":"","format":"standard","meta":[],"categories":[3],"tags":[38,748,1432,2573,2807,3068],"_links":{"self":[{"href":"https:\/\/blogs.diariosur.es\/gracias-a-dior\/wp-json\/wp\/v2\/posts\/5337"}],"collection":[{"href":"https:\/\/blogs.diariosur.es\/gracias-a-dior\/wp-json\/wp\/v2\/posts"}],"about":[{"href":"https:\/\/blogs.diariosur.es\/gracias-a-dior\/wp-json\/wp\/v2\/types\/post"}],"author":[{"embeddable":true,"href":"https:\/\/blogs.diariosur.es\/gracias-a-dior\/wp-json\/wp\/v2\/users\/20"}],"replies":[{"embeddable":true,"href":"https:\/\/blogs.diariosur.es\/gracias-a-dior\/wp-json\/wp\/v2\/comments?post=5337"}],"version-history":[{"count":0,"href":"https:\/\/blogs.diariosur.es\/gracias-a-dior\/wp-json\/wp\/v2\/posts\/5337\/revisions"}],"wp:attachment":[{"href":"https:\/\/blogs.diariosur.es\/gracias-a-dior\/wp-json\/wp\/v2\/media?parent=5337"}],"wp:term":[{"taxonomy":"category","embeddable":true,"href":"https:\/\/blogs.diariosur.es\/gracias-a-dior\/wp-json\/wp\/v2\/categories?post=5337"},{"taxonomy":"post_tag","embeddable":true,"href":"https:\/\/blogs.diariosur.es\/gracias-a-dior\/wp-json\/wp\/v2\/tags?post=5337"}],"curies":[{"name":"wp","href":"https:\/\/api.w.org\/{rel}","templated":true}]}}