{"id":5350,"date":"2017-01-28T00:00:30","date_gmt":"2017-01-27T23:00:30","guid":{"rendered":"http:\/\/blogs.diariosur.es\/gracias-a-dior\/?p=5350"},"modified":"2017-01-28T00:00:30","modified_gmt":"2017-01-27T23:00:30","slug":"cuatro-tendencias-con-las-que-podras-dar-por-inaugurada-la-primavera","status":"publish","type":"post","link":"https:\/\/blogs.diariosur.es\/gracias-a-dior\/2017\/01\/28\/cuatro-tendencias-con-las-que-podras-dar-por-inaugurada-la-primavera\/","title":{"rendered":"Cuatro tendencias con las que podr\u00e1s dar por inaugurada la primavera"},"content":{"rendered":"<p>Aunque todav\u00eda es \u00e9poca de rebajas y el fr\u00edo ha invadido estas \u00faltimas semanas Espa\u00f1a entera, ya es hora de ir abriendo boca con las tendencias que se llevar\u00e1n la pr\u00f3xima temporada. Y es que aunque los term\u00f3metros registren valores totalmente invernales, para las m\u00e1s fashionistas ya es hora de ir pensando en el buen tiempo y en lo que se llevar\u00e1 en breve. De hecho, ya muchas de esas tiendas low cost conocidas de sobras por todos ya han presentado avances de sus nuevas colecciones que comparten espacio con las prendas de saldo.<\/p>\n<p>Pues bien, tras realizar un repaso a estas primeras pinceladas de lo que ser\u00e1 la pr\u00f3xima primavera-verano 2017 se ha conseguido hacer un esquema mental de lo que ser\u00e1n aut\u00e9nticos &#8216;must&#8217; de temporada y que veremos tanto en las calles como a trav\u00e9s de las redes sociales. Instagram ser\u00e1 una plataforma magn\u00edfica para apreciar o ratificar las piezas que reinar\u00e1n pr\u00f3ximamente.<\/p>\n<p><strong>1.- Jerseys con lazo.<\/strong> Llega la primavera y los su\u00e9ters se vuelven m\u00e1s finos y m\u00e1s llevaderos. No s\u00f3lo los colores toman tonalidades m\u00e1s delicadas, sino que los su\u00e9ters se llenan de lazos que lograr\u00e1n dar un aire rom\u00e1ntico a los looks, adem\u00e1s de darle un punto original a esta prenda.<\/p>\n<p>&nbsp;<\/p>\n<div id=\"attachment_5351\" style=\"width: 710px\" class=\"wp-caption aligncenter\"><a href=\"\/gracias-a-dior\/wp-content\/uploads\/sites\/17\/2017\/01\/jersey-zara.jpg\"><img aria-describedby=\"caption-attachment-5351\" loading=\"lazy\" class=\"size-full wp-image-5351\" title=\"Jersey con detalle de cintas de Zara\" src=\"\/gracias-a-dior\/wp-content\/uploads\/sites\/17\/2017\/01\/jersey-zara.jpg\" alt=\"Jersey con detalle de cintas de Zara\" width=\"700\" height=\"548\" srcset=\"https:\/\/static-blogs.diariosur.es\/wp-content\/uploads\/sites\/17\/2017\/01\/jersey-zara.jpg 700w, https:\/\/static-blogs.diariosur.es\/wp-content\/uploads\/sites\/17\/2017\/01\/jersey-zara-300x235.jpg 300w\" sizes=\"(max-width: 700px) 100vw, 700px\" \/><\/a><p id=\"caption-attachment-5351\" class=\"wp-caption-text\">Jersey con detalle de cintas de Zara<\/p><\/div>\n<p>&nbsp;<\/p>\n<div id=\"attachment_5357\" style=\"width: 710px\" class=\"wp-caption aligncenter\"><a href=\"\/gracias-a-dior\/wp-content\/uploads\/sites\/17\/2017\/01\/lazo-stradivarius.jpg\"><img aria-describedby=\"caption-attachment-5357\" loading=\"lazy\" class=\"size-full wp-image-5357\" title=\"Sudadera con lazos en las mangas de Stradivarius\" src=\"\/gracias-a-dior\/wp-content\/uploads\/sites\/17\/2017\/01\/lazo-stradivarius.jpg\" alt=\"Sudadera con lazos en las mangas de Stradivarius\" width=\"700\" height=\"629\" srcset=\"https:\/\/static-blogs.diariosur.es\/wp-content\/uploads\/sites\/17\/2017\/01\/lazo-stradivarius.jpg 700w, https:\/\/static-blogs.diariosur.es\/wp-content\/uploads\/sites\/17\/2017\/01\/lazo-stradivarius-300x270.jpg 300w\" sizes=\"(max-width: 700px) 100vw, 700px\" \/><\/a><p id=\"caption-attachment-5357\" class=\"wp-caption-text\">Sudadera con lazos en las mangas de Stradivarius<\/p><\/div>\n<p>&nbsp;<\/p>\n<p><strong>2.- Sneakers con pompones.<\/strong> Las deportivas seguir\u00e1n una temporada m\u00e1s d\u00e1ndolo todo. Sin embargo, junto a las cl\u00e1sicas y deseadas Adidas Gazelle, Nike Cortez o Vans, aparecen tenis que ponen su personalidad en la parte del empeine gracias a dos pompones. \u00bfOs acord\u00e1is de la lata que dieron el verano pasado? Pues est\u00e1n de vuelta.<\/p>\n<div id=\"attachment_5353\" style=\"width: 710px\" class=\"wp-caption aligncenter\"><a href=\"\/gracias-a-dior\/wp-content\/uploads\/sites\/17\/2017\/01\/stradivarius.jpg\"><img aria-describedby=\"caption-attachment-5353\" loading=\"lazy\" class=\"size-full wp-image-5353\" title=\"Modelo de Stradivarius\" src=\"\/gracias-a-dior\/wp-content\/uploads\/sites\/17\/2017\/01\/stradivarius.jpg\" alt=\"Modelo de Stradivarius\" width=\"700\" height=\"899\" srcset=\"https:\/\/static-blogs.diariosur.es\/wp-content\/uploads\/sites\/17\/2017\/01\/stradivarius.jpg 700w, https:\/\/static-blogs.diariosur.es\/wp-content\/uploads\/sites\/17\/2017\/01\/stradivarius-234x300.jpg 234w\" sizes=\"(max-width: 700px) 100vw, 700px\" \/><\/a><p id=\"caption-attachment-5353\" class=\"wp-caption-text\">Modelo de Stradivarius<\/p><\/div>\n<p>&nbsp;<\/p>\n<div id=\"attachment_5352\" style=\"width: 710px\" class=\"wp-caption aligncenter\"><a href=\"\/gracias-a-dior\/wp-content\/uploads\/sites\/17\/2017\/01\/pompon-zara.jpg\"><img aria-describedby=\"caption-attachment-5352\" loading=\"lazy\" class=\"size-full wp-image-5352\" title=\"Deportivas de piel de Zara\" src=\"\/gracias-a-dior\/wp-content\/uploads\/sites\/17\/2017\/01\/pompon-zara.jpg\" alt=\"Deportivas de piel de Zara\" width=\"700\" height=\"382\" srcset=\"https:\/\/static-blogs.diariosur.es\/wp-content\/uploads\/sites\/17\/2017\/01\/pompon-zara.jpg 700w, https:\/\/static-blogs.diariosur.es\/wp-content\/uploads\/sites\/17\/2017\/01\/pompon-zara-300x164.jpg 300w\" sizes=\"(max-width: 700px) 100vw, 700px\" \/><\/a><p id=\"caption-attachment-5352\" class=\"wp-caption-text\">Deportivas de piel de Zara<\/p><\/div>\n<p>&nbsp;<\/p>\n<p><strong>3. El rosa.<\/strong> Ser\u00e1 el color de la primavera y vendr\u00e1 a ratificar los estilismos rom\u00e1nticos que se pretenden conseguir con los jerseys de lazo. Y es que esta primavera 2017 pretende ser muy femenina. As\u00ed, el rosa pastel colorear\u00e1 todo, desde pantalones, faldas, vestidos, bombers, partes de arriba e, incluso, deportivas (las Adidas Gazelle en rosa son toda una quimera).<\/p>\n<div id=\"attachment_5354\" style=\"width: 710px\" class=\"wp-caption aligncenter\"><a href=\"\/gracias-a-dior\/wp-content\/uploads\/sites\/17\/2017\/01\/bomber.jpg\"><img aria-describedby=\"caption-attachment-5354\" loading=\"lazy\" class=\"size-full wp-image-5354\" title=\"Bomber rosa de Mango \" src=\"\/gracias-a-dior\/wp-content\/uploads\/sites\/17\/2017\/01\/bomber.jpg\" alt=\"Bomber rosa de Mango \" width=\"700\" height=\"979\" srcset=\"https:\/\/static-blogs.diariosur.es\/wp-content\/uploads\/sites\/17\/2017\/01\/bomber.jpg 700w, https:\/\/static-blogs.diariosur.es\/wp-content\/uploads\/sites\/17\/2017\/01\/bomber-215x300.jpg 215w\" sizes=\"(max-width: 700px) 100vw, 700px\" \/><\/a><p id=\"caption-attachment-5354\" class=\"wp-caption-text\">Bomber rosa de Mango<\/p><\/div>\n<p>&nbsp;<\/p>\n<div id=\"attachment_5355\" style=\"width: 710px\" class=\"wp-caption aligncenter\"><a href=\"\/gracias-a-dior\/wp-content\/uploads\/sites\/17\/2017\/01\/abrigo.jpg\"><img aria-describedby=\"caption-attachment-5355\" loading=\"lazy\" class=\"size-full wp-image-5355\" title=\"Abrigo de Bershka\" src=\"\/gracias-a-dior\/wp-content\/uploads\/sites\/17\/2017\/01\/abrigo.jpg\" alt=\"Abrigo de Bershka\" width=\"700\" height=\"898\" srcset=\"https:\/\/static-blogs.diariosur.es\/wp-content\/uploads\/sites\/17\/2017\/01\/abrigo.jpg 700w, https:\/\/static-blogs.diariosur.es\/wp-content\/uploads\/sites\/17\/2017\/01\/abrigo-234x300.jpg 234w\" sizes=\"(max-width: 700px) 100vw, 700px\" \/><\/a><p id=\"caption-attachment-5355\" class=\"wp-caption-text\">Abrigo de Bershka<\/p><\/div>\n<p>&nbsp;<\/p>\n<p><strong>4.- Mangas campana y abullonadas<\/strong>. Las partes de arriba quieren innovar en esta temporada y, por ello, se reinventar\u00e1n hasta niveles insospechables para captar la atenci\u00f3n de todas las miradas.<\/p>\n<div id=\"attachment_5358\" style=\"width: 1034px\" class=\"wp-caption aligncenter\"><a href=\"\/gracias-a-dior\/wp-content\/uploads\/sites\/17\/2017\/01\/manga-campana.jpg\"><img aria-describedby=\"caption-attachment-5358\" loading=\"lazy\" class=\"size-full wp-image-5358\" title=\"Jersey con manga campana de Zara\" src=\"\/gracias-a-dior\/wp-content\/uploads\/sites\/17\/2017\/01\/manga-campana.jpg\" alt=\"Jersey con manga campana de Zara\" width=\"1024\" height=\"1269\" srcset=\"https:\/\/static-blogs.diariosur.es\/wp-content\/uploads\/sites\/17\/2017\/01\/manga-campana.jpg 1024w, https:\/\/static-blogs.diariosur.es\/wp-content\/uploads\/sites\/17\/2017\/01\/manga-campana-242x300.jpg 242w, https:\/\/static-blogs.diariosur.es\/wp-content\/uploads\/sites\/17\/2017\/01\/manga-campana-768x952.jpg 768w, https:\/\/static-blogs.diariosur.es\/wp-content\/uploads\/sites\/17\/2017\/01\/manga-campana-826x1024.jpg 826w\" sizes=\"(max-width: 1024px) 100vw, 1024px\" \/><\/a><p id=\"caption-attachment-5358\" class=\"wp-caption-text\">Jersey con manga campana de Zara<\/p><\/div>\n<p>&nbsp;<\/p>\n<div id=\"attachment_5356\" style=\"width: 1034px\" class=\"wp-caption aligncenter\"><a href=\"\/gracias-a-dior\/wp-content\/uploads\/sites\/17\/2017\/01\/jersey-volantes.jpg\"><img aria-describedby=\"caption-attachment-5356\" loading=\"lazy\" class=\"size-full wp-image-5356\" title=\"Jersey con manga de volantes de Zara\" src=\"\/gracias-a-dior\/wp-content\/uploads\/sites\/17\/2017\/01\/jersey-volantes.jpg\" alt=\"Jersey con manga de volantes de Zara\" width=\"1024\" height=\"1269\" srcset=\"https:\/\/static-blogs.diariosur.es\/wp-content\/uploads\/sites\/17\/2017\/01\/jersey-volantes.jpg 1024w, https:\/\/static-blogs.diariosur.es\/wp-content\/uploads\/sites\/17\/2017\/01\/jersey-volantes-242x300.jpg 242w, https:\/\/static-blogs.diariosur.es\/wp-content\/uploads\/sites\/17\/2017\/01\/jersey-volantes-768x952.jpg 768w, https:\/\/static-blogs.diariosur.es\/wp-content\/uploads\/sites\/17\/2017\/01\/jersey-volantes-826x1024.jpg 826w\" sizes=\"(max-width: 1024px) 100vw, 1024px\" \/><\/a><p id=\"caption-attachment-5356\" class=\"wp-caption-text\">Jersey con manga de volantes de Zara<\/p><\/div>\n<div id=\"attachment_5360\" style=\"width: 710px\" class=\"wp-caption aligncenter\"><a href=\"\/gracias-a-dior\/wp-content\/uploads\/sites\/17\/2017\/01\/dulceida.jpg\"><img aria-describedby=\"caption-attachment-5360\" loading=\"lazy\" class=\"size-full wp-image-5360 \" title=\"Dulceida luce mangas abullonadas\" src=\"\/gracias-a-dior\/wp-content\/uploads\/sites\/17\/2017\/01\/dulceida.jpg\" alt=\"Dulceida luce mangas abullonadas\" width=\"700\" height=\"738\" srcset=\"https:\/\/static-blogs.diariosur.es\/wp-content\/uploads\/sites\/17\/2017\/01\/dulceida.jpg 700w, https:\/\/static-blogs.diariosur.es\/wp-content\/uploads\/sites\/17\/2017\/01\/dulceida-285x300.jpg 285w\" sizes=\"(max-width: 700px) 100vw, 700px\" \/><\/a><p id=\"caption-attachment-5360\" class=\"wp-caption-text\">Dulceida luce mangas abullonadas<\/p><\/div>\n<p>&nbsp;<\/p>\n","protected":false},"excerpt":{"rendered":"<p>Aunque todav\u00eda es \u00e9poca de rebajas y el fr\u00edo ha invadido estas \u00faltimas semanas Espa\u00f1a entera, ya es hora de ir abriendo boca con las tendencias que se llevar\u00e1n la pr\u00f3xima temporada. Y es que aunque los term\u00f3metros registren valores totalmente invernales, para las m\u00e1s fashionistas ya es hora de ir pensando en el buen [&hellip;]<\/p>\n","protected":false},"author":20,"featured_media":0,"comment_status":"open","ping_status":"open","sticky":false,"template":"","format":"standard","meta":[],"categories":[3],"tags":[440,984,1664,1806,2533,2736,3026],"_links":{"self":[{"href":"https:\/\/blogs.diariosur.es\/gracias-a-dior\/wp-json\/wp\/v2\/posts\/5350"}],"collection":[{"href":"https:\/\/blogs.diariosur.es\/gracias-a-dior\/wp-json\/wp\/v2\/posts"}],"about":[{"href":"https:\/\/blogs.diariosur.es\/gracias-a-dior\/wp-json\/wp\/v2\/types\/post"}],"author":[{"embeddable":true,"href":"https:\/\/blogs.diariosur.es\/gracias-a-dior\/wp-json\/wp\/v2\/users\/20"}],"replies":[{"embeddable":true,"href":"https:\/\/blogs.diariosur.es\/gracias-a-dior\/wp-json\/wp\/v2\/comments?post=5350"}],"version-history":[{"count":0,"href":"https:\/\/blogs.diariosur.es\/gracias-a-dior\/wp-json\/wp\/v2\/posts\/5350\/revisions"}],"wp:attachment":[{"href":"https:\/\/blogs.diariosur.es\/gracias-a-dior\/wp-json\/wp\/v2\/media?parent=5350"}],"wp:term":[{"taxonomy":"category","embeddable":true,"href":"https:\/\/blogs.diariosur.es\/gracias-a-dior\/wp-json\/wp\/v2\/categories?post=5350"},{"taxonomy":"post_tag","embeddable":true,"href":"https:\/\/blogs.diariosur.es\/gracias-a-dior\/wp-json\/wp\/v2\/tags?post=5350"}],"curies":[{"name":"wp","href":"https:\/\/api.w.org\/{rel}","templated":true}]}}